{"id":9852,"date":"2022-06-15T10:01:44","date_gmt":"2022-06-15T10:01:44","guid":{"rendered":"https:\/\/www.fundaciocatalunyacultura.cat\/?p=9852"},"modified":"2022-06-15T10:01:44","modified_gmt":"2022-06-15T10:01:44","slug":"leconomic-de-el-punt-avui-publica-una-entrevista-a-la-directora-de-nuestra-fundacion-maite-esteve","status":"publish","type":"post","link":"https:\/\/fundaciocatalunyacultura.cat\/es\/leconomic-de-el-punt-avui-publica-una-entrevista-a-la-directora-de-nuestra-fundacion-maite-esteve\/","title":{"rendered":"L&#8217;Econ\u00f2mic de El Punt Avui publica una entrevista a la directora de nuestra Fundaci\u00f3n, Maite Esteve"},"content":{"rendered":"<p><strong>Maite Esteve: \u201cEl inter\u00e9s por la inversi\u00f3n sostenible crece, y la cultura es un gran aliado\u201d<\/strong><\/p>\n<p><strong>L&#8217;Econ\u00f2mic del Punt Avui<\/strong> ha publicado el domingo, 12 de junio, en su edici\u00f3n digital e impresa, una extensa entrevista a nuestra directora, <strong>Maite Estev<\/strong>e, en que profundiza sobre la labor de la Fundaci\u00f3n para actuar como puente entre el mundo empresarial y el cultural. La entrevista se centra, entre otros aspectos, en los inicios y la trayectoria de la entidad, sus principales l\u00edneas de actuaci\u00f3n, la relaci\u00f3n actual entre el sector de la empresa y la cultura, el poder transformador de la cultura en la sociedad, la demanda de una reforma urgente de la Ley de Mecenazgo, y en actuaciones concretas que impulsamos desde la Fundaci\u00f3n, como el Sello de Empresa Comprometida con la Cultura; una distinci\u00f3n que da la posibilidad a las empresas de formar parte de una iniciativa de fomento de la RSC (Responsabilidad Social Corporativa) a favor del ecosistema cultural.<\/p>\n<p>&nbsp;<\/p>\n<hr \/>\n<p><strong>Estas son algunas de las reflexiones m\u00e1s destacadas de la entrevista:<\/strong><\/p>\n<p>\u201cHace falta un tri\u00e1ngulo entre sector p\u00fablico, tejido empresarial y proyecto cultural para que las cosas vuelvan a funcionar\u201d.<\/p>\n<p>\u201cAhora las empresas nos necesitan para hacer acciones de impacto en su entorno\u201d.<\/p>\n<p>\u201cEl talento cultural se marcha porque aqu\u00ed todo cuesta mucho\u201d.<\/p>\n<p>\u201cLa cultura siempre ha ido por delante de la sociedad, no tiene verg\u00fcenza ni miedos. Y este car\u00e1cter transgresor es el que hace avanzar la sociedad\u201d.<\/p>\n<p>\u201cDesde el 2016 hemos impulsado una plataforma por el mecenazgo, y el objetivo es poner la legislaci\u00f3n espa\u00f1ola a los niveles europeos, hacer avanzar una ley que es absolutamente obsoleta\u201d.<\/p>\n<p>Puedes leer la entrevista completa de la edici\u00f3n digital, que firma Francesc Mu\u00f1oz\u00a0Dorado, en este enlace: bit.ly\/3qgg36s<\/p>\n","protected":false},"excerpt":{"rendered":"<p>Maite Esteve: \u201cEl inter\u00e9s por la inversi\u00f3n sostenible crece, y la cultura es un gran aliado\u201d L&#8217;Econ\u00f2mic del Punt Avui ha publicado el domingo, 12 de junio, en su edici\u00f3n digital e impresa, una extensa entrevista a nuestra directora, Maite Esteve, en que profundiza sobre la labor de la Fundaci\u00f3n para actuar como puente entre [&hellip;]<\/p>\n","protected":false},"author":1,"featured_media":0,"comment_status":"closed","ping_status":"closed","sticky":false,"template":"","format":"standard","meta":{"_acf_changed":false,"footnotes":""},"categories":[51],"class_list":["post-9852","post","type-post","status-publish","format-standard","hentry","category-entrevistas"],"acf":[],"yoast_head":"<!-- This site is optimized with the Yoast SEO plugin v25.1 - https:\/\/yoast.com\/wordpress\/plugins\/seo\/ -->\n<title>L&#039;Econ\u00f2mic de El Punt Avui publica una entrevista a la directora de nuestra Fundaci\u00f3n, Maite Esteve | Fundaci\u00f3 Catalunya Cultura<\/title>\n<meta name=\"robots\" content=\"index, follow, max-snippet:-1, max-image-preview:large, max-video-preview:-1\" \/>\n<link rel=\"canonical\" href=\"https:\/\/fundaciocatalunyacultura.cat\/es\/leconomic-de-el-punt-avui-publica-una-entrevista-a-la-directora-de-nuestra-fundacion-maite-esteve\/\" \/>\n<meta property=\"og:locale\" content=\"es_ES\" \/>\n<meta property=\"og:type\" content=\"article\" \/>\n<meta property=\"og:title\" content=\"L&#039;Econ\u00f2mic de El Punt Avui publica una entrevista a la directora de nuestra Fundaci\u00f3n, Maite Esteve | Fundaci\u00f3 Catalunya Cultura\" \/>\n<meta property=\"og:description\" content=\"Maite Esteve: \u201cEl inter\u00e9s por la inversi\u00f3n sostenible crece, y la cultura es un gran aliado\u201d L&#8217;Econ\u00f2mic del Punt Avui ha publicado el domingo, 12 de junio, en su edici\u00f3n digital e impresa, una extensa entrevista a nuestra directora, Maite Esteve, en que profundiza sobre la labor de la Fundaci\u00f3n para actuar como puente entre [&hellip;]\" \/>\n<meta property=\"og:url\" content=\"https:\/\/fundaciocatalunyacultura.cat\/es\/leconomic-de-el-punt-avui-publica-una-entrevista-a-la-directora-de-nuestra-fundacion-maite-esteve\/\" \/>\n<meta property=\"og:site_name\" content=\"Fundaci\u00f3 Catalunya Cultura\" \/>\n<meta property=\"article:publisher\" content=\"https:\/\/www.facebook.com\/fundaciocatalunyacultura\/\" \/>\n<meta property=\"article:published_time\" content=\"2022-06-15T10:01:44+00:00\" \/>\n<meta name=\"author\" content=\"fundacio\" \/>\n<meta name=\"twitter:card\" content=\"summary_large_image\" \/>\n<meta name=\"twitter:creator\" content=\"@fcatcultura\" \/>\n<meta name=\"twitter:site\" content=\"@fcatcultura\" \/>\n<meta name=\"twitter:label1\" content=\"Escrito por\" \/>\n\t<meta name=\"twitter:data1\" content=\"fundacio\" \/>\n\t<meta name=\"twitter:label2\" content=\"Tiempo de lectura\" \/>\n\t<meta name=\"twitter:data2\" content=\"2 minutos\" \/>\n<script type=\"application\/ld+json\" class=\"yoast-schema-graph\">{\"@context\":\"https:\/\/schema.org\",\"@graph\":[{\"@type\":\"Article\",\"@id\":\"https:\/\/fundaciocatalunyacultura.cat\/es\/leconomic-de-el-punt-avui-publica-una-entrevista-a-la-directora-de-nuestra-fundacion-maite-esteve\/#article\",\"isPartOf\":{\"@id\":\"https:\/\/fundaciocatalunyacultura.cat\/es\/leconomic-de-el-punt-avui-publica-una-entrevista-a-la-directora-de-nuestra-fundacion-maite-esteve\/\"},\"author\":{\"name\":\"fundacio\",\"@id\":\"https:\/\/www.fundaciocatalunyacultura.cat\/#\/schema\/person\/f30f60b8448aa2c1761a644f652a4744\"},\"headline\":\"L&#8217;Econ\u00f2mic de El Punt Avui publica una entrevista a la directora de nuestra Fundaci\u00f3n, Maite Esteve\",\"datePublished\":\"2022-06-15T10:01:44+00:00\",\"mainEntityOfPage\":{\"@id\":\"https:\/\/fundaciocatalunyacultura.cat\/es\/leconomic-de-el-punt-avui-publica-una-entrevista-a-la-directora-de-nuestra-fundacion-maite-esteve\/\"},\"wordCount\":326,\"publisher\":{\"@id\":\"https:\/\/www.fundaciocatalunyacultura.cat\/#organization\"},\"articleSection\":[\"Entrevistas\"],\"inLanguage\":\"es\"},{\"@type\":\"WebPage\",\"@id\":\"https:\/\/fundaciocatalunyacultura.cat\/es\/leconomic-de-el-punt-avui-publica-una-entrevista-a-la-directora-de-nuestra-fundacion-maite-esteve\/\",\"url\":\"https:\/\/fundaciocatalunyacultura.cat\/es\/leconomic-de-el-punt-avui-publica-una-entrevista-a-la-directora-de-nuestra-fundacion-maite-esteve\/\",\"name\":\"L'Econ\u00f2mic de El Punt Avui publica una entrevista a la directora de nuestra Fundaci\u00f3n, Maite Esteve | Fundaci\u00f3 Catalunya Cultura\",\"isPartOf\":{\"@id\":\"https:\/\/www.fundaciocatalunyacultura.cat\/#website\"},\"datePublished\":\"2022-06-15T10:01:44+00:00\",\"breadcrumb\":{\"@id\":\"https:\/\/fundaciocatalunyacultura.cat\/es\/leconomic-de-el-punt-avui-publica-una-entrevista-a-la-directora-de-nuestra-fundacion-maite-esteve\/#breadcrumb\"},\"inLanguage\":\"es\",\"potentialAction\":[{\"@type\":\"ReadAction\",\"target\":[\"https:\/\/fundaciocatalunyacultura.cat\/es\/leconomic-de-el-punt-avui-publica-una-entrevista-a-la-directora-de-nuestra-fundacion-maite-esteve\/\"]}]},{\"@type\":\"BreadcrumbList\",\"@id\":\"https:\/\/fundaciocatalunyacultura.cat\/es\/leconomic-de-el-punt-avui-publica-una-entrevista-a-la-directora-de-nuestra-fundacion-maite-esteve\/#breadcrumb\",\"itemListElement\":[{\"@type\":\"ListItem\",\"position\":1,\"name\":\"Inici\",\"item\":\"https:\/\/www.fundaciocatalunyacultura.cat\/es\/\"},{\"@type\":\"ListItem\",\"position\":2,\"name\":\"L&#8217;Econ\u00f2mic de El Punt Avui publica una entrevista a la directora de nuestra Fundaci\u00f3n, Maite Esteve\"}]},{\"@type\":\"WebSite\",\"@id\":\"https:\/\/www.fundaciocatalunyacultura.cat\/#website\",\"url\":\"https:\/\/www.fundaciocatalunyacultura.cat\/\",\"name\":\"Fundaci\u00f3 Catalunya Cultura\",\"description\":\"\",\"publisher\":{\"@id\":\"https:\/\/www.fundaciocatalunyacultura.cat\/#organization\"},\"potentialAction\":[{\"@type\":\"SearchAction\",\"target\":{\"@type\":\"EntryPoint\",\"urlTemplate\":\"https:\/\/www.fundaciocatalunyacultura.cat\/?s={search_term_string}\"},\"query-input\":{\"@type\":\"PropertyValueSpecification\",\"valueRequired\":true,\"valueName\":\"search_term_string\"}}],\"inLanguage\":\"es\"},{\"@type\":\"Organization\",\"@id\":\"https:\/\/www.fundaciocatalunyacultura.cat\/#organization\",\"name\":\"Fundaci\u00f3 Catalunya Cultura\",\"url\":\"https:\/\/www.fundaciocatalunyacultura.cat\/\",\"logo\":{\"@type\":\"ImageObject\",\"inLanguage\":\"es\",\"@id\":\"https:\/\/www.fundaciocatalunyacultura.cat\/#\/schema\/logo\/image\/\",\"url\":\"https:\/\/hundreds-wordpress-uploads.s3.amazonaws.com\/fundacio-catalunya-cultura\/uploads\/2021\/03\/fcc_logo_blanc-scaled.jpeg\",\"contentUrl\":\"https:\/\/hundreds-wordpress-uploads.s3.amazonaws.com\/fundacio-catalunya-cultura\/uploads\/2021\/03\/fcc_logo_blanc-scaled.jpeg\",\"width\":2560,\"height\":1785,\"caption\":\"Fundaci\u00f3 Catalunya Cultura\"},\"image\":{\"@id\":\"https:\/\/www.fundaciocatalunyacultura.cat\/#\/schema\/logo\/image\/\"},\"sameAs\":[\"https:\/\/www.facebook.com\/fundaciocatalunyacultura\/\",\"https:\/\/x.com\/fcatcultura\",\"https:\/\/www.linkedin.com\/company\/fundaci\u00f3-catalunya-cultura\/\",\"https:\/\/ca.wikipedia.org\/wiki\/Fundaci\u00f3_Catalunya_Cultura\"]},{\"@type\":\"Person\",\"@id\":\"https:\/\/www.fundaciocatalunyacultura.cat\/#\/schema\/person\/f30f60b8448aa2c1761a644f652a4744\",\"name\":\"fundacio\",\"image\":{\"@type\":\"ImageObject\",\"inLanguage\":\"es\",\"@id\":\"https:\/\/www.fundaciocatalunyacultura.cat\/#\/schema\/person\/image\/\",\"url\":\"https:\/\/secure.gravatar.com\/avatar\/fe57a3f139ea81c65a338e37a8064b4e80844f839737532820c9107eb9e1966f?s=96&d=mm&r=g\",\"contentUrl\":\"https:\/\/secure.gravatar.com\/avatar\/fe57a3f139ea81c65a338e37a8064b4e80844f839737532820c9107eb9e1966f?s=96&d=mm&r=g\",\"caption\":\"fundacio\"},\"url\":\"https:\/\/fundaciocatalunyacultura.cat\/es\/author\/fundacio\/\"}]}<\/script>\n<!-- \/ Yoast SEO plugin. -->","yoast_head_json":{"title":"L'Econ\u00f2mic de El Punt Avui publica una entrevista a la directora de nuestra Fundaci\u00f3n, Maite Esteve | Fundaci\u00f3 Catalunya Cultura","robots":{"index":"index","follow":"follow","max-snippet":"max-snippet:-1","max-image-preview":"max-image-preview:large","max-video-preview":"max-video-preview:-1"},"canonical":"https:\/\/fundaciocatalunyacultura.cat\/es\/leconomic-de-el-punt-avui-publica-una-entrevista-a-la-directora-de-nuestra-fundacion-maite-esteve\/","og_locale":"es_ES","og_type":"article","og_title":"L'Econ\u00f2mic de El Punt Avui publica una entrevista a la directora de nuestra Fundaci\u00f3n, Maite Esteve | Fundaci\u00f3 Catalunya Cultura","og_description":"Maite Esteve: \u201cEl inter\u00e9s por la inversi\u00f3n sostenible crece, y la cultura es un gran aliado\u201d L&#8217;Econ\u00f2mic del Punt Avui ha publicado el domingo, 12 de junio, en su edici\u00f3n digital e impresa, una extensa entrevista a nuestra directora, Maite Esteve, en que profundiza sobre la labor de la Fundaci\u00f3n para actuar como puente entre [&hellip;]","og_url":"https:\/\/fundaciocatalunyacultura.cat\/es\/leconomic-de-el-punt-avui-publica-una-entrevista-a-la-directora-de-nuestra-fundacion-maite-esteve\/","og_site_name":"Fundaci\u00f3 Catalunya Cultura","article_publisher":"https:\/\/www.facebook.com\/fundaciocatalunyacultura\/","article_published_time":"2022-06-15T10:01:44+00:00","author":"fundacio","twitter_card":"summary_large_image","twitter_creator":"@fcatcultura","twitter_site":"@fcatcultura","twitter_misc":{"Escrito por":"fundacio","Tiempo de lectura":"2 minutos"},"schema":{"@context":"https:\/\/schema.org","@graph":[{"@type":"Article","@id":"https:\/\/fundaciocatalunyacultura.cat\/es\/leconomic-de-el-punt-avui-publica-una-entrevista-a-la-directora-de-nuestra-fundacion-maite-esteve\/#article","isPartOf":{"@id":"https:\/\/fundaciocatalunyacultura.cat\/es\/leconomic-de-el-punt-avui-publica-una-entrevista-a-la-directora-de-nuestra-fundacion-maite-esteve\/"},"author":{"name":"fundacio","@id":"https:\/\/www.fundaciocatalunyacultura.cat\/#\/schema\/person\/f30f60b8448aa2c1761a644f652a4744"},"headline":"L&#8217;Econ\u00f2mic de El Punt Avui publica una entrevista a la directora de nuestra Fundaci\u00f3n, Maite Esteve","datePublished":"2022-06-15T10:01:44+00:00","mainEntityOfPage":{"@id":"https:\/\/fundaciocatalunyacultura.cat\/es\/leconomic-de-el-punt-avui-publica-una-entrevista-a-la-directora-de-nuestra-fundacion-maite-esteve\/"},"wordCount":326,"publisher":{"@id":"https:\/\/www.fundaciocatalunyacultura.cat\/#organization"},"articleSection":["Entrevistas"],"inLanguage":"es"},{"@type":"WebPage","@id":"https:\/\/fundaciocatalunyacultura.cat\/es\/leconomic-de-el-punt-avui-publica-una-entrevista-a-la-directora-de-nuestra-fundacion-maite-esteve\/","url":"https:\/\/fundaciocatalunyacultura.cat\/es\/leconomic-de-el-punt-avui-publica-una-entrevista-a-la-directora-de-nuestra-fundacion-maite-esteve\/","name":"L'Econ\u00f2mic de El Punt Avui publica una entrevista a la directora de nuestra Fundaci\u00f3n, Maite Esteve | Fundaci\u00f3 Catalunya Cultura","isPartOf":{"@id":"https:\/\/www.fundaciocatalunyacultura.cat\/#website"},"datePublished":"2022-06-15T10:01:44+00:00","breadcrumb":{"@id":"https:\/\/fundaciocatalunyacultura.cat\/es\/leconomic-de-el-punt-avui-publica-una-entrevista-a-la-directora-de-nuestra-fundacion-maite-esteve\/#breadcrumb"},"inLanguage":"es","potentialAction":[{"@type":"ReadAction","target":["https:\/\/fundaciocatalunyacultura.cat\/es\/leconomic-de-el-punt-avui-publica-una-entrevista-a-la-directora-de-nuestra-fundacion-maite-esteve\/"]}]},{"@type":"BreadcrumbList","@id":"https:\/\/fundaciocatalunyacultura.cat\/es\/leconomic-de-el-punt-avui-publica-una-entrevista-a-la-directora-de-nuestra-fundacion-maite-esteve\/#breadcrumb","itemListElement":[{"@type":"ListItem","position":1,"name":"Inici","item":"https:\/\/www.fundaciocatalunyacultura.cat\/es\/"},{"@type":"ListItem","position":2,"name":"L&#8217;Econ\u00f2mic de El Punt Avui publica una entrevista a la directora de nuestra Fundaci\u00f3n, Maite Esteve"}]},{"@type":"WebSite","@id":"https:\/\/www.fundaciocatalunyacultura.cat\/#website","url":"https:\/\/www.fundaciocatalunyacultura.cat\/","name":"Fundaci\u00f3 Catalunya Cultura","description":"","publisher":{"@id":"https:\/\/www.fundaciocatalunyacultura.cat\/#organization"},"potentialAction":[{"@type":"SearchAction","target":{"@type":"EntryPoint","urlTemplate":"https:\/\/www.fundaciocatalunyacultura.cat\/?s={search_term_string}"},"query-input":{"@type":"PropertyValueSpecification","valueRequired":true,"valueName":"search_term_string"}}],"inLanguage":"es"},{"@type":"Organization","@id":"https:\/\/www.fundaciocatalunyacultura.cat\/#organization","name":"Fundaci\u00f3 Catalunya Cultura","url":"https:\/\/www.fundaciocatalunyacultura.cat\/","logo":{"@type":"ImageObject","inLanguage":"es","@id":"https:\/\/www.fundaciocatalunyacultura.cat\/#\/schema\/logo\/image\/","url":"https:\/\/hundreds-wordpress-uploads.s3.amazonaws.com\/fundacio-catalunya-cultura\/uploads\/2021\/03\/fcc_logo_blanc-scaled.jpeg","contentUrl":"https:\/\/hundreds-wordpress-uploads.s3.amazonaws.com\/fundacio-catalunya-cultura\/uploads\/2021\/03\/fcc_logo_blanc-scaled.jpeg","width":2560,"height":1785,"caption":"Fundaci\u00f3 Catalunya Cultura"},"image":{"@id":"https:\/\/www.fundaciocatalunyacultura.cat\/#\/schema\/logo\/image\/"},"sameAs":["https:\/\/www.facebook.com\/fundaciocatalunyacultura\/","https:\/\/x.com\/fcatcultura","https:\/\/www.linkedin.com\/company\/fundaci\u00f3-catalunya-cultura\/","https:\/\/ca.wikipedia.org\/wiki\/Fundaci\u00f3_Catalunya_Cultura"]},{"@type":"Person","@id":"https:\/\/www.fundaciocatalunyacultura.cat\/#\/schema\/person\/f30f60b8448aa2c1761a644f652a4744","name":"fundacio","image":{"@type":"ImageObject","inLanguage":"es","@id":"https:\/\/www.fundaciocatalunyacultura.cat\/#\/schema\/person\/image\/","url":"https:\/\/secure.gravatar.com\/avatar\/fe57a3f139ea81c65a338e37a8064b4e80844f839737532820c9107eb9e1966f?s=96&d=mm&r=g","contentUrl":"https:\/\/secure.gravatar.com\/avatar\/fe57a3f139ea81c65a338e37a8064b4e80844f839737532820c9107eb9e1966f?s=96&d=mm&r=g","caption":"fundacio"},"url":"https:\/\/fundaciocatalunyacultura.cat\/es\/author\/fundacio\/"}]}},"_links":{"self":[{"href":"https:\/\/fundaciocatalunyacultura.cat\/es\/wp-json\/wp\/v2\/posts\/9852","targetHints":{"allow":["GET"]}}],"collection":[{"href":"https:\/\/fundaciocatalunyacultura.cat\/es\/wp-json\/wp\/v2\/posts"}],"about":[{"href":"https:\/\/fundaciocatalunyacultura.cat\/es\/wp-json\/wp\/v2\/types\/post"}],"author":[{"embeddable":true,"href":"https:\/\/fundaciocatalunyacultura.cat\/es\/wp-json\/wp\/v2\/users\/1"}],"replies":[{"embeddable":true,"href":"https:\/\/fundaciocatalunyacultura.cat\/es\/wp-json\/wp\/v2\/comments?post=9852"}],"version-history":[{"count":2,"href":"https:\/\/fundaciocatalunyacultura.cat\/es\/wp-json\/wp\/v2\/posts\/9852\/revisions"}],"predecessor-version":[{"id":9858,"href":"https:\/\/fundaciocatalunyacultura.cat\/es\/wp-json\/wp\/v2\/posts\/9852\/revisions\/9858"}],"wp:attachment":[{"href":"https:\/\/fundaciocatalunyacultura.cat\/es\/wp-json\/wp\/v2\/media?parent=9852"}],"wp:term":[{"taxonomy":"category","embeddable":true,"href":"https:\/\/fundaciocatalunyacultura.cat\/es\/wp-json\/wp\/v2\/categories?post=9852"}],"curies":[{"name":"wp","href":"https:\/\/api.w.org\/{rel}","templated":true}]}}