{"id":9707,"date":"2022-06-07T10:04:38","date_gmt":"2022-06-07T10:04:38","guid":{"rendered":"https:\/\/www.fundaciocatalunyacultura.cat\/?p=9707"},"modified":"2022-06-07T10:08:40","modified_gmt":"2022-06-07T10:08:40","slug":"noves-aliances-conveni-de-collaboracio-amb-la-federacio-dateneus-de-catalunya","status":"publish","type":"post","link":"https:\/\/fundaciocatalunyacultura.cat\/es\/noves-aliances-conveni-de-collaboracio-amb-la-federacio-dateneus-de-catalunya\/","title":{"rendered":"Nuevas alianzas: convenio de colaboraci\u00f3n con la Federaci\u00f3 d&#8217;Ateneus de Catalunya"},"content":{"rendered":"<p>La <a href=\"https:\/\/www.ateneus.cat\/\"><strong>Federaci\u00f3 d\u2019Ateneus de Catalunya (FAC)<\/strong><\/a> <strong>(FAC<\/strong>) se ha sumado a la red de entidades con quienes la Fundaci\u00f3 Catalunya Cultura trabaja conjuntamente para compartir acciones que promuevan el talento cultural y creativo de Catalu\u00f1a. En el acto de firma del convenio, que ha tenido lugar en la sede de la FAC, han participado el presidente de la entidad, <strong>Pep Morella<\/strong>, y la directora de nuestra Fundaci\u00f3n, <strong>Maite Esteve.<\/strong><\/p>\n<p>La FAC, creada el 1983, agrupa actualmente unas 180 asociaciones culturales de todo el territorio a las cuales ofrece asesoramiento y apoyo en \u00e1mbitos diversos. Una de las principales l\u00edneas de actuaci\u00f3n de la Federaci\u00f3n es la de impulsar el reconocimiento, el trabajo en red y el intercambio de experiencias de las entidades culturales de toda Catalu\u00f1a, y uno de sus valores, la <strong>difusi\u00f3n de la cultura catalana<\/strong> en todas sus formas y disciplinas. En este sentido, el convenio recoge las coincidencias en los objetivos de las dos instituciones y establece unas actuaciones estrat\u00e9gicas de colaboraci\u00f3n.<\/p>\n<p>Conviene destacar que la FAC fue declarada entidad de utilidad p\u00fablica el 2013, como reconocimiento a su tarea en pro del inter\u00e9s general, y que recibi\u00f3 la Cruz de San Jordi en 2014. Adem\u00e1s, fue galardonada con el premio Nacional de Cultura en 2019.<\/p>\n<p>Este acuerdo se suma a las <strong>20 alianza<\/strong>s que la Fundaci\u00f3n ha subscrito con otras instituciones y empresas con la voluntad de compartir iniciativas que consoliden el tejido cultural de Catalu\u00f1a.<\/p>\n<p>&nbsp;<\/p>\n","protected":false},"excerpt":{"rendered":"<p>La Federaci\u00f3 d\u2019Ateneus de Catalunya (FAC) (FAC) se ha sumado a la red de entidades con quienes la Fundaci\u00f3 Catalunya Cultura trabaja conjuntamente para compartir acciones que promuevan el talento cultural y creativo de Catalu\u00f1a. En el acto de firma del convenio, que ha tenido lugar en la sede de la FAC, han participado el [&hellip;]<\/p>\n","protected":false},"author":1,"featured_media":0,"comment_status":"closed","ping_status":"closed","sticky":false,"template":"","format":"standard","meta":{"_acf_changed":false,"footnotes":""},"categories":[44],"class_list":["post-9707","post","type-post","status-publish","format-standard","hentry","category-noticias"],"acf":[],"yoast_head":"<!-- This site is optimized with the Yoast SEO plugin v25.1 - https:\/\/yoast.com\/wordpress\/plugins\/seo\/ -->\n<title>Nuevas alianzas: convenio de colaboraci\u00f3n con la Federaci\u00f3 d&#039;Ateneus de Catalunya | Fundaci\u00f3 Catalunya Cultura<\/title>\n<meta name=\"robots\" content=\"index, follow, max-snippet:-1, max-image-preview:large, max-video-preview:-1\" \/>\n<link rel=\"canonical\" href=\"https:\/\/fundaciocatalunyacultura.cat\/es\/noves-aliances-conveni-de-collaboracio-amb-la-federacio-dateneus-de-catalunya\/\" \/>\n<meta property=\"og:locale\" content=\"es_ES\" \/>\n<meta property=\"og:type\" content=\"article\" \/>\n<meta property=\"og:title\" content=\"Nuevas alianzas: convenio de colaboraci\u00f3n con la Federaci\u00f3 d&#039;Ateneus de Catalunya | Fundaci\u00f3 Catalunya Cultura\" \/>\n<meta property=\"og:description\" content=\"La Federaci\u00f3 d\u2019Ateneus de Catalunya (FAC) (FAC) se ha sumado a la red de entidades con quienes la Fundaci\u00f3 Catalunya Cultura trabaja conjuntamente para compartir acciones que promuevan el talento cultural y creativo de Catalu\u00f1a. En el acto de firma del convenio, que ha tenido lugar en la sede de la FAC, han participado el [&hellip;]\" \/>\n<meta property=\"og:url\" content=\"https:\/\/fundaciocatalunyacultura.cat\/es\/noves-aliances-conveni-de-collaboracio-amb-la-federacio-dateneus-de-catalunya\/\" \/>\n<meta property=\"og:site_name\" content=\"Fundaci\u00f3 Catalunya Cultura\" \/>\n<meta property=\"article:publisher\" content=\"https:\/\/www.facebook.com\/fundaciocatalunyacultura\/\" \/>\n<meta property=\"article:published_time\" content=\"2022-06-07T10:04:38+00:00\" \/>\n<meta property=\"article:modified_time\" content=\"2022-06-07T10:08:40+00:00\" \/>\n<meta name=\"author\" content=\"fundacio\" \/>\n<meta name=\"twitter:card\" content=\"summary_large_image\" \/>\n<meta name=\"twitter:creator\" content=\"@fcatcultura\" \/>\n<meta name=\"twitter:site\" content=\"@fcatcultura\" \/>\n<meta name=\"twitter:label1\" content=\"Escrito por\" \/>\n\t<meta name=\"twitter:data1\" content=\"fundacio\" \/>\n\t<meta name=\"twitter:label2\" content=\"Tiempo de lectura\" \/>\n\t<meta name=\"twitter:data2\" content=\"2 minutos\" \/>\n<script type=\"application\/ld+json\" class=\"yoast-schema-graph\">{\"@context\":\"https:\/\/schema.org\",\"@graph\":[{\"@type\":\"Article\",\"@id\":\"https:\/\/fundaciocatalunyacultura.cat\/es\/noves-aliances-conveni-de-collaboracio-amb-la-federacio-dateneus-de-catalunya\/#article\",\"isPartOf\":{\"@id\":\"https:\/\/fundaciocatalunyacultura.cat\/es\/noves-aliances-conveni-de-collaboracio-amb-la-federacio-dateneus-de-catalunya\/\"},\"author\":{\"name\":\"fundacio\",\"@id\":\"https:\/\/fundaciocatalunyacultura.cat\/#\/schema\/person\/f30f60b8448aa2c1761a644f652a4744\"},\"headline\":\"Nuevas alianzas: convenio de colaboraci\u00f3n con la Federaci\u00f3 d&#8217;Ateneus de Catalunya\",\"datePublished\":\"2022-06-07T10:04:38+00:00\",\"dateModified\":\"2022-06-07T10:08:40+00:00\",\"mainEntityOfPage\":{\"@id\":\"https:\/\/fundaciocatalunyacultura.cat\/es\/noves-aliances-conveni-de-collaboracio-amb-la-federacio-dateneus-de-catalunya\/\"},\"wordCount\":262,\"publisher\":{\"@id\":\"https:\/\/fundaciocatalunyacultura.cat\/#organization\"},\"articleSection\":[\"Noticias\"],\"inLanguage\":\"es\"},{\"@type\":\"WebPage\",\"@id\":\"https:\/\/fundaciocatalunyacultura.cat\/es\/noves-aliances-conveni-de-collaboracio-amb-la-federacio-dateneus-de-catalunya\/\",\"url\":\"https:\/\/fundaciocatalunyacultura.cat\/es\/noves-aliances-conveni-de-collaboracio-amb-la-federacio-dateneus-de-catalunya\/\",\"name\":\"Nuevas alianzas: convenio de colaboraci\u00f3n con la Federaci\u00f3 d'Ateneus de Catalunya | Fundaci\u00f3 Catalunya Cultura\",\"isPartOf\":{\"@id\":\"https:\/\/fundaciocatalunyacultura.cat\/#website\"},\"datePublished\":\"2022-06-07T10:04:38+00:00\",\"dateModified\":\"2022-06-07T10:08:40+00:00\",\"breadcrumb\":{\"@id\":\"https:\/\/fundaciocatalunyacultura.cat\/es\/noves-aliances-conveni-de-collaboracio-amb-la-federacio-dateneus-de-catalunya\/#breadcrumb\"},\"inLanguage\":\"es\",\"potentialAction\":[{\"@type\":\"ReadAction\",\"target\":[\"https:\/\/fundaciocatalunyacultura.cat\/es\/noves-aliances-conveni-de-collaboracio-amb-la-federacio-dateneus-de-catalunya\/\"]}]},{\"@type\":\"BreadcrumbList\",\"@id\":\"https:\/\/fundaciocatalunyacultura.cat\/es\/noves-aliances-conveni-de-collaboracio-amb-la-federacio-dateneus-de-catalunya\/#breadcrumb\",\"itemListElement\":[{\"@type\":\"ListItem\",\"position\":1,\"name\":\"Inici\",\"item\":\"https:\/\/fundaciocatalunyacultura.cat\/es\/\"},{\"@type\":\"ListItem\",\"position\":2,\"name\":\"Nuevas alianzas: convenio de colaboraci\u00f3n con la Federaci\u00f3 d&#8217;Ateneus de Catalunya\"}]},{\"@type\":\"WebSite\",\"@id\":\"https:\/\/fundaciocatalunyacultura.cat\/#website\",\"url\":\"https:\/\/fundaciocatalunyacultura.cat\/\",\"name\":\"Fundaci\u00f3 Catalunya Cultura\",\"description\":\"\",\"publisher\":{\"@id\":\"https:\/\/fundaciocatalunyacultura.cat\/#organization\"},\"potentialAction\":[{\"@type\":\"SearchAction\",\"target\":{\"@type\":\"EntryPoint\",\"urlTemplate\":\"https:\/\/fundaciocatalunyacultura.cat\/?s={search_term_string}\"},\"query-input\":{\"@type\":\"PropertyValueSpecification\",\"valueRequired\":true,\"valueName\":\"search_term_string\"}}],\"inLanguage\":\"es\"},{\"@type\":\"Organization\",\"@id\":\"https:\/\/fundaciocatalunyacultura.cat\/#organization\",\"name\":\"Fundaci\u00f3 Catalunya Cultura\",\"url\":\"https:\/\/fundaciocatalunyacultura.cat\/\",\"logo\":{\"@type\":\"ImageObject\",\"inLanguage\":\"es\",\"@id\":\"https:\/\/fundaciocatalunyacultura.cat\/#\/schema\/logo\/image\/\",\"url\":\"https:\/\/hundreds-wordpress-uploads.s3.amazonaws.com\/fundacio-catalunya-cultura\/uploads\/2021\/03\/fcc_logo_blanc-scaled.jpeg\",\"contentUrl\":\"https:\/\/hundreds-wordpress-uploads.s3.amazonaws.com\/fundacio-catalunya-cultura\/uploads\/2021\/03\/fcc_logo_blanc-scaled.jpeg\",\"width\":2560,\"height\":1785,\"caption\":\"Fundaci\u00f3 Catalunya Cultura\"},\"image\":{\"@id\":\"https:\/\/fundaciocatalunyacultura.cat\/#\/schema\/logo\/image\/\"},\"sameAs\":[\"https:\/\/www.facebook.com\/fundaciocatalunyacultura\/\",\"https:\/\/x.com\/fcatcultura\",\"https:\/\/www.linkedin.com\/company\/fundaci\u00f3-catalunya-cultura\/\",\"https:\/\/ca.wikipedia.org\/wiki\/Fundaci\u00f3_Catalunya_Cultura\"]},{\"@type\":\"Person\",\"@id\":\"https:\/\/fundaciocatalunyacultura.cat\/#\/schema\/person\/f30f60b8448aa2c1761a644f652a4744\",\"name\":\"fundacio\",\"image\":{\"@type\":\"ImageObject\",\"inLanguage\":\"es\",\"@id\":\"https:\/\/fundaciocatalunyacultura.cat\/#\/schema\/person\/image\/\",\"url\":\"https:\/\/secure.gravatar.com\/avatar\/fe57a3f139ea81c65a338e37a8064b4e80844f839737532820c9107eb9e1966f?s=96&d=mm&r=g\",\"contentUrl\":\"https:\/\/secure.gravatar.com\/avatar\/fe57a3f139ea81c65a338e37a8064b4e80844f839737532820c9107eb9e1966f?s=96&d=mm&r=g\",\"caption\":\"fundacio\"},\"url\":\"https:\/\/fundaciocatalunyacultura.cat\/es\/author\/fundacio\/\"}]}<\/script>\n<!-- \/ Yoast SEO plugin. -->","yoast_head_json":{"title":"Nuevas alianzas: convenio de colaboraci\u00f3n con la Federaci\u00f3 d'Ateneus de Catalunya | Fundaci\u00f3 Catalunya Cultura","robots":{"index":"index","follow":"follow","max-snippet":"max-snippet:-1","max-image-preview":"max-image-preview:large","max-video-preview":"max-video-preview:-1"},"canonical":"https:\/\/fundaciocatalunyacultura.cat\/es\/noves-aliances-conveni-de-collaboracio-amb-la-federacio-dateneus-de-catalunya\/","og_locale":"es_ES","og_type":"article","og_title":"Nuevas alianzas: convenio de colaboraci\u00f3n con la Federaci\u00f3 d'Ateneus de Catalunya | Fundaci\u00f3 Catalunya Cultura","og_description":"La Federaci\u00f3 d\u2019Ateneus de Catalunya (FAC) (FAC) se ha sumado a la red de entidades con quienes la Fundaci\u00f3 Catalunya Cultura trabaja conjuntamente para compartir acciones que promuevan el talento cultural y creativo de Catalu\u00f1a. En el acto de firma del convenio, que ha tenido lugar en la sede de la FAC, han participado el [&hellip;]","og_url":"https:\/\/fundaciocatalunyacultura.cat\/es\/noves-aliances-conveni-de-collaboracio-amb-la-federacio-dateneus-de-catalunya\/","og_site_name":"Fundaci\u00f3 Catalunya Cultura","article_publisher":"https:\/\/www.facebook.com\/fundaciocatalunyacultura\/","article_published_time":"2022-06-07T10:04:38+00:00","article_modified_time":"2022-06-07T10:08:40+00:00","author":"fundacio","twitter_card":"summary_large_image","twitter_creator":"@fcatcultura","twitter_site":"@fcatcultura","twitter_misc":{"Escrito por":"fundacio","Tiempo de lectura":"2 minutos"},"schema":{"@context":"https:\/\/schema.org","@graph":[{"@type":"Article","@id":"https:\/\/fundaciocatalunyacultura.cat\/es\/noves-aliances-conveni-de-collaboracio-amb-la-federacio-dateneus-de-catalunya\/#article","isPartOf":{"@id":"https:\/\/fundaciocatalunyacultura.cat\/es\/noves-aliances-conveni-de-collaboracio-amb-la-federacio-dateneus-de-catalunya\/"},"author":{"name":"fundacio","@id":"https:\/\/fundaciocatalunyacultura.cat\/#\/schema\/person\/f30f60b8448aa2c1761a644f652a4744"},"headline":"Nuevas alianzas: convenio de colaboraci\u00f3n con la Federaci\u00f3 d&#8217;Ateneus de Catalunya","datePublished":"2022-06-07T10:04:38+00:00","dateModified":"2022-06-07T10:08:40+00:00","mainEntityOfPage":{"@id":"https:\/\/fundaciocatalunyacultura.cat\/es\/noves-aliances-conveni-de-collaboracio-amb-la-federacio-dateneus-de-catalunya\/"},"wordCount":262,"publisher":{"@id":"https:\/\/fundaciocatalunyacultura.cat\/#organization"},"articleSection":["Noticias"],"inLanguage":"es"},{"@type":"WebPage","@id":"https:\/\/fundaciocatalunyacultura.cat\/es\/noves-aliances-conveni-de-collaboracio-amb-la-federacio-dateneus-de-catalunya\/","url":"https:\/\/fundaciocatalunyacultura.cat\/es\/noves-aliances-conveni-de-collaboracio-amb-la-federacio-dateneus-de-catalunya\/","name":"Nuevas alianzas: convenio de colaboraci\u00f3n con la Federaci\u00f3 d'Ateneus de Catalunya | Fundaci\u00f3 Catalunya Cultura","isPartOf":{"@id":"https:\/\/fundaciocatalunyacultura.cat\/#website"},"datePublished":"2022-06-07T10:04:38+00:00","dateModified":"2022-06-07T10:08:40+00:00","breadcrumb":{"@id":"https:\/\/fundaciocatalunyacultura.cat\/es\/noves-aliances-conveni-de-collaboracio-amb-la-federacio-dateneus-de-catalunya\/#breadcrumb"},"inLanguage":"es","potentialAction":[{"@type":"ReadAction","target":["https:\/\/fundaciocatalunyacultura.cat\/es\/noves-aliances-conveni-de-collaboracio-amb-la-federacio-dateneus-de-catalunya\/"]}]},{"@type":"BreadcrumbList","@id":"https:\/\/fundaciocatalunyacultura.cat\/es\/noves-aliances-conveni-de-collaboracio-amb-la-federacio-dateneus-de-catalunya\/#breadcrumb","itemListElement":[{"@type":"ListItem","position":1,"name":"Inici","item":"https:\/\/fundaciocatalunyacultura.cat\/es\/"},{"@type":"ListItem","position":2,"name":"Nuevas alianzas: convenio de colaboraci\u00f3n con la Federaci\u00f3 d&#8217;Ateneus de Catalunya"}]},{"@type":"WebSite","@id":"https:\/\/fundaciocatalunyacultura.cat\/#website","url":"https:\/\/fundaciocatalunyacultura.cat\/","name":"Fundaci\u00f3 Catalunya Cultura","description":"","publisher":{"@id":"https:\/\/fundaciocatalunyacultura.cat\/#organization"},"potentialAction":[{"@type":"SearchAction","target":{"@type":"EntryPoint","urlTemplate":"https:\/\/fundaciocatalunyacultura.cat\/?s={search_term_string}"},"query-input":{"@type":"PropertyValueSpecification","valueRequired":true,"valueName":"search_term_string"}}],"inLanguage":"es"},{"@type":"Organization","@id":"https:\/\/fundaciocatalunyacultura.cat\/#organization","name":"Fundaci\u00f3 Catalunya Cultura","url":"https:\/\/fundaciocatalunyacultura.cat\/","logo":{"@type":"ImageObject","inLanguage":"es","@id":"https:\/\/fundaciocatalunyacultura.cat\/#\/schema\/logo\/image\/","url":"https:\/\/hundreds-wordpress-uploads.s3.amazonaws.com\/fundacio-catalunya-cultura\/uploads\/2021\/03\/fcc_logo_blanc-scaled.jpeg","contentUrl":"https:\/\/hundreds-wordpress-uploads.s3.amazonaws.com\/fundacio-catalunya-cultura\/uploads\/2021\/03\/fcc_logo_blanc-scaled.jpeg","width":2560,"height":1785,"caption":"Fundaci\u00f3 Catalunya Cultura"},"image":{"@id":"https:\/\/fundaciocatalunyacultura.cat\/#\/schema\/logo\/image\/"},"sameAs":["https:\/\/www.facebook.com\/fundaciocatalunyacultura\/","https:\/\/x.com\/fcatcultura","https:\/\/www.linkedin.com\/company\/fundaci\u00f3-catalunya-cultura\/","https:\/\/ca.wikipedia.org\/wiki\/Fundaci\u00f3_Catalunya_Cultura"]},{"@type":"Person","@id":"https:\/\/fundaciocatalunyacultura.cat\/#\/schema\/person\/f30f60b8448aa2c1761a644f652a4744","name":"fundacio","image":{"@type":"ImageObject","inLanguage":"es","@id":"https:\/\/fundaciocatalunyacultura.cat\/#\/schema\/person\/image\/","url":"https:\/\/secure.gravatar.com\/avatar\/fe57a3f139ea81c65a338e37a8064b4e80844f839737532820c9107eb9e1966f?s=96&d=mm&r=g","contentUrl":"https:\/\/secure.gravatar.com\/avatar\/fe57a3f139ea81c65a338e37a8064b4e80844f839737532820c9107eb9e1966f?s=96&d=mm&r=g","caption":"fundacio"},"url":"https:\/\/fundaciocatalunyacultura.cat\/es\/author\/fundacio\/"}]}},"_links":{"self":[{"href":"https:\/\/fundaciocatalunyacultura.cat\/es\/wp-json\/wp\/v2\/posts\/9707","targetHints":{"allow":["GET"]}}],"collection":[{"href":"https:\/\/fundaciocatalunyacultura.cat\/es\/wp-json\/wp\/v2\/posts"}],"about":[{"href":"https:\/\/fundaciocatalunyacultura.cat\/es\/wp-json\/wp\/v2\/types\/post"}],"author":[{"embeddable":true,"href":"https:\/\/fundaciocatalunyacultura.cat\/es\/wp-json\/wp\/v2\/users\/1"}],"replies":[{"embeddable":true,"href":"https:\/\/fundaciocatalunyacultura.cat\/es\/wp-json\/wp\/v2\/comments?post=9707"}],"version-history":[{"count":5,"href":"https:\/\/fundaciocatalunyacultura.cat\/es\/wp-json\/wp\/v2\/posts\/9707\/revisions"}],"predecessor-version":[{"id":9715,"href":"https:\/\/fundaciocatalunyacultura.cat\/es\/wp-json\/wp\/v2\/posts\/9707\/revisions\/9715"}],"wp:attachment":[{"href":"https:\/\/fundaciocatalunyacultura.cat\/es\/wp-json\/wp\/v2\/media?parent=9707"}],"wp:term":[{"taxonomy":"category","embeddable":true,"href":"https:\/\/fundaciocatalunyacultura.cat\/es\/wp-json\/wp\/v2\/categories?post=9707"}],"curies":[{"name":"wp","href":"https:\/\/api.w.org\/{rel}","templated":true}]}}