{"id":9664,"date":"2022-06-01T09:02:49","date_gmt":"2022-06-01T09:02:49","guid":{"rendered":"https:\/\/www.fundaciocatalunyacultura.cat\/?p=9664"},"modified":"2022-06-02T07:28:45","modified_gmt":"2022-06-02T07:28:45","slug":"la-fundacion-cataluny-cultura-participa-en-el-primer-foro-anual-de-philea-con-el-debate-responsabilidad-social-corporativa-versus-responsabilidad-cultural-corporativa","status":"publish","type":"post","link":"https:\/\/fundaciocatalunyacultura.cat\/es\/la-fundacion-cataluny-cultura-participa-en-el-primer-foro-anual-de-philea-con-el-debate-responsabilidad-social-corporativa-versus-responsabilidad-cultural-corporativa\/","title":{"rendered":"La Fundaci\u00f3n Catalunya Cultura participa en el primer foro anual de Philea con el debate \u201cResponsabilidad Social Corporativa versus Responsabilidad Cultural Corporativa\u00bb"},"content":{"rendered":"<p><strong>La Fundaci\u00f3n Catalunya Cultura<\/strong> ha intervenido en el primer congreso anual de la plataforma filantr\u00f3pica\u00a0<a href=\"https:\/\/events.philea.eu\/event\/2bb63f34-ba9e-46d5-a2af-1a3440fa3187\/websitePage:645d57e4-75eb-4769-b2c0-f201a0bfc6ce\"><strong>Philea\u00a0(Philanthropy\u00a0Europe\u00a0Association)<\/strong><\/a> con una mesa redonda titulada \u201cResponsabilidad Social Corporativa versus Responsabilidad Cultural Corporativa\u201d que ha tenido lugar en la <a href=\"https:\/\/www.fmirobcn.org\/es\/\">Fundaci\u00f3n Mir\u00f3<\/a>. Con la <a href=\"https:\/\/fundacionlacaixa.org\/es\/?gclid=Cj0KCQjwnNyUBhCZARIsAI9AYlGINT3zWBY-awIMphm2waiofk4UsZjdTM_X-yVrYV3SJ2-izsJwS40aAi0ZEALw_wcB\">Fundaci\u00f3n \u201cLa Caixa\u201d<\/a> como entidad anfitriona, el foro de Philea, que empez\u00f3 el 31 de mayo y finaliza el 1 de junio, re\u00fane en Barcelona m\u00e1s de 600 representantes de fundaciones y asociaciones de todo el mundo. El encuentro interncacional tiene como lema \u201cLa Filatropia unida. El momento es ahora\u201d.<\/p>\n<p>La bienvenida del debate, que se ha celebrado el 31 de mayo, ha ido a cargo de <strong>Sara Puig<\/strong>, presidenta de la Fundaci\u00f3n Mir\u00f3, y de la directora de la Fundaci\u00f3n Catalu\u00f1a Cultura, <strong>Maite Estev<\/strong>e, quien ha destacado que una de las l\u00edneas principales de acci\u00f3n de la entidad que dirige \u201ces concienciar el mundo empresarial de la necesidad y de los beneficios que comporta la inversi\u00f3n en cultura\u201d. Adem\u00e1s,\u00a0 ha subrayado que \u201cla Fundaci\u00f3n trabaja porque el talento cultural que existe en esta tierra de grandes genios no se pierda o marche a otros lugares con m\u00e1s recursos\u201d.<\/p>\n<p>El coloquio ha sido moderado por\u00a0<strong>Marko\u00a0Daniel<\/strong>, director de la Fundaci\u00f3n Mir\u00f3, y ha contado con la participaci\u00f3n de <strong>Xavier\u00a0Gramona<\/strong>, vicepresidente de Cavas\u00a0Gramona\u00a0y vicepresidente del Patronato de nuestra Fundaci\u00f3n; de <strong>Ramon\u00a0Agenjo<\/strong>, vicepresidente de la Fundaci\u00f3n\u00a0Damm\u00a0y tambi\u00e9n miembro del Patronato; de <strong>Eva Blanc<\/strong>o,\u202fPublic\u00a0Affairs\u00a0Manager\u202fde\u00a0HP, empresa del Patronato; y de <strong>Anna Garcia<\/strong>, directora de Comunicaci\u00f3n y Relaciones Institucionales de\u00a0Sorigu\u00e9, compa\u00f1\u00eda que forma parte del Consejo de Mecenazgo.<\/p>\n<p>Los ponentes han compartido reflexiones en torno a las alianzas del sector empresarial y el cultural: las motivaciones del \u00e1mbito privado para apoyar al sector cultural, los beneficios que obtienen de esta colaboraci\u00f3n, y los atributos de la cultura como activo social, entre otros. Tambi\u00e9n han expuesto casos pr\u00e1cticos de proyectos que desarrollan las empresas que representan dentro del concepto de Responsabilidad Social Corporativa a favor de la cultura y han puesto de relieve iniciativas que impulsamos desde la Fundaci\u00f3n para reconocer las compa\u00f1\u00edas que promueven la cultura, como el <a href=\"https:\/\/www.fundaciocatalunyacultura.cat\/es\/sello\/\">Sello de Empresa Comprometida con la Cultura<\/a>. Ramon Agenjo ha explicado a los asistentes el proceso para conseguir esta distinci\u00f3n y ha remarcado que \u00abes una muy buena manera de compartir con otras compa\u00f1\u00edas que tu empresa apoya a la cultura\u201d.<\/p>\n<p>&nbsp;<\/p>\n<hr \/>\n<p><strong>Responsabilidad social y Cultura, un binomio clave para las empresas<\/strong><\/p>\n<p><strong>Xavier\u00a0Gramona, vicepresidente de Cavas\u00a0Gramona:<\/strong><br \/>\n\u201cEn Gramona, nos sentimos recompensados porque la cultura eleva el esp\u00edritu de todo el mundo\u201d.<\/p>\n<p><strong>Ramon\u00a0Agenjo, vicepresidente de la Fundaci\u00f3n\u00a0Damm:<\/strong><br \/>\n\u201cApoyar a la cultura no es una opci\u00f3n, es una obligaci\u00f3n. Los pa\u00edses que apoyan a la cultura son siempre mejores\u201d.<\/p>\n<p><strong>Eva Blanco,\u00a0Public\u00a0Affairs\u00a0Managerd&#8217;HP:<\/strong><br \/>\n\u201cTenemos que dejar de lllamrla Responsabilidad Social Corporativa porque es algo esencial que tiene que formar parte de las empresas. Las empresas no se valoran por la suma de dinero que hacen sino por el impacto que tienen en la sociedad\u201d.<\/p>\n<p><strong>Anna Garcia, directora de Comunicaci\u00f3n y Relaciones Institucionales de\u00a0Sorigu\u00e9:<\/strong><br \/>\n\u201cLa cultura unifica la raz\u00f3n y la emoci\u00f3n. La cultura conecta, inspira, innova, es una herramienta para la educaci\u00f3n y la comunicaci\u00f3n\u201d.<\/p>\n","protected":false},"excerpt":{"rendered":"<p>La Fundaci\u00f3n Catalunya Cultura ha intervenido en el primer congreso anual de la plataforma filantr\u00f3pica\u00a0Philea\u00a0(Philanthropy\u00a0Europe\u00a0Association) con una mesa redonda titulada \u201cResponsabilidad Social Corporativa versus Responsabilidad Cultural Corporativa\u201d que ha tenido lugar en la Fundaci\u00f3n Mir\u00f3. Con la Fundaci\u00f3n \u201cLa Caixa\u201d como entidad anfitriona, el foro de Philea, que empez\u00f3 el 31 de mayo y finaliza [&hellip;]<\/p>\n","protected":false},"author":1,"featured_media":0,"comment_status":"closed","ping_status":"closed","sticky":false,"template":"","format":"standard","meta":{"_acf_changed":false,"footnotes":""},"categories":[44,2],"class_list":["post-9664","post","type-post","status-publish","format-standard","hentry","category-noticias","category-sin-categorizar"],"acf":[],"yoast_head":"<!-- This site is optimized with the Yoast SEO plugin v25.1 - https:\/\/yoast.com\/wordpress\/plugins\/seo\/ -->\n<title>La Fundaci\u00f3n Catalunya Cultura participa en el primer foro anual de Philea con el debate \u201cResponsabilidad Social Corporativa versus Responsabilidad Cultural Corporativa&quot; | Fundaci\u00f3 Catalunya Cultura<\/title>\n<meta name=\"robots\" content=\"index, follow, max-snippet:-1, max-image-preview:large, max-video-preview:-1\" \/>\n<link rel=\"canonical\" href=\"https:\/\/fundaciocatalunyacultura.cat\/es\/la-fundacion-cataluny-cultura-participa-en-el-primer-foro-anual-de-philea-con-el-debate-responsabilidad-social-corporativa-versus-responsabilidad-cultural-corporativa\/\" \/>\n<meta property=\"og:locale\" content=\"es_ES\" \/>\n<meta property=\"og:type\" content=\"article\" \/>\n<meta property=\"og:title\" content=\"La Fundaci\u00f3n Catalunya Cultura participa en el primer foro anual de Philea con el debate \u201cResponsabilidad Social Corporativa versus Responsabilidad Cultural Corporativa&quot; | Fundaci\u00f3 Catalunya Cultura\" \/>\n<meta property=\"og:description\" content=\"La Fundaci\u00f3n Catalunya Cultura ha intervenido en el primer congreso anual de la plataforma filantr\u00f3pica\u00a0Philea\u00a0(Philanthropy\u00a0Europe\u00a0Association) con una mesa redonda titulada \u201cResponsabilidad Social Corporativa versus Responsabilidad Cultural Corporativa\u201d que ha tenido lugar en la Fundaci\u00f3n Mir\u00f3. Con la Fundaci\u00f3n \u201cLa Caixa\u201d como entidad anfitriona, el foro de Philea, que empez\u00f3 el 31 de mayo y finaliza [&hellip;]\" \/>\n<meta property=\"og:url\" content=\"https:\/\/fundaciocatalunyacultura.cat\/es\/la-fundacion-cataluny-cultura-participa-en-el-primer-foro-anual-de-philea-con-el-debate-responsabilidad-social-corporativa-versus-responsabilidad-cultural-corporativa\/\" \/>\n<meta property=\"og:site_name\" content=\"Fundaci\u00f3 Catalunya Cultura\" \/>\n<meta property=\"article:publisher\" content=\"https:\/\/www.facebook.com\/fundaciocatalunyacultura\/\" \/>\n<meta property=\"article:published_time\" content=\"2022-06-01T09:02:49+00:00\" \/>\n<meta property=\"article:modified_time\" content=\"2022-06-02T07:28:45+00:00\" \/>\n<meta name=\"author\" content=\"fundacio\" \/>\n<meta name=\"twitter:card\" content=\"summary_large_image\" \/>\n<meta name=\"twitter:creator\" content=\"@fcatcultura\" \/>\n<meta name=\"twitter:site\" content=\"@fcatcultura\" \/>\n<meta name=\"twitter:label1\" content=\"Escrito por\" \/>\n\t<meta name=\"twitter:data1\" content=\"fundacio\" \/>\n\t<meta name=\"twitter:label2\" content=\"Tiempo de lectura\" \/>\n\t<meta name=\"twitter:data2\" content=\"3 minutos\" \/>\n<script type=\"application\/ld+json\" class=\"yoast-schema-graph\">{\"@context\":\"https:\/\/schema.org\",\"@graph\":[{\"@type\":\"Article\",\"@id\":\"https:\/\/fundaciocatalunyacultura.cat\/es\/la-fundacion-cataluny-cultura-participa-en-el-primer-foro-anual-de-philea-con-el-debate-responsabilidad-social-corporativa-versus-responsabilidad-cultural-corporativa\/#article\",\"isPartOf\":{\"@id\":\"https:\/\/fundaciocatalunyacultura.cat\/es\/la-fundacion-cataluny-cultura-participa-en-el-primer-foro-anual-de-philea-con-el-debate-responsabilidad-social-corporativa-versus-responsabilidad-cultural-corporativa\/\"},\"author\":{\"name\":\"fundacio\",\"@id\":\"https:\/\/www.fundaciocatalunyacultura.cat\/es\/#\/schema\/person\/f30f60b8448aa2c1761a644f652a4744\"},\"headline\":\"La Fundaci\u00f3n Catalunya Cultura participa en el primer foro anual de Philea con el debate \u201cResponsabilidad Social Corporativa versus Responsabilidad Cultural Corporativa\u00bb\",\"datePublished\":\"2022-06-01T09:02:49+00:00\",\"dateModified\":\"2022-06-02T07:28:45+00:00\",\"mainEntityOfPage\":{\"@id\":\"https:\/\/fundaciocatalunyacultura.cat\/es\/la-fundacion-cataluny-cultura-participa-en-el-primer-foro-anual-de-philea-con-el-debate-responsabilidad-social-corporativa-versus-responsabilidad-cultural-corporativa\/\"},\"wordCount\":594,\"publisher\":{\"@id\":\"https:\/\/www.fundaciocatalunyacultura.cat\/es\/#organization\"},\"articleSection\":[\"Noticias\",\"Sin categorizar\"],\"inLanguage\":\"es\"},{\"@type\":\"WebPage\",\"@id\":\"https:\/\/fundaciocatalunyacultura.cat\/es\/la-fundacion-cataluny-cultura-participa-en-el-primer-foro-anual-de-philea-con-el-debate-responsabilidad-social-corporativa-versus-responsabilidad-cultural-corporativa\/\",\"url\":\"https:\/\/fundaciocatalunyacultura.cat\/es\/la-fundacion-cataluny-cultura-participa-en-el-primer-foro-anual-de-philea-con-el-debate-responsabilidad-social-corporativa-versus-responsabilidad-cultural-corporativa\/\",\"name\":\"La Fundaci\u00f3n Catalunya Cultura participa en el primer foro anual de Philea con el debate \u201cResponsabilidad Social Corporativa versus Responsabilidad Cultural Corporativa\\\" | Fundaci\u00f3 Catalunya Cultura\",\"isPartOf\":{\"@id\":\"https:\/\/www.fundaciocatalunyacultura.cat\/es\/#website\"},\"datePublished\":\"2022-06-01T09:02:49+00:00\",\"dateModified\":\"2022-06-02T07:28:45+00:00\",\"breadcrumb\":{\"@id\":\"https:\/\/fundaciocatalunyacultura.cat\/es\/la-fundacion-cataluny-cultura-participa-en-el-primer-foro-anual-de-philea-con-el-debate-responsabilidad-social-corporativa-versus-responsabilidad-cultural-corporativa\/#breadcrumb\"},\"inLanguage\":\"es\",\"potentialAction\":[{\"@type\":\"ReadAction\",\"target\":[\"https:\/\/fundaciocatalunyacultura.cat\/es\/la-fundacion-cataluny-cultura-participa-en-el-primer-foro-anual-de-philea-con-el-debate-responsabilidad-social-corporativa-versus-responsabilidad-cultural-corporativa\/\"]}]},{\"@type\":\"BreadcrumbList\",\"@id\":\"https:\/\/fundaciocatalunyacultura.cat\/es\/la-fundacion-cataluny-cultura-participa-en-el-primer-foro-anual-de-philea-con-el-debate-responsabilidad-social-corporativa-versus-responsabilidad-cultural-corporativa\/#breadcrumb\",\"itemListElement\":[{\"@type\":\"ListItem\",\"position\":1,\"name\":\"Inici\",\"item\":\"https:\/\/www.fundaciocatalunyacultura.cat\/es\/\"},{\"@type\":\"ListItem\",\"position\":2,\"name\":\"La Fundaci\u00f3n Catalunya Cultura participa en el primer foro anual de Philea con el debate \u201cResponsabilidad Social Corporativa versus Responsabilidad Cultural Corporativa\u00bb\"}]},{\"@type\":\"WebSite\",\"@id\":\"https:\/\/www.fundaciocatalunyacultura.cat\/es\/#website\",\"url\":\"https:\/\/www.fundaciocatalunyacultura.cat\/es\/\",\"name\":\"Fundaci\u00f3 Catalunya Cultura\",\"description\":\"\",\"publisher\":{\"@id\":\"https:\/\/www.fundaciocatalunyacultura.cat\/es\/#organization\"},\"potentialAction\":[{\"@type\":\"SearchAction\",\"target\":{\"@type\":\"EntryPoint\",\"urlTemplate\":\"https:\/\/www.fundaciocatalunyacultura.cat\/es\/?s={search_term_string}\"},\"query-input\":{\"@type\":\"PropertyValueSpecification\",\"valueRequired\":true,\"valueName\":\"search_term_string\"}}],\"inLanguage\":\"es\"},{\"@type\":\"Organization\",\"@id\":\"https:\/\/www.fundaciocatalunyacultura.cat\/es\/#organization\",\"name\":\"Fundaci\u00f3 Catalunya Cultura\",\"url\":\"https:\/\/www.fundaciocatalunyacultura.cat\/es\/\",\"logo\":{\"@type\":\"ImageObject\",\"inLanguage\":\"es\",\"@id\":\"https:\/\/www.fundaciocatalunyacultura.cat\/es\/#\/schema\/logo\/image\/\",\"url\":\"https:\/\/hundreds-wordpress-uploads.s3.amazonaws.com\/fundacio-catalunya-cultura\/uploads\/2021\/03\/fcc_logo_blanc-scaled.jpeg\",\"contentUrl\":\"https:\/\/hundreds-wordpress-uploads.s3.amazonaws.com\/fundacio-catalunya-cultura\/uploads\/2021\/03\/fcc_logo_blanc-scaled.jpeg\",\"width\":2560,\"height\":1785,\"caption\":\"Fundaci\u00f3 Catalunya Cultura\"},\"image\":{\"@id\":\"https:\/\/www.fundaciocatalunyacultura.cat\/es\/#\/schema\/logo\/image\/\"},\"sameAs\":[\"https:\/\/www.facebook.com\/fundaciocatalunyacultura\/\",\"https:\/\/x.com\/fcatcultura\",\"https:\/\/www.linkedin.com\/company\/fundaci\u00f3-catalunya-cultura\/\",\"https:\/\/ca.wikipedia.org\/wiki\/Fundaci\u00f3_Catalunya_Cultura\"]},{\"@type\":\"Person\",\"@id\":\"https:\/\/www.fundaciocatalunyacultura.cat\/es\/#\/schema\/person\/f30f60b8448aa2c1761a644f652a4744\",\"name\":\"fundacio\",\"image\":{\"@type\":\"ImageObject\",\"inLanguage\":\"es\",\"@id\":\"https:\/\/www.fundaciocatalunyacultura.cat\/es\/#\/schema\/person\/image\/\",\"url\":\"https:\/\/secure.gravatar.com\/avatar\/fe57a3f139ea81c65a338e37a8064b4e80844f839737532820c9107eb9e1966f?s=96&d=mm&r=g\",\"contentUrl\":\"https:\/\/secure.gravatar.com\/avatar\/fe57a3f139ea81c65a338e37a8064b4e80844f839737532820c9107eb9e1966f?s=96&d=mm&r=g\",\"caption\":\"fundacio\"},\"url\":\"https:\/\/fundaciocatalunyacultura.cat\/es\/author\/fundacio\/\"}]}<\/script>\n<!-- \/ Yoast SEO plugin. -->","yoast_head_json":{"title":"La Fundaci\u00f3n Catalunya Cultura participa en el primer foro anual de Philea con el debate \u201cResponsabilidad Social Corporativa versus Responsabilidad Cultural Corporativa\" | Fundaci\u00f3 Catalunya Cultura","robots":{"index":"index","follow":"follow","max-snippet":"max-snippet:-1","max-image-preview":"max-image-preview:large","max-video-preview":"max-video-preview:-1"},"canonical":"https:\/\/fundaciocatalunyacultura.cat\/es\/la-fundacion-cataluny-cultura-participa-en-el-primer-foro-anual-de-philea-con-el-debate-responsabilidad-social-corporativa-versus-responsabilidad-cultural-corporativa\/","og_locale":"es_ES","og_type":"article","og_title":"La Fundaci\u00f3n Catalunya Cultura participa en el primer foro anual de Philea con el debate \u201cResponsabilidad Social Corporativa versus Responsabilidad Cultural Corporativa\" | Fundaci\u00f3 Catalunya Cultura","og_description":"La Fundaci\u00f3n Catalunya Cultura ha intervenido en el primer congreso anual de la plataforma filantr\u00f3pica\u00a0Philea\u00a0(Philanthropy\u00a0Europe\u00a0Association) con una mesa redonda titulada \u201cResponsabilidad Social Corporativa versus Responsabilidad Cultural Corporativa\u201d que ha tenido lugar en la Fundaci\u00f3n Mir\u00f3. Con la Fundaci\u00f3n \u201cLa Caixa\u201d como entidad anfitriona, el foro de Philea, que empez\u00f3 el 31 de mayo y finaliza [&hellip;]","og_url":"https:\/\/fundaciocatalunyacultura.cat\/es\/la-fundacion-cataluny-cultura-participa-en-el-primer-foro-anual-de-philea-con-el-debate-responsabilidad-social-corporativa-versus-responsabilidad-cultural-corporativa\/","og_site_name":"Fundaci\u00f3 Catalunya Cultura","article_publisher":"https:\/\/www.facebook.com\/fundaciocatalunyacultura\/","article_published_time":"2022-06-01T09:02:49+00:00","article_modified_time":"2022-06-02T07:28:45+00:00","author":"fundacio","twitter_card":"summary_large_image","twitter_creator":"@fcatcultura","twitter_site":"@fcatcultura","twitter_misc":{"Escrito por":"fundacio","Tiempo de lectura":"3 minutos"},"schema":{"@context":"https:\/\/schema.org","@graph":[{"@type":"Article","@id":"https:\/\/fundaciocatalunyacultura.cat\/es\/la-fundacion-cataluny-cultura-participa-en-el-primer-foro-anual-de-philea-con-el-debate-responsabilidad-social-corporativa-versus-responsabilidad-cultural-corporativa\/#article","isPartOf":{"@id":"https:\/\/fundaciocatalunyacultura.cat\/es\/la-fundacion-cataluny-cultura-participa-en-el-primer-foro-anual-de-philea-con-el-debate-responsabilidad-social-corporativa-versus-responsabilidad-cultural-corporativa\/"},"author":{"name":"fundacio","@id":"https:\/\/www.fundaciocatalunyacultura.cat\/es\/#\/schema\/person\/f30f60b8448aa2c1761a644f652a4744"},"headline":"La Fundaci\u00f3n Catalunya Cultura participa en el primer foro anual de Philea con el debate \u201cResponsabilidad Social Corporativa versus Responsabilidad Cultural Corporativa\u00bb","datePublished":"2022-06-01T09:02:49+00:00","dateModified":"2022-06-02T07:28:45+00:00","mainEntityOfPage":{"@id":"https:\/\/fundaciocatalunyacultura.cat\/es\/la-fundacion-cataluny-cultura-participa-en-el-primer-foro-anual-de-philea-con-el-debate-responsabilidad-social-corporativa-versus-responsabilidad-cultural-corporativa\/"},"wordCount":594,"publisher":{"@id":"https:\/\/www.fundaciocatalunyacultura.cat\/es\/#organization"},"articleSection":["Noticias","Sin categorizar"],"inLanguage":"es"},{"@type":"WebPage","@id":"https:\/\/fundaciocatalunyacultura.cat\/es\/la-fundacion-cataluny-cultura-participa-en-el-primer-foro-anual-de-philea-con-el-debate-responsabilidad-social-corporativa-versus-responsabilidad-cultural-corporativa\/","url":"https:\/\/fundaciocatalunyacultura.cat\/es\/la-fundacion-cataluny-cultura-participa-en-el-primer-foro-anual-de-philea-con-el-debate-responsabilidad-social-corporativa-versus-responsabilidad-cultural-corporativa\/","name":"La Fundaci\u00f3n Catalunya Cultura participa en el primer foro anual de Philea con el debate \u201cResponsabilidad Social Corporativa versus Responsabilidad Cultural Corporativa\" | Fundaci\u00f3 Catalunya Cultura","isPartOf":{"@id":"https:\/\/www.fundaciocatalunyacultura.cat\/es\/#website"},"datePublished":"2022-06-01T09:02:49+00:00","dateModified":"2022-06-02T07:28:45+00:00","breadcrumb":{"@id":"https:\/\/fundaciocatalunyacultura.cat\/es\/la-fundacion-cataluny-cultura-participa-en-el-primer-foro-anual-de-philea-con-el-debate-responsabilidad-social-corporativa-versus-responsabilidad-cultural-corporativa\/#breadcrumb"},"inLanguage":"es","potentialAction":[{"@type":"ReadAction","target":["https:\/\/fundaciocatalunyacultura.cat\/es\/la-fundacion-cataluny-cultura-participa-en-el-primer-foro-anual-de-philea-con-el-debate-responsabilidad-social-corporativa-versus-responsabilidad-cultural-corporativa\/"]}]},{"@type":"BreadcrumbList","@id":"https:\/\/fundaciocatalunyacultura.cat\/es\/la-fundacion-cataluny-cultura-participa-en-el-primer-foro-anual-de-philea-con-el-debate-responsabilidad-social-corporativa-versus-responsabilidad-cultural-corporativa\/#breadcrumb","itemListElement":[{"@type":"ListItem","position":1,"name":"Inici","item":"https:\/\/www.fundaciocatalunyacultura.cat\/es\/"},{"@type":"ListItem","position":2,"name":"La Fundaci\u00f3n Catalunya Cultura participa en el primer foro anual de Philea con el debate \u201cResponsabilidad Social Corporativa versus Responsabilidad Cultural Corporativa\u00bb"}]},{"@type":"WebSite","@id":"https:\/\/www.fundaciocatalunyacultura.cat\/es\/#website","url":"https:\/\/www.fundaciocatalunyacultura.cat\/es\/","name":"Fundaci\u00f3 Catalunya Cultura","description":"","publisher":{"@id":"https:\/\/www.fundaciocatalunyacultura.cat\/es\/#organization"},"potentialAction":[{"@type":"SearchAction","target":{"@type":"EntryPoint","urlTemplate":"https:\/\/www.fundaciocatalunyacultura.cat\/es\/?s={search_term_string}"},"query-input":{"@type":"PropertyValueSpecification","valueRequired":true,"valueName":"search_term_string"}}],"inLanguage":"es"},{"@type":"Organization","@id":"https:\/\/www.fundaciocatalunyacultura.cat\/es\/#organization","name":"Fundaci\u00f3 Catalunya Cultura","url":"https:\/\/www.fundaciocatalunyacultura.cat\/es\/","logo":{"@type":"ImageObject","inLanguage":"es","@id":"https:\/\/www.fundaciocatalunyacultura.cat\/es\/#\/schema\/logo\/image\/","url":"https:\/\/hundreds-wordpress-uploads.s3.amazonaws.com\/fundacio-catalunya-cultura\/uploads\/2021\/03\/fcc_logo_blanc-scaled.jpeg","contentUrl":"https:\/\/hundreds-wordpress-uploads.s3.amazonaws.com\/fundacio-catalunya-cultura\/uploads\/2021\/03\/fcc_logo_blanc-scaled.jpeg","width":2560,"height":1785,"caption":"Fundaci\u00f3 Catalunya Cultura"},"image":{"@id":"https:\/\/www.fundaciocatalunyacultura.cat\/es\/#\/schema\/logo\/image\/"},"sameAs":["https:\/\/www.facebook.com\/fundaciocatalunyacultura\/","https:\/\/x.com\/fcatcultura","https:\/\/www.linkedin.com\/company\/fundaci\u00f3-catalunya-cultura\/","https:\/\/ca.wikipedia.org\/wiki\/Fundaci\u00f3_Catalunya_Cultura"]},{"@type":"Person","@id":"https:\/\/www.fundaciocatalunyacultura.cat\/es\/#\/schema\/person\/f30f60b8448aa2c1761a644f652a4744","name":"fundacio","image":{"@type":"ImageObject","inLanguage":"es","@id":"https:\/\/www.fundaciocatalunyacultura.cat\/es\/#\/schema\/person\/image\/","url":"https:\/\/secure.gravatar.com\/avatar\/fe57a3f139ea81c65a338e37a8064b4e80844f839737532820c9107eb9e1966f?s=96&d=mm&r=g","contentUrl":"https:\/\/secure.gravatar.com\/avatar\/fe57a3f139ea81c65a338e37a8064b4e80844f839737532820c9107eb9e1966f?s=96&d=mm&r=g","caption":"fundacio"},"url":"https:\/\/fundaciocatalunyacultura.cat\/es\/author\/fundacio\/"}]}},"_links":{"self":[{"href":"https:\/\/fundaciocatalunyacultura.cat\/es\/wp-json\/wp\/v2\/posts\/9664","targetHints":{"allow":["GET"]}}],"collection":[{"href":"https:\/\/fundaciocatalunyacultura.cat\/es\/wp-json\/wp\/v2\/posts"}],"about":[{"href":"https:\/\/fundaciocatalunyacultura.cat\/es\/wp-json\/wp\/v2\/types\/post"}],"author":[{"embeddable":true,"href":"https:\/\/fundaciocatalunyacultura.cat\/es\/wp-json\/wp\/v2\/users\/1"}],"replies":[{"embeddable":true,"href":"https:\/\/fundaciocatalunyacultura.cat\/es\/wp-json\/wp\/v2\/comments?post=9664"}],"version-history":[{"count":13,"href":"https:\/\/fundaciocatalunyacultura.cat\/es\/wp-json\/wp\/v2\/posts\/9664\/revisions"}],"predecessor-version":[{"id":9701,"href":"https:\/\/fundaciocatalunyacultura.cat\/es\/wp-json\/wp\/v2\/posts\/9664\/revisions\/9701"}],"wp:attachment":[{"href":"https:\/\/fundaciocatalunyacultura.cat\/es\/wp-json\/wp\/v2\/media?parent=9664"}],"wp:term":[{"taxonomy":"category","embeddable":true,"href":"https:\/\/fundaciocatalunyacultura.cat\/es\/wp-json\/wp\/v2\/categories?post=9664"}],"curies":[{"name":"wp","href":"https:\/\/api.w.org\/{rel}","templated":true}]}}