{"id":8799,"date":"2022-03-30T12:40:31","date_gmt":"2022-03-30T12:40:31","guid":{"rendered":"https:\/\/www.fundaciocatalunyacultura.cat\/?p=8799"},"modified":"2022-03-31T20:41:53","modified_gmt":"2022-03-31T20:41:53","slug":"pistoletazo-de-salida-del-programa-impulsa-cultura-2022-en-marcha-la-primera-fase","status":"publish","type":"post","link":"https:\/\/fundaciocatalunyacultura.cat\/es\/pistoletazo-de-salida-del-programa-impulsa-cultura-2022-en-marcha-la-primera-fase\/","title":{"rendered":"Pistoletazo de salida del Programa IMPULSA CULTURA 2022. En marcha la primera fase"},"content":{"rendered":"<p>La Antigua F\u00e1brica Estrella Damm acogi\u00f3 ayer el acto de apertura del <strong>Programa IMPULSA CULTURA 2022<\/strong>. Los 39 proyectos seleccionados para la edici\u00f3n del Programa de este a\u00f1o se reunieron en un encuentro en el la cual tambi\u00e9n se sumaron proyectos que han participado en ediciones anteriores y que forman parte de la Comunidad IMPULSA de la Fundaci\u00f3n.<\/p>\n<p>La directora de la Fundaci\u00f3n, <strong>Maite Esteve<\/strong>, dio la bienvenida y la enhorabuena a los integrantes de los 39 proyectos del Programa de este a\u00f1o y los alent\u00f3 a aprovechar al m\u00e1ximo la formaci\u00f3n. \u201cEl \u00e9xito de la Fundaci\u00f3n es el \u00e9xito de vuestros proyectos\u201d destac\u00f3.<\/p>\n<p>En concreto, el acto se estructur\u00f3 en dos bloques con contenidos y tem\u00e1ticas de inter\u00e9s para los proyectos culturales. En el primero, pudimos conocer cada uno de los proyectos en una din\u00e1mica que condujeron <strong>David Camps<\/strong>, responsable de innovaci\u00f3n social de\u00a0DKV; <strong>Bel\u00e9n Latorre<\/strong>, directora de la Fundaci\u00f3n Antigues Caixes Catalanes, y <strong>Emili Serra<\/strong>, Responsable de Comunicaci\u00f3n y Responsabilidad Social Corporativa (RSC)\u00a0de HP.<\/p>\n<p>En la segunda parte del encuentro pudimos escuchar una charla de en <strong>Carlus Padrissa<\/strong>, de la Fura dels Baus, quien tambi\u00e9n fue el encargado de escenificar el bautizo de los proyectos como s\u00edmbolo de iniciaci\u00f3n al Programa. Adem\u00e1s, en esta \u00faltima parte, intervinieron responsables de patrocinio y mecenazgo que compartieron sus conocimientos sobre estos \u00e1mbitos y que respondieron las dudas que les plantearon los asistentes. Participaron <strong>Estefania Rico<\/strong>, responsable de Filantrop\u00eda de la Fundaci\u00f3n de M\u00fasica Ferrer-Salat; <strong>Anna Garcia<\/strong>, responsable de Comunicaci\u00f3n de Sorigu\u00e9; <strong>Bel\u00e9n Latorre<\/strong>, directora de la Fundaci\u00f3 Antigues Caixes Catalanes; <strong>Xavier Servat<\/strong>, gerente de la Fundaci\u00f3n Fluidra y <strong>Griselda Zaragoza<\/strong>, del \u00e1rea de Marketing y Sponsorship de Damm. Todos ellos reflexionaron sobre qu\u00e9 buscan los promotores de los proyectos culturales, qu\u00e9 valoran y qu\u00e9 les pueden aportar. \u201d4 ideas valen m\u00e1s juntas que separadas\u201d, \u201cSed muy positivos\u201d, \u201cTened claros vuestros objetivos\u201d o \u201cEs importante que los proyectos tengan rigor y coherencia\u201d fueron algunas de las recomendaciones que dieron los ponentes.<\/p>\n<p>Los 39 proyectos seleccionados para esta edici\u00f3n del Programa se centran en 6 \u00e1reas culturales diferentes: artes esc\u00e9nicas, artes visuales, educaci\u00f3n, perspectiva de g\u00e9nero, cultura digital y m\u00fasica.<\/p>\n<p>El Programa IMPULSA CULTURA 2022 se estructura en cuatro fases y se alargar\u00e1 hasta diciembre de este a\u00f1o. El acto central del Programa se celebrar\u00e1 el mes de octubre con el IMPULSA CULTURA donde los 10 proyectos finalistas expondr\u00e1n sus iniciativas y sus aspiraciones ante un amplio p\u00fablico empresarial. El proyecto ganador ser\u00e1 distinguido con el <a href=\"https:\/\/www.fundaciocatalunyacultura.cat\/es\/premi-empresa-cultura\/\">Premio IMPULSA CULTURA<\/a>, dotado con 10.000 euros. El resto de proyectos finalistas tendr\u00e1n acceso a mentor\u00edas y tutor\u00edas personalizadas, adaptadas a sus necesidades y valoradas en <strong>un total de 62.000 euros.<\/strong><\/p>\n","protected":false},"excerpt":{"rendered":"<p>La Antigua F\u00e1brica Estrella Damm acogi\u00f3 ayer el acto de apertura del Programa IMPULSA CULTURA 2022. Los 39 proyectos seleccionados para la edici\u00f3n del Programa de este a\u00f1o se reunieron en un encuentro en el la cual tambi\u00e9n se sumaron proyectos que han participado en ediciones anteriores y que forman parte de la Comunidad IMPULSA [&hellip;]<\/p>\n","protected":false},"author":1,"featured_media":0,"comment_status":"closed","ping_status":"closed","sticky":false,"template":"","format":"standard","meta":{"_acf_changed":false,"footnotes":""},"categories":[44],"class_list":["post-8799","post","type-post","status-publish","format-standard","hentry","category-noticias"],"acf":[],"yoast_head":"<!-- This site is optimized with the Yoast SEO plugin v25.1 - https:\/\/yoast.com\/wordpress\/plugins\/seo\/ -->\n<title>Pistoletazo de salida del Programa IMPULSA CULTURA 2022. En marcha la primera fase | Fundaci\u00f3 Catalunya Cultura<\/title>\n<meta name=\"robots\" content=\"index, follow, max-snippet:-1, max-image-preview:large, max-video-preview:-1\" \/>\n<link rel=\"canonical\" href=\"https:\/\/fundaciocatalunyacultura.cat\/es\/pistoletazo-de-salida-del-programa-impulsa-cultura-2022-en-marcha-la-primera-fase\/\" \/>\n<meta property=\"og:locale\" content=\"es_ES\" \/>\n<meta property=\"og:type\" content=\"article\" \/>\n<meta property=\"og:title\" content=\"Pistoletazo de salida del Programa IMPULSA CULTURA 2022. En marcha la primera fase | Fundaci\u00f3 Catalunya Cultura\" \/>\n<meta property=\"og:description\" content=\"La Antigua F\u00e1brica Estrella Damm acogi\u00f3 ayer el acto de apertura del Programa IMPULSA CULTURA 2022. Los 39 proyectos seleccionados para la edici\u00f3n del Programa de este a\u00f1o se reunieron en un encuentro en el la cual tambi\u00e9n se sumaron proyectos que han participado en ediciones anteriores y que forman parte de la Comunidad IMPULSA [&hellip;]\" \/>\n<meta property=\"og:url\" content=\"https:\/\/fundaciocatalunyacultura.cat\/es\/pistoletazo-de-salida-del-programa-impulsa-cultura-2022-en-marcha-la-primera-fase\/\" \/>\n<meta property=\"og:site_name\" content=\"Fundaci\u00f3 Catalunya Cultura\" \/>\n<meta property=\"article:publisher\" content=\"https:\/\/www.facebook.com\/fundaciocatalunyacultura\/\" \/>\n<meta property=\"article:published_time\" content=\"2022-03-30T12:40:31+00:00\" \/>\n<meta property=\"article:modified_time\" content=\"2022-03-31T20:41:53+00:00\" \/>\n<meta name=\"author\" content=\"fundacio\" \/>\n<meta name=\"twitter:card\" content=\"summary_large_image\" \/>\n<meta name=\"twitter:creator\" content=\"@fcatcultura\" \/>\n<meta name=\"twitter:site\" content=\"@fcatcultura\" \/>\n<meta name=\"twitter:label1\" content=\"Escrito por\" \/>\n\t<meta name=\"twitter:data1\" content=\"fundacio\" \/>\n\t<meta name=\"twitter:label2\" content=\"Tiempo de lectura\" \/>\n\t<meta name=\"twitter:data2\" content=\"2 minutos\" \/>\n<script type=\"application\/ld+json\" class=\"yoast-schema-graph\">{\"@context\":\"https:\/\/schema.org\",\"@graph\":[{\"@type\":\"Article\",\"@id\":\"https:\/\/fundaciocatalunyacultura.cat\/es\/pistoletazo-de-salida-del-programa-impulsa-cultura-2022-en-marcha-la-primera-fase\/#article\",\"isPartOf\":{\"@id\":\"https:\/\/fundaciocatalunyacultura.cat\/es\/pistoletazo-de-salida-del-programa-impulsa-cultura-2022-en-marcha-la-primera-fase\/\"},\"author\":{\"name\":\"fundacio\",\"@id\":\"https:\/\/fundaciocatalunyacultura.cat\/#\/schema\/person\/f30f60b8448aa2c1761a644f652a4744\"},\"headline\":\"Pistoletazo de salida del Programa IMPULSA CULTURA 2022. En marcha la primera fase\",\"datePublished\":\"2022-03-30T12:40:31+00:00\",\"dateModified\":\"2022-03-31T20:41:53+00:00\",\"mainEntityOfPage\":{\"@id\":\"https:\/\/fundaciocatalunyacultura.cat\/es\/pistoletazo-de-salida-del-programa-impulsa-cultura-2022-en-marcha-la-primera-fase\/\"},\"wordCount\":487,\"publisher\":{\"@id\":\"https:\/\/fundaciocatalunyacultura.cat\/#organization\"},\"articleSection\":[\"Noticias\"],\"inLanguage\":\"es\"},{\"@type\":\"WebPage\",\"@id\":\"https:\/\/fundaciocatalunyacultura.cat\/es\/pistoletazo-de-salida-del-programa-impulsa-cultura-2022-en-marcha-la-primera-fase\/\",\"url\":\"https:\/\/fundaciocatalunyacultura.cat\/es\/pistoletazo-de-salida-del-programa-impulsa-cultura-2022-en-marcha-la-primera-fase\/\",\"name\":\"Pistoletazo de salida del Programa IMPULSA CULTURA 2022. En marcha la primera fase | Fundaci\u00f3 Catalunya Cultura\",\"isPartOf\":{\"@id\":\"https:\/\/fundaciocatalunyacultura.cat\/#website\"},\"datePublished\":\"2022-03-30T12:40:31+00:00\",\"dateModified\":\"2022-03-31T20:41:53+00:00\",\"breadcrumb\":{\"@id\":\"https:\/\/fundaciocatalunyacultura.cat\/es\/pistoletazo-de-salida-del-programa-impulsa-cultura-2022-en-marcha-la-primera-fase\/#breadcrumb\"},\"inLanguage\":\"es\",\"potentialAction\":[{\"@type\":\"ReadAction\",\"target\":[\"https:\/\/fundaciocatalunyacultura.cat\/es\/pistoletazo-de-salida-del-programa-impulsa-cultura-2022-en-marcha-la-primera-fase\/\"]}]},{\"@type\":\"BreadcrumbList\",\"@id\":\"https:\/\/fundaciocatalunyacultura.cat\/es\/pistoletazo-de-salida-del-programa-impulsa-cultura-2022-en-marcha-la-primera-fase\/#breadcrumb\",\"itemListElement\":[{\"@type\":\"ListItem\",\"position\":1,\"name\":\"Inici\",\"item\":\"https:\/\/fundaciocatalunyacultura.cat\/es\/\"},{\"@type\":\"ListItem\",\"position\":2,\"name\":\"Pistoletazo de salida del Programa IMPULSA CULTURA 2022. En marcha la primera fase\"}]},{\"@type\":\"WebSite\",\"@id\":\"https:\/\/fundaciocatalunyacultura.cat\/#website\",\"url\":\"https:\/\/fundaciocatalunyacultura.cat\/\",\"name\":\"Fundaci\u00f3 Catalunya Cultura\",\"description\":\"\",\"publisher\":{\"@id\":\"https:\/\/fundaciocatalunyacultura.cat\/#organization\"},\"potentialAction\":[{\"@type\":\"SearchAction\",\"target\":{\"@type\":\"EntryPoint\",\"urlTemplate\":\"https:\/\/fundaciocatalunyacultura.cat\/?s={search_term_string}\"},\"query-input\":{\"@type\":\"PropertyValueSpecification\",\"valueRequired\":true,\"valueName\":\"search_term_string\"}}],\"inLanguage\":\"es\"},{\"@type\":\"Organization\",\"@id\":\"https:\/\/fundaciocatalunyacultura.cat\/#organization\",\"name\":\"Fundaci\u00f3 Catalunya Cultura\",\"url\":\"https:\/\/fundaciocatalunyacultura.cat\/\",\"logo\":{\"@type\":\"ImageObject\",\"inLanguage\":\"es\",\"@id\":\"https:\/\/fundaciocatalunyacultura.cat\/#\/schema\/logo\/image\/\",\"url\":\"https:\/\/hundreds-wordpress-uploads.s3.amazonaws.com\/fundacio-catalunya-cultura\/uploads\/2021\/03\/fcc_logo_blanc-scaled.jpeg\",\"contentUrl\":\"https:\/\/hundreds-wordpress-uploads.s3.amazonaws.com\/fundacio-catalunya-cultura\/uploads\/2021\/03\/fcc_logo_blanc-scaled.jpeg\",\"width\":2560,\"height\":1785,\"caption\":\"Fundaci\u00f3 Catalunya Cultura\"},\"image\":{\"@id\":\"https:\/\/fundaciocatalunyacultura.cat\/#\/schema\/logo\/image\/\"},\"sameAs\":[\"https:\/\/www.facebook.com\/fundaciocatalunyacultura\/\",\"https:\/\/x.com\/fcatcultura\",\"https:\/\/www.linkedin.com\/company\/fundaci\u00f3-catalunya-cultura\/\",\"https:\/\/ca.wikipedia.org\/wiki\/Fundaci\u00f3_Catalunya_Cultura\"]},{\"@type\":\"Person\",\"@id\":\"https:\/\/fundaciocatalunyacultura.cat\/#\/schema\/person\/f30f60b8448aa2c1761a644f652a4744\",\"name\":\"fundacio\",\"image\":{\"@type\":\"ImageObject\",\"inLanguage\":\"es\",\"@id\":\"https:\/\/fundaciocatalunyacultura.cat\/#\/schema\/person\/image\/\",\"url\":\"https:\/\/secure.gravatar.com\/avatar\/fe57a3f139ea81c65a338e37a8064b4e80844f839737532820c9107eb9e1966f?s=96&d=mm&r=g\",\"contentUrl\":\"https:\/\/secure.gravatar.com\/avatar\/fe57a3f139ea81c65a338e37a8064b4e80844f839737532820c9107eb9e1966f?s=96&d=mm&r=g\",\"caption\":\"fundacio\"},\"url\":\"https:\/\/fundaciocatalunyacultura.cat\/es\/author\/fundacio\/\"}]}<\/script>\n<!-- \/ Yoast SEO plugin. -->","yoast_head_json":{"title":"Pistoletazo de salida del Programa IMPULSA CULTURA 2022. En marcha la primera fase | Fundaci\u00f3 Catalunya Cultura","robots":{"index":"index","follow":"follow","max-snippet":"max-snippet:-1","max-image-preview":"max-image-preview:large","max-video-preview":"max-video-preview:-1"},"canonical":"https:\/\/fundaciocatalunyacultura.cat\/es\/pistoletazo-de-salida-del-programa-impulsa-cultura-2022-en-marcha-la-primera-fase\/","og_locale":"es_ES","og_type":"article","og_title":"Pistoletazo de salida del Programa IMPULSA CULTURA 2022. En marcha la primera fase | Fundaci\u00f3 Catalunya Cultura","og_description":"La Antigua F\u00e1brica Estrella Damm acogi\u00f3 ayer el acto de apertura del Programa IMPULSA CULTURA 2022. Los 39 proyectos seleccionados para la edici\u00f3n del Programa de este a\u00f1o se reunieron en un encuentro en el la cual tambi\u00e9n se sumaron proyectos que han participado en ediciones anteriores y que forman parte de la Comunidad IMPULSA [&hellip;]","og_url":"https:\/\/fundaciocatalunyacultura.cat\/es\/pistoletazo-de-salida-del-programa-impulsa-cultura-2022-en-marcha-la-primera-fase\/","og_site_name":"Fundaci\u00f3 Catalunya Cultura","article_publisher":"https:\/\/www.facebook.com\/fundaciocatalunyacultura\/","article_published_time":"2022-03-30T12:40:31+00:00","article_modified_time":"2022-03-31T20:41:53+00:00","author":"fundacio","twitter_card":"summary_large_image","twitter_creator":"@fcatcultura","twitter_site":"@fcatcultura","twitter_misc":{"Escrito por":"fundacio","Tiempo de lectura":"2 minutos"},"schema":{"@context":"https:\/\/schema.org","@graph":[{"@type":"Article","@id":"https:\/\/fundaciocatalunyacultura.cat\/es\/pistoletazo-de-salida-del-programa-impulsa-cultura-2022-en-marcha-la-primera-fase\/#article","isPartOf":{"@id":"https:\/\/fundaciocatalunyacultura.cat\/es\/pistoletazo-de-salida-del-programa-impulsa-cultura-2022-en-marcha-la-primera-fase\/"},"author":{"name":"fundacio","@id":"https:\/\/fundaciocatalunyacultura.cat\/#\/schema\/person\/f30f60b8448aa2c1761a644f652a4744"},"headline":"Pistoletazo de salida del Programa IMPULSA CULTURA 2022. En marcha la primera fase","datePublished":"2022-03-30T12:40:31+00:00","dateModified":"2022-03-31T20:41:53+00:00","mainEntityOfPage":{"@id":"https:\/\/fundaciocatalunyacultura.cat\/es\/pistoletazo-de-salida-del-programa-impulsa-cultura-2022-en-marcha-la-primera-fase\/"},"wordCount":487,"publisher":{"@id":"https:\/\/fundaciocatalunyacultura.cat\/#organization"},"articleSection":["Noticias"],"inLanguage":"es"},{"@type":"WebPage","@id":"https:\/\/fundaciocatalunyacultura.cat\/es\/pistoletazo-de-salida-del-programa-impulsa-cultura-2022-en-marcha-la-primera-fase\/","url":"https:\/\/fundaciocatalunyacultura.cat\/es\/pistoletazo-de-salida-del-programa-impulsa-cultura-2022-en-marcha-la-primera-fase\/","name":"Pistoletazo de salida del Programa IMPULSA CULTURA 2022. En marcha la primera fase | Fundaci\u00f3 Catalunya Cultura","isPartOf":{"@id":"https:\/\/fundaciocatalunyacultura.cat\/#website"},"datePublished":"2022-03-30T12:40:31+00:00","dateModified":"2022-03-31T20:41:53+00:00","breadcrumb":{"@id":"https:\/\/fundaciocatalunyacultura.cat\/es\/pistoletazo-de-salida-del-programa-impulsa-cultura-2022-en-marcha-la-primera-fase\/#breadcrumb"},"inLanguage":"es","potentialAction":[{"@type":"ReadAction","target":["https:\/\/fundaciocatalunyacultura.cat\/es\/pistoletazo-de-salida-del-programa-impulsa-cultura-2022-en-marcha-la-primera-fase\/"]}]},{"@type":"BreadcrumbList","@id":"https:\/\/fundaciocatalunyacultura.cat\/es\/pistoletazo-de-salida-del-programa-impulsa-cultura-2022-en-marcha-la-primera-fase\/#breadcrumb","itemListElement":[{"@type":"ListItem","position":1,"name":"Inici","item":"https:\/\/fundaciocatalunyacultura.cat\/es\/"},{"@type":"ListItem","position":2,"name":"Pistoletazo de salida del Programa IMPULSA CULTURA 2022. En marcha la primera fase"}]},{"@type":"WebSite","@id":"https:\/\/fundaciocatalunyacultura.cat\/#website","url":"https:\/\/fundaciocatalunyacultura.cat\/","name":"Fundaci\u00f3 Catalunya Cultura","description":"","publisher":{"@id":"https:\/\/fundaciocatalunyacultura.cat\/#organization"},"potentialAction":[{"@type":"SearchAction","target":{"@type":"EntryPoint","urlTemplate":"https:\/\/fundaciocatalunyacultura.cat\/?s={search_term_string}"},"query-input":{"@type":"PropertyValueSpecification","valueRequired":true,"valueName":"search_term_string"}}],"inLanguage":"es"},{"@type":"Organization","@id":"https:\/\/fundaciocatalunyacultura.cat\/#organization","name":"Fundaci\u00f3 Catalunya Cultura","url":"https:\/\/fundaciocatalunyacultura.cat\/","logo":{"@type":"ImageObject","inLanguage":"es","@id":"https:\/\/fundaciocatalunyacultura.cat\/#\/schema\/logo\/image\/","url":"https:\/\/hundreds-wordpress-uploads.s3.amazonaws.com\/fundacio-catalunya-cultura\/uploads\/2021\/03\/fcc_logo_blanc-scaled.jpeg","contentUrl":"https:\/\/hundreds-wordpress-uploads.s3.amazonaws.com\/fundacio-catalunya-cultura\/uploads\/2021\/03\/fcc_logo_blanc-scaled.jpeg","width":2560,"height":1785,"caption":"Fundaci\u00f3 Catalunya Cultura"},"image":{"@id":"https:\/\/fundaciocatalunyacultura.cat\/#\/schema\/logo\/image\/"},"sameAs":["https:\/\/www.facebook.com\/fundaciocatalunyacultura\/","https:\/\/x.com\/fcatcultura","https:\/\/www.linkedin.com\/company\/fundaci\u00f3-catalunya-cultura\/","https:\/\/ca.wikipedia.org\/wiki\/Fundaci\u00f3_Catalunya_Cultura"]},{"@type":"Person","@id":"https:\/\/fundaciocatalunyacultura.cat\/#\/schema\/person\/f30f60b8448aa2c1761a644f652a4744","name":"fundacio","image":{"@type":"ImageObject","inLanguage":"es","@id":"https:\/\/fundaciocatalunyacultura.cat\/#\/schema\/person\/image\/","url":"https:\/\/secure.gravatar.com\/avatar\/fe57a3f139ea81c65a338e37a8064b4e80844f839737532820c9107eb9e1966f?s=96&d=mm&r=g","contentUrl":"https:\/\/secure.gravatar.com\/avatar\/fe57a3f139ea81c65a338e37a8064b4e80844f839737532820c9107eb9e1966f?s=96&d=mm&r=g","caption":"fundacio"},"url":"https:\/\/fundaciocatalunyacultura.cat\/es\/author\/fundacio\/"}]}},"_links":{"self":[{"href":"https:\/\/fundaciocatalunyacultura.cat\/es\/wp-json\/wp\/v2\/posts\/8799","targetHints":{"allow":["GET"]}}],"collection":[{"href":"https:\/\/fundaciocatalunyacultura.cat\/es\/wp-json\/wp\/v2\/posts"}],"about":[{"href":"https:\/\/fundaciocatalunyacultura.cat\/es\/wp-json\/wp\/v2\/types\/post"}],"author":[{"embeddable":true,"href":"https:\/\/fundaciocatalunyacultura.cat\/es\/wp-json\/wp\/v2\/users\/1"}],"replies":[{"embeddable":true,"href":"https:\/\/fundaciocatalunyacultura.cat\/es\/wp-json\/wp\/v2\/comments?post=8799"}],"version-history":[{"count":9,"href":"https:\/\/fundaciocatalunyacultura.cat\/es\/wp-json\/wp\/v2\/posts\/8799\/revisions"}],"predecessor-version":[{"id":8833,"href":"https:\/\/fundaciocatalunyacultura.cat\/es\/wp-json\/wp\/v2\/posts\/8799\/revisions\/8833"}],"wp:attachment":[{"href":"https:\/\/fundaciocatalunyacultura.cat\/es\/wp-json\/wp\/v2\/media?parent=8799"}],"wp:term":[{"taxonomy":"category","embeddable":true,"href":"https:\/\/fundaciocatalunyacultura.cat\/es\/wp-json\/wp\/v2\/categories?post=8799"}],"curies":[{"name":"wp","href":"https:\/\/api.w.org\/{rel}","templated":true}]}}