{"id":6098,"date":"2021-11-03T10:58:43","date_gmt":"2021-11-03T10:58:43","guid":{"rendered":"https:\/\/www.fundaciocatalunyacultura.cat\/?p=6098"},"modified":"2021-11-05T11:53:40","modified_gmt":"2021-11-05T11:53:40","slug":"santi-palacios-el-poder-evocador-de-la-fotografia-es-insuperable","status":"publish","type":"post","link":"https:\/\/fundaciocatalunyacultura.cat\/es\/santi-palacios-el-poder-evocador-de-la-fotografia-es-insuperable\/","title":{"rendered":"Santi Palacios: \u00abEl poder evocador de la fotograf\u00eda es insuperable\u00bb"},"content":{"rendered":"<p><img loading=\"lazy\" decoding=\"async\" class=\"alignnone size-full wp-image-6101\" src=\"https:\/\/hundreds-wordpress-uploads.s3.amazonaws.com\/fundacio-catalunya-cultura\/uploads\/2021\/11\/foto-Santi-Palacios-1-scaled.jpeg\" alt=\"\" width=\"2560\" height=\"1706\" srcset=\"https:\/\/hundreds-wordpress-uploads.s3.amazonaws.com\/fundacio-catalunya-cultura\/uploads\/2021\/11\/foto-Santi-Palacios-1-scaled.jpeg 2560w, https:\/\/hundreds-wordpress-uploads.s3.amazonaws.com\/fundacio-catalunya-cultura\/uploads\/2021\/11\/foto-Santi-Palacios-1-300x200.jpeg 300w, https:\/\/hundreds-wordpress-uploads.s3.amazonaws.com\/fundacio-catalunya-cultura\/uploads\/2021\/11\/foto-Santi-Palacios-1-1024x682.jpeg 1024w, https:\/\/hundreds-wordpress-uploads.s3.amazonaws.com\/fundacio-catalunya-cultura\/uploads\/2021\/11\/foto-Santi-Palacios-1-768x512.jpeg 768w, https:\/\/hundreds-wordpress-uploads.s3.amazonaws.com\/fundacio-catalunya-cultura\/uploads\/2021\/11\/foto-Santi-Palacios-1-1536x1024.jpeg 1536w, https:\/\/hundreds-wordpress-uploads.s3.amazonaws.com\/fundacio-catalunya-cultura\/uploads\/2021\/11\/foto-Santi-Palacios-1-2048x1365.jpeg 2048w\" sizes=\"auto, (max-width: 2560px) 100vw, 2560px\" \/><\/p>\n<p>Una impactante fotograf\u00eda original firmada del multipremiado fotoperiodista <a href=\"https:\/\/www.santipalacios.com\/\"><strong>Santi Palacios<\/strong><\/a> (Madrid, 1985) ha formado parte del premio de la VI edici\u00f3n IMPULSA CULTURA. El arte est\u00e1 en el ADN de la Fundaci\u00f3, y si el a\u00f1o pasado los finalistas se llevaron una litograf\u00eda de Paula Bonet, este 2021 la disciplina elegida ha sido una de las grandes olvidadas.<\/p>\n<p><strong>\u00bfQu\u00e9 le parece que una de sus fotograf\u00edas se convierta en un premio para distinguir a un proyecto cultural?<\/strong><\/p>\n<p>Siempre es un placer ver fotograf\u00edas impresas en papel, y me encanta que una fotograf\u00eda sirva para apoyar un premio que distingue a un proyecto cultural.<\/p>\n<p><strong>\u00bfEs la primera vez que le sucede?<\/strong><\/p>\n<p>Es la primera vez que una copia impresa de una de mis fotograf\u00edas se entrega como parte de un premio, s\u00ed.<\/p>\n<p><strong>\u00bfRecuerda el momento exacto de cu\u00e1ndo tom\u00f3 esta fotograf\u00eda?<\/strong><\/p>\n<p>Lo recuerdo muy bien, fue durante el amanecer del 28 de mayo de 2014.<\/p>\n<p>Llevaba meses trabajando en la valla fronteriza que separa Marruecos de Melilla. Aquella madrugada, poco antes del amanecer, cerca de mil j\u00f3venes procedentes de distintos pa\u00edses africanos\u00a0trataron de saltar la valla desde Marruecos para entrar en territorio europeo. M\u00e1s de 400\u00a0consiguieron entrar y permanecer en Melilla, mientras que el resto fueron\u00a0bloqueados por la polic\u00eda marroqu\u00ed o devueltos en caliente a Marruecos por agentes de la Guardia Civil.<\/p>\n<p>Cuando todav\u00eda era de noche la situaci\u00f3n era ca\u00f3tica, en el per\u00edmetro fronterizo se escuchaban golpes y los gritos de dolor de muchos de estos j\u00f3venes. Al\u00a0amanecer, solo quedaban en la valla aquellos que no hab\u00edan logrado descender a tiempo; como el chico que aparece en la imagen, que tras varias horas sentado sobre una c\u00e1mara de seguridad espa\u00f1ola, dentro de territorio espa\u00f1ol, fue devuelto en caliente a Marruecos.<\/p>\n<p><strong>Con la fotograf\u00eda hace un periodismo que dif\u00edcilmente lograr\u00eda con otro lenguaje.<\/strong><\/p>\n<p>Soy fotoperiodista, es decir, un periodista que hace periodismo utilizando la fotograf\u00eda como herramienta principal, siempre para hacer periodismo. La fotograf\u00eda es tal vez la unidad m\u00e1s sencilla de comunicaci\u00f3n, una imagen fija, un lenguaje universal, que cualquiera puede comprender en apenas un vistazo. Tambi\u00e9n tiene sus carencias respecto al texto, audio y v\u00eddeo, pero <strong>el poder evocador de la fotograf\u00eda es insuperable<\/strong>. A la hora de transmitir informaci\u00f3n, la forma de trabajar va directamente vinculada al lenguaje con el que trabajamos.<\/p>\n<p>Ning\u00fan lenguaje supera a la fotograf\u00eda a la hora de evocar emociones o ideas, con tan solo echar un vistazo que puede durar una fracci\u00f3n de segundo.<\/p>\n<p><strong>\u00bfQu\u00e9 resaltar\u00eda de sus fotograf\u00edas?<\/strong><\/p>\n<p>Qu\u00e9 dif\u00edcil de responder. Trato de capturar las emociones que se respiran en las escenas que fotograf\u00eda, otra cosa es que lo consiga&#8230;<\/p>\n<p><strong>\u00bfHasta qu\u00e9 punto ser soci\u00f3logo de formaci\u00f3n afecta en sus fotograf\u00edas y en su manera de implicarse en los dramas que retrata?<\/strong><\/p>\n<p>No s\u00e9 si afecta a las fotograf\u00edas en s\u00ed pero s\u00ed soy consciente que siempre ha influido mucho a la hora de elegir los temas que me interesa trabajar, en la forma de comprender los conflictos sobre los que trabajo y en el an\u00e1lisis que hago sobre el trabajo producido.<\/p>\n<p><strong>\u00bfC\u00f3mo logra que la gente permita que le fotograf\u00ede en situaciones tan l\u00edmite y desesperantes?<\/strong><\/p>\n<p>Trabajando sobre el terreno existe un lenguaje no verbal que se aprende a leer para saber cu\u00e1ndo fotografiar y cu\u00e1ndo no hacerlo. Dicho esto, cada situaci\u00f3n es un mundo y habr\u00eda que estudiar una por una.<\/p>\n","protected":false},"excerpt":{"rendered":"<p>Una impactante fotograf\u00eda original firmada del multipremiado fotoperiodista Santi Palacios (Madrid, 1985) ha formado parte del premio de la VI edici\u00f3n IMPULSA CULTURA. El arte est\u00e1 en el ADN de la Fundaci\u00f3, y si el a\u00f1o pasado los finalistas se llevaron una litograf\u00eda de Paula Bonet, este 2021 la disciplina elegida ha sido una de [&hellip;]<\/p>\n","protected":false},"author":1,"featured_media":0,"comment_status":"closed","ping_status":"closed","sticky":false,"template":"","format":"standard","meta":{"_acf_changed":false,"footnotes":""},"categories":[51,44],"class_list":["post-6098","post","type-post","status-publish","format-standard","hentry","category-entrevistas","category-noticias"],"acf":[],"yoast_head":"<!-- This site is optimized with the Yoast SEO plugin v25.1 - https:\/\/yoast.com\/wordpress\/plugins\/seo\/ -->\n<title>Santi Palacios: &quot;El poder evocador de la fotograf\u00eda es insuperable&quot; | Fundaci\u00f3 Catalunya Cultura<\/title>\n<meta name=\"robots\" content=\"index, follow, max-snippet:-1, max-image-preview:large, max-video-preview:-1\" \/>\n<link rel=\"canonical\" href=\"https:\/\/fundaciocatalunyacultura.cat\/es\/santi-palacios-el-poder-evocador-de-la-fotografia-es-insuperable\/\" \/>\n<meta property=\"og:locale\" content=\"es_ES\" \/>\n<meta property=\"og:type\" content=\"article\" \/>\n<meta property=\"og:title\" content=\"Santi Palacios: &quot;El poder evocador de la fotograf\u00eda es insuperable&quot; | Fundaci\u00f3 Catalunya Cultura\" \/>\n<meta property=\"og:description\" content=\"Una impactante fotograf\u00eda original firmada del multipremiado fotoperiodista Santi Palacios (Madrid, 1985) ha formado parte del premio de la VI edici\u00f3n IMPULSA CULTURA. El arte est\u00e1 en el ADN de la Fundaci\u00f3, y si el a\u00f1o pasado los finalistas se llevaron una litograf\u00eda de Paula Bonet, este 2021 la disciplina elegida ha sido una de [&hellip;]\" \/>\n<meta property=\"og:url\" content=\"https:\/\/fundaciocatalunyacultura.cat\/es\/santi-palacios-el-poder-evocador-de-la-fotografia-es-insuperable\/\" \/>\n<meta property=\"og:site_name\" content=\"Fundaci\u00f3 Catalunya Cultura\" \/>\n<meta property=\"article:publisher\" content=\"https:\/\/www.facebook.com\/fundaciocatalunyacultura\/\" \/>\n<meta property=\"article:published_time\" content=\"2021-11-03T10:58:43+00:00\" \/>\n<meta property=\"article:modified_time\" content=\"2021-11-05T11:53:40+00:00\" \/>\n<meta property=\"og:image\" content=\"https:\/\/hundreds-wordpress-uploads.s3.amazonaws.com\/fundacio-catalunya-cultura\/uploads\/2021\/11\/foto-Santi-Palacios-1-scaled.jpeg\" \/>\n<meta name=\"author\" content=\"fundacio\" \/>\n<meta name=\"twitter:card\" content=\"summary_large_image\" \/>\n<meta name=\"twitter:creator\" content=\"@fcatcultura\" \/>\n<meta name=\"twitter:site\" content=\"@fcatcultura\" \/>\n<meta name=\"twitter:label1\" content=\"Escrito por\" \/>\n\t<meta name=\"twitter:data1\" content=\"fundacio\" \/>\n\t<meta name=\"twitter:label2\" content=\"Tiempo de lectura\" \/>\n\t<meta name=\"twitter:data2\" content=\"3 minutos\" \/>\n<script type=\"application\/ld+json\" class=\"yoast-schema-graph\">{\"@context\":\"https:\/\/schema.org\",\"@graph\":[{\"@type\":\"Article\",\"@id\":\"https:\/\/fundaciocatalunyacultura.cat\/es\/santi-palacios-el-poder-evocador-de-la-fotografia-es-insuperable\/#article\",\"isPartOf\":{\"@id\":\"https:\/\/fundaciocatalunyacultura.cat\/es\/santi-palacios-el-poder-evocador-de-la-fotografia-es-insuperable\/\"},\"author\":{\"name\":\"fundacio\",\"@id\":\"https:\/\/www.fundaciocatalunyacultura.cat\/#\/schema\/person\/f30f60b8448aa2c1761a644f652a4744\"},\"headline\":\"Santi Palacios: \u00abEl poder evocador de la fotograf\u00eda es insuperable\u00bb\",\"datePublished\":\"2021-11-03T10:58:43+00:00\",\"dateModified\":\"2021-11-05T11:53:40+00:00\",\"mainEntityOfPage\":{\"@id\":\"https:\/\/fundaciocatalunyacultura.cat\/es\/santi-palacios-el-poder-evocador-de-la-fotografia-es-insuperable\/\"},\"wordCount\":625,\"publisher\":{\"@id\":\"https:\/\/www.fundaciocatalunyacultura.cat\/#organization\"},\"image\":{\"@id\":\"https:\/\/fundaciocatalunyacultura.cat\/es\/santi-palacios-el-poder-evocador-de-la-fotografia-es-insuperable\/#primaryimage\"},\"thumbnailUrl\":\"https:\/\/hundreds-wordpress-uploads.s3.amazonaws.com\/fundacio-catalunya-cultura\/uploads\/2021\/11\/foto-Santi-Palacios-1-scaled.jpeg\",\"articleSection\":[\"Entrevistas\",\"Noticias\"],\"inLanguage\":\"es\"},{\"@type\":\"WebPage\",\"@id\":\"https:\/\/fundaciocatalunyacultura.cat\/es\/santi-palacios-el-poder-evocador-de-la-fotografia-es-insuperable\/\",\"url\":\"https:\/\/fundaciocatalunyacultura.cat\/es\/santi-palacios-el-poder-evocador-de-la-fotografia-es-insuperable\/\",\"name\":\"Santi Palacios: \\\"El poder evocador de la fotograf\u00eda es insuperable\\\" | Fundaci\u00f3 Catalunya Cultura\",\"isPartOf\":{\"@id\":\"https:\/\/www.fundaciocatalunyacultura.cat\/#website\"},\"primaryImageOfPage\":{\"@id\":\"https:\/\/fundaciocatalunyacultura.cat\/es\/santi-palacios-el-poder-evocador-de-la-fotografia-es-insuperable\/#primaryimage\"},\"image\":{\"@id\":\"https:\/\/fundaciocatalunyacultura.cat\/es\/santi-palacios-el-poder-evocador-de-la-fotografia-es-insuperable\/#primaryimage\"},\"thumbnailUrl\":\"https:\/\/hundreds-wordpress-uploads.s3.amazonaws.com\/fundacio-catalunya-cultura\/uploads\/2021\/11\/foto-Santi-Palacios-1-scaled.jpeg\",\"datePublished\":\"2021-11-03T10:58:43+00:00\",\"dateModified\":\"2021-11-05T11:53:40+00:00\",\"breadcrumb\":{\"@id\":\"https:\/\/fundaciocatalunyacultura.cat\/es\/santi-palacios-el-poder-evocador-de-la-fotografia-es-insuperable\/#breadcrumb\"},\"inLanguage\":\"es\",\"potentialAction\":[{\"@type\":\"ReadAction\",\"target\":[\"https:\/\/fundaciocatalunyacultura.cat\/es\/santi-palacios-el-poder-evocador-de-la-fotografia-es-insuperable\/\"]}]},{\"@type\":\"ImageObject\",\"inLanguage\":\"es\",\"@id\":\"https:\/\/fundaciocatalunyacultura.cat\/es\/santi-palacios-el-poder-evocador-de-la-fotografia-es-insuperable\/#primaryimage\",\"url\":\"https:\/\/hundreds-wordpress-uploads.s3.amazonaws.com\/fundacio-catalunya-cultura\/uploads\/2021\/11\/foto-Santi-Palacios-1-scaled.jpeg\",\"contentUrl\":\"https:\/\/hundreds-wordpress-uploads.s3.amazonaws.com\/fundacio-catalunya-cultura\/uploads\/2021\/11\/foto-Santi-Palacios-1-scaled.jpeg\"},{\"@type\":\"BreadcrumbList\",\"@id\":\"https:\/\/fundaciocatalunyacultura.cat\/es\/santi-palacios-el-poder-evocador-de-la-fotografia-es-insuperable\/#breadcrumb\",\"itemListElement\":[{\"@type\":\"ListItem\",\"position\":1,\"name\":\"Inici\",\"item\":\"https:\/\/www.fundaciocatalunyacultura.cat\/es\/\"},{\"@type\":\"ListItem\",\"position\":2,\"name\":\"Santi Palacios: \u00abEl poder evocador de la fotograf\u00eda es insuperable\u00bb\"}]},{\"@type\":\"WebSite\",\"@id\":\"https:\/\/www.fundaciocatalunyacultura.cat\/#website\",\"url\":\"https:\/\/www.fundaciocatalunyacultura.cat\/\",\"name\":\"Fundaci\u00f3 Catalunya Cultura\",\"description\":\"\",\"publisher\":{\"@id\":\"https:\/\/www.fundaciocatalunyacultura.cat\/#organization\"},\"potentialAction\":[{\"@type\":\"SearchAction\",\"target\":{\"@type\":\"EntryPoint\",\"urlTemplate\":\"https:\/\/www.fundaciocatalunyacultura.cat\/?s={search_term_string}\"},\"query-input\":{\"@type\":\"PropertyValueSpecification\",\"valueRequired\":true,\"valueName\":\"search_term_string\"}}],\"inLanguage\":\"es\"},{\"@type\":\"Organization\",\"@id\":\"https:\/\/www.fundaciocatalunyacultura.cat\/#organization\",\"name\":\"Fundaci\u00f3 Catalunya Cultura\",\"url\":\"https:\/\/www.fundaciocatalunyacultura.cat\/\",\"logo\":{\"@type\":\"ImageObject\",\"inLanguage\":\"es\",\"@id\":\"https:\/\/www.fundaciocatalunyacultura.cat\/#\/schema\/logo\/image\/\",\"url\":\"https:\/\/hundreds-wordpress-uploads.s3.amazonaws.com\/fundacio-catalunya-cultura\/uploads\/2021\/03\/fcc_logo_blanc-scaled.jpeg\",\"contentUrl\":\"https:\/\/hundreds-wordpress-uploads.s3.amazonaws.com\/fundacio-catalunya-cultura\/uploads\/2021\/03\/fcc_logo_blanc-scaled.jpeg\",\"width\":2560,\"height\":1785,\"caption\":\"Fundaci\u00f3 Catalunya Cultura\"},\"image\":{\"@id\":\"https:\/\/www.fundaciocatalunyacultura.cat\/#\/schema\/logo\/image\/\"},\"sameAs\":[\"https:\/\/www.facebook.com\/fundaciocatalunyacultura\/\",\"https:\/\/x.com\/fcatcultura\",\"https:\/\/www.linkedin.com\/company\/fundaci\u00f3-catalunya-cultura\/\",\"https:\/\/ca.wikipedia.org\/wiki\/Fundaci\u00f3_Catalunya_Cultura\"]},{\"@type\":\"Person\",\"@id\":\"https:\/\/www.fundaciocatalunyacultura.cat\/#\/schema\/person\/f30f60b8448aa2c1761a644f652a4744\",\"name\":\"fundacio\",\"image\":{\"@type\":\"ImageObject\",\"inLanguage\":\"es\",\"@id\":\"https:\/\/www.fundaciocatalunyacultura.cat\/#\/schema\/person\/image\/\",\"url\":\"https:\/\/secure.gravatar.com\/avatar\/fe57a3f139ea81c65a338e37a8064b4e80844f839737532820c9107eb9e1966f?s=96&d=mm&r=g\",\"contentUrl\":\"https:\/\/secure.gravatar.com\/avatar\/fe57a3f139ea81c65a338e37a8064b4e80844f839737532820c9107eb9e1966f?s=96&d=mm&r=g\",\"caption\":\"fundacio\"},\"url\":\"https:\/\/fundaciocatalunyacultura.cat\/es\/author\/fundacio\/\"}]}<\/script>\n<!-- \/ Yoast SEO plugin. -->","yoast_head_json":{"title":"Santi Palacios: \"El poder evocador de la fotograf\u00eda es insuperable\" | Fundaci\u00f3 Catalunya Cultura","robots":{"index":"index","follow":"follow","max-snippet":"max-snippet:-1","max-image-preview":"max-image-preview:large","max-video-preview":"max-video-preview:-1"},"canonical":"https:\/\/fundaciocatalunyacultura.cat\/es\/santi-palacios-el-poder-evocador-de-la-fotografia-es-insuperable\/","og_locale":"es_ES","og_type":"article","og_title":"Santi Palacios: \"El poder evocador de la fotograf\u00eda es insuperable\" | Fundaci\u00f3 Catalunya Cultura","og_description":"Una impactante fotograf\u00eda original firmada del multipremiado fotoperiodista Santi Palacios (Madrid, 1985) ha formado parte del premio de la VI edici\u00f3n IMPULSA CULTURA. El arte est\u00e1 en el ADN de la Fundaci\u00f3, y si el a\u00f1o pasado los finalistas se llevaron una litograf\u00eda de Paula Bonet, este 2021 la disciplina elegida ha sido una de [&hellip;]","og_url":"https:\/\/fundaciocatalunyacultura.cat\/es\/santi-palacios-el-poder-evocador-de-la-fotografia-es-insuperable\/","og_site_name":"Fundaci\u00f3 Catalunya Cultura","article_publisher":"https:\/\/www.facebook.com\/fundaciocatalunyacultura\/","article_published_time":"2021-11-03T10:58:43+00:00","article_modified_time":"2021-11-05T11:53:40+00:00","og_image":[{"url":"https:\/\/hundreds-wordpress-uploads.s3.amazonaws.com\/fundacio-catalunya-cultura\/uploads\/2021\/11\/foto-Santi-Palacios-1-scaled.jpeg","type":"","width":"","height":""}],"author":"fundacio","twitter_card":"summary_large_image","twitter_creator":"@fcatcultura","twitter_site":"@fcatcultura","twitter_misc":{"Escrito por":"fundacio","Tiempo de lectura":"3 minutos"},"schema":{"@context":"https:\/\/schema.org","@graph":[{"@type":"Article","@id":"https:\/\/fundaciocatalunyacultura.cat\/es\/santi-palacios-el-poder-evocador-de-la-fotografia-es-insuperable\/#article","isPartOf":{"@id":"https:\/\/fundaciocatalunyacultura.cat\/es\/santi-palacios-el-poder-evocador-de-la-fotografia-es-insuperable\/"},"author":{"name":"fundacio","@id":"https:\/\/www.fundaciocatalunyacultura.cat\/#\/schema\/person\/f30f60b8448aa2c1761a644f652a4744"},"headline":"Santi Palacios: \u00abEl poder evocador de la fotograf\u00eda es insuperable\u00bb","datePublished":"2021-11-03T10:58:43+00:00","dateModified":"2021-11-05T11:53:40+00:00","mainEntityOfPage":{"@id":"https:\/\/fundaciocatalunyacultura.cat\/es\/santi-palacios-el-poder-evocador-de-la-fotografia-es-insuperable\/"},"wordCount":625,"publisher":{"@id":"https:\/\/www.fundaciocatalunyacultura.cat\/#organization"},"image":{"@id":"https:\/\/fundaciocatalunyacultura.cat\/es\/santi-palacios-el-poder-evocador-de-la-fotografia-es-insuperable\/#primaryimage"},"thumbnailUrl":"https:\/\/hundreds-wordpress-uploads.s3.amazonaws.com\/fundacio-catalunya-cultura\/uploads\/2021\/11\/foto-Santi-Palacios-1-scaled.jpeg","articleSection":["Entrevistas","Noticias"],"inLanguage":"es"},{"@type":"WebPage","@id":"https:\/\/fundaciocatalunyacultura.cat\/es\/santi-palacios-el-poder-evocador-de-la-fotografia-es-insuperable\/","url":"https:\/\/fundaciocatalunyacultura.cat\/es\/santi-palacios-el-poder-evocador-de-la-fotografia-es-insuperable\/","name":"Santi Palacios: \"El poder evocador de la fotograf\u00eda es insuperable\" | Fundaci\u00f3 Catalunya Cultura","isPartOf":{"@id":"https:\/\/www.fundaciocatalunyacultura.cat\/#website"},"primaryImageOfPage":{"@id":"https:\/\/fundaciocatalunyacultura.cat\/es\/santi-palacios-el-poder-evocador-de-la-fotografia-es-insuperable\/#primaryimage"},"image":{"@id":"https:\/\/fundaciocatalunyacultura.cat\/es\/santi-palacios-el-poder-evocador-de-la-fotografia-es-insuperable\/#primaryimage"},"thumbnailUrl":"https:\/\/hundreds-wordpress-uploads.s3.amazonaws.com\/fundacio-catalunya-cultura\/uploads\/2021\/11\/foto-Santi-Palacios-1-scaled.jpeg","datePublished":"2021-11-03T10:58:43+00:00","dateModified":"2021-11-05T11:53:40+00:00","breadcrumb":{"@id":"https:\/\/fundaciocatalunyacultura.cat\/es\/santi-palacios-el-poder-evocador-de-la-fotografia-es-insuperable\/#breadcrumb"},"inLanguage":"es","potentialAction":[{"@type":"ReadAction","target":["https:\/\/fundaciocatalunyacultura.cat\/es\/santi-palacios-el-poder-evocador-de-la-fotografia-es-insuperable\/"]}]},{"@type":"ImageObject","inLanguage":"es","@id":"https:\/\/fundaciocatalunyacultura.cat\/es\/santi-palacios-el-poder-evocador-de-la-fotografia-es-insuperable\/#primaryimage","url":"https:\/\/hundreds-wordpress-uploads.s3.amazonaws.com\/fundacio-catalunya-cultura\/uploads\/2021\/11\/foto-Santi-Palacios-1-scaled.jpeg","contentUrl":"https:\/\/hundreds-wordpress-uploads.s3.amazonaws.com\/fundacio-catalunya-cultura\/uploads\/2021\/11\/foto-Santi-Palacios-1-scaled.jpeg"},{"@type":"BreadcrumbList","@id":"https:\/\/fundaciocatalunyacultura.cat\/es\/santi-palacios-el-poder-evocador-de-la-fotografia-es-insuperable\/#breadcrumb","itemListElement":[{"@type":"ListItem","position":1,"name":"Inici","item":"https:\/\/www.fundaciocatalunyacultura.cat\/es\/"},{"@type":"ListItem","position":2,"name":"Santi Palacios: \u00abEl poder evocador de la fotograf\u00eda es insuperable\u00bb"}]},{"@type":"WebSite","@id":"https:\/\/www.fundaciocatalunyacultura.cat\/#website","url":"https:\/\/www.fundaciocatalunyacultura.cat\/","name":"Fundaci\u00f3 Catalunya Cultura","description":"","publisher":{"@id":"https:\/\/www.fundaciocatalunyacultura.cat\/#organization"},"potentialAction":[{"@type":"SearchAction","target":{"@type":"EntryPoint","urlTemplate":"https:\/\/www.fundaciocatalunyacultura.cat\/?s={search_term_string}"},"query-input":{"@type":"PropertyValueSpecification","valueRequired":true,"valueName":"search_term_string"}}],"inLanguage":"es"},{"@type":"Organization","@id":"https:\/\/www.fundaciocatalunyacultura.cat\/#organization","name":"Fundaci\u00f3 Catalunya Cultura","url":"https:\/\/www.fundaciocatalunyacultura.cat\/","logo":{"@type":"ImageObject","inLanguage":"es","@id":"https:\/\/www.fundaciocatalunyacultura.cat\/#\/schema\/logo\/image\/","url":"https:\/\/hundreds-wordpress-uploads.s3.amazonaws.com\/fundacio-catalunya-cultura\/uploads\/2021\/03\/fcc_logo_blanc-scaled.jpeg","contentUrl":"https:\/\/hundreds-wordpress-uploads.s3.amazonaws.com\/fundacio-catalunya-cultura\/uploads\/2021\/03\/fcc_logo_blanc-scaled.jpeg","width":2560,"height":1785,"caption":"Fundaci\u00f3 Catalunya Cultura"},"image":{"@id":"https:\/\/www.fundaciocatalunyacultura.cat\/#\/schema\/logo\/image\/"},"sameAs":["https:\/\/www.facebook.com\/fundaciocatalunyacultura\/","https:\/\/x.com\/fcatcultura","https:\/\/www.linkedin.com\/company\/fundaci\u00f3-catalunya-cultura\/","https:\/\/ca.wikipedia.org\/wiki\/Fundaci\u00f3_Catalunya_Cultura"]},{"@type":"Person","@id":"https:\/\/www.fundaciocatalunyacultura.cat\/#\/schema\/person\/f30f60b8448aa2c1761a644f652a4744","name":"fundacio","image":{"@type":"ImageObject","inLanguage":"es","@id":"https:\/\/www.fundaciocatalunyacultura.cat\/#\/schema\/person\/image\/","url":"https:\/\/secure.gravatar.com\/avatar\/fe57a3f139ea81c65a338e37a8064b4e80844f839737532820c9107eb9e1966f?s=96&d=mm&r=g","contentUrl":"https:\/\/secure.gravatar.com\/avatar\/fe57a3f139ea81c65a338e37a8064b4e80844f839737532820c9107eb9e1966f?s=96&d=mm&r=g","caption":"fundacio"},"url":"https:\/\/fundaciocatalunyacultura.cat\/es\/author\/fundacio\/"}]}},"_links":{"self":[{"href":"https:\/\/fundaciocatalunyacultura.cat\/es\/wp-json\/wp\/v2\/posts\/6098","targetHints":{"allow":["GET"]}}],"collection":[{"href":"https:\/\/fundaciocatalunyacultura.cat\/es\/wp-json\/wp\/v2\/posts"}],"about":[{"href":"https:\/\/fundaciocatalunyacultura.cat\/es\/wp-json\/wp\/v2\/types\/post"}],"author":[{"embeddable":true,"href":"https:\/\/fundaciocatalunyacultura.cat\/es\/wp-json\/wp\/v2\/users\/1"}],"replies":[{"embeddable":true,"href":"https:\/\/fundaciocatalunyacultura.cat\/es\/wp-json\/wp\/v2\/comments?post=6098"}],"version-history":[{"count":6,"href":"https:\/\/fundaciocatalunyacultura.cat\/es\/wp-json\/wp\/v2\/posts\/6098\/revisions"}],"predecessor-version":[{"id":6143,"href":"https:\/\/fundaciocatalunyacultura.cat\/es\/wp-json\/wp\/v2\/posts\/6098\/revisions\/6143"}],"wp:attachment":[{"href":"https:\/\/fundaciocatalunyacultura.cat\/es\/wp-json\/wp\/v2\/media?parent=6098"}],"wp:term":[{"taxonomy":"category","embeddable":true,"href":"https:\/\/fundaciocatalunyacultura.cat\/es\/wp-json\/wp\/v2\/categories?post=6098"}],"curies":[{"name":"wp","href":"https:\/\/api.w.org\/{rel}","templated":true}]}}