{"id":5030,"date":"2021-06-15T14:00:11","date_gmt":"2021-06-15T14:00:11","guid":{"rendered":"https:\/\/www.fundaciocatalunyacultura.cat\/?p=5030"},"modified":"2021-06-15T14:20:54","modified_gmt":"2021-06-15T14:20:54","slug":"la-reinvencion-de-los-festivales-de-catalunya-a-debate-con-cuatro-directores-de-referencia","status":"publish","type":"post","link":"https:\/\/fundaciocatalunyacultura.cat\/es\/la-reinvencion-de-los-festivales-de-catalunya-a-debate-con-cuatro-directores-de-referencia\/","title":{"rendered":"La reinvenci\u00f3n de los festivales de Catalunya, a debate con cuatro directores de referencia"},"content":{"rendered":"<p><strong>Cuatro directores de eventos culturales de referencia: Oriol Aguil\u00e0, del Festival Castell de Peralada; Cesc Casades\u00fas, del Festival Griego; Vicent Fibla, del Festival Euf\u00f3nic; y Jordi Herreruela, del Festival Cruce, debatir\u00e1n sobre los nuevos escenarios de la cultura <\/strong><\/p>\n<p><strong>\u00a0<\/strong><strong>La mesa redonda, organizada conjuntamente con Time Out, ser\u00e1 jueves el 17 de junio, a las 12.00 horas, a la terraza del PierO1 (Barcelona Tech City) de Palacio de Mar. Estar\u00e1 moderada por Mar\u00eda Jos\u00e9 G\u00f3mez se podr\u00e1 seguir tambi\u00e9n a trav\u00e9s de nuestro canal de YouTube<\/strong><\/p>\n<p>Fundaci\u00f3n Cataluya Cultura, de la mano de Time Out y en colaboraci\u00f3n de Barcelona Tech City, hemos organizado una mesa redonda sobre los nuevos escenarios de la cultura en directo invitando a cuatro directores de festivales catalanes de referencia. Jueves 17 de junio, a las 12 horas, en palacio de Mar, plaza Pau Vila, 1 (Barcelona Tech City), hablaremos con Oriol Aguil\u00e0, del Festival Castell de Peralada; Cesc Casades\u00fas, del Festival Griego; Vicent Fibla, del Festival Euf\u00f3nico; y Jordi Herreruela, del Festival Cruce, sobre el futuro de los grandes acontecimientos culturales en un acto abierto al p\u00fablico y que tambi\u00e9n se podr\u00e1 seguir a trav\u00e9s de nuestro canal de YouTube.<\/p>\n<p>Tenemos cerca la temporada de festivales y empezamos a divisar el final de los peores momentos de la crisis sanitaria. Por eso hemos querido reunir en cuatro directores de festivales catalanes de ambits art\u00edsticos y territoriales varios para debatir juntos como es el nuevo escenario de la cultura en directo.<\/p>\n<p>La charla, moderada por Mar\u00eda Jos\u00e9 G\u00f3mez (directora de Time Out Barcelona), contar\u00e1 con la presentaci\u00f3n de Maite Esteve, directora de la Fundaci\u00f3n Catalunya Cultura, y de Miquel Mart\u00ed, CEO de Barcelona Tech City, que ya avanza que \u00abla cultura es y ser\u00e1 un sector estrat\u00e9gico para la recuperaci\u00f3n de Barcelona y Catalu\u00f1a, y la aplicaci\u00f3n de la tecnolog\u00eda en este sector tiene que tener un fuerte impacto. Los nuevos formatos y propuestas innovadoras de los festivales catalanes que veremos este verano son un ejemplo de todo el que tiene que venir. Nuestro ecosistema cultural tiene que ser un modelo l\u00edder de transformaci\u00f3n tecnol\u00f3gica \u00ab.<\/p>\n<p>Contaremos con asistentes que representan los Festival Gargar, ganador del Premi IMPULSA CULTURA 2020 (Mar L\u00f3pez i Jordi Solsona); Festival S\u00f3nar (Gustavo S\u00e1nchez); Festival Mixtur (Oriol Saladrigues); Festival Cara &#8211; B (Juan Vidaechea), y Jazzing &#8211; Festival de Jazz de San Andreu (Joan Chamorro i Blanca Gallo), as\u00ed como a la Acad\u00e8mia Catalana de la M\u00fasica (Manel Monta\u00f1\u00e9s).<\/p>\n<p>Ser\u00e1 un acto gratuito y abierto al p\u00fablico, que podr\u00e1 intervenir durante el turno de preguntas (asistencia por inscripciones). Tendr\u00e1 lugar al aire libre y se cumplir\u00e1n todas las medidas de seguridad sanitarias.<\/p>\n<p>La charla tendr\u00e1 una duraci\u00f3n m\u00e1xima de 90 minutos y al final se invitar\u00e1 a una cerveza a todos los asistentes.<\/p>\n<p>CONVOCATORIA PRESENCIAL: Jueves 17 de junio, a las 12.00 horas, a la terraza del PierO1 (Barcelona Tech City) de Palacio de Mar. Plaza Pau Vila, 1. Solo para 50 personas.<\/p>\n<p>Imprescindible inscripci\u00f3n previa<\/p>\n<p>CONVOCATORIA POR STREAMING V\u00cdA YOUTUBE: <a href=\"https:\/\/youtu.be\/IeZHcF-nzLc\">Aqu\u00ed<\/a><\/p>\n<p><a href=\"https:\/\/docs.google.com\/forms\/d\/1rsgMn22WnzcNlUVrr-iVtppllIPfn1CI8auk2-LJOyE\/viewform?edit_requested=true\">Formulario para asistir<\/a><\/p>\n<p>&nbsp;<\/p>\n","protected":false},"excerpt":{"rendered":"<p>Cuatro directores de eventos culturales de referencia: Oriol Aguil\u00e0, del Festival Castell de Peralada; Cesc Casades\u00fas, del Festival Griego; Vicent Fibla, del Festival Euf\u00f3nic; y Jordi Herreruela, del Festival Cruce, debatir\u00e1n sobre los nuevos escenarios de la cultura \u00a0La mesa redonda, organizada conjuntamente con Time Out, ser\u00e1 jueves el 17 de junio, a las 12.00 [&hellip;]<\/p>\n","protected":false},"author":1,"featured_media":0,"comment_status":"closed","ping_status":"closed","sticky":false,"template":"","format":"standard","meta":{"_acf_changed":false,"footnotes":""},"categories":[50,44],"class_list":["post-5030","post","type-post","status-publish","format-standard","hentry","category-actividades","category-noticias"],"acf":[],"yoast_head":"<!-- This site is optimized with the Yoast SEO plugin v25.1 - https:\/\/yoast.com\/wordpress\/plugins\/seo\/ -->\n<title>La reinvenci\u00f3n de los festivales de Catalunya, a debate con cuatro directores de referencia | Fundaci\u00f3 Catalunya Cultura<\/title>\n<meta name=\"robots\" content=\"index, follow, max-snippet:-1, max-image-preview:large, max-video-preview:-1\" \/>\n<link rel=\"canonical\" href=\"https:\/\/fundaciocatalunyacultura.cat\/es\/la-reinvencion-de-los-festivales-de-catalunya-a-debate-con-cuatro-directores-de-referencia\/\" \/>\n<meta property=\"og:locale\" content=\"es_ES\" \/>\n<meta property=\"og:type\" content=\"article\" \/>\n<meta property=\"og:title\" content=\"La reinvenci\u00f3n de los festivales de Catalunya, a debate con cuatro directores de referencia | Fundaci\u00f3 Catalunya Cultura\" \/>\n<meta property=\"og:description\" content=\"Cuatro directores de eventos culturales de referencia: Oriol Aguil\u00e0, del Festival Castell de Peralada; Cesc Casades\u00fas, del Festival Griego; Vicent Fibla, del Festival Euf\u00f3nic; y Jordi Herreruela, del Festival Cruce, debatir\u00e1n sobre los nuevos escenarios de la cultura \u00a0La mesa redonda, organizada conjuntamente con Time Out, ser\u00e1 jueves el 17 de junio, a las 12.00 [&hellip;]\" \/>\n<meta property=\"og:url\" content=\"https:\/\/fundaciocatalunyacultura.cat\/es\/la-reinvencion-de-los-festivales-de-catalunya-a-debate-con-cuatro-directores-de-referencia\/\" \/>\n<meta property=\"og:site_name\" content=\"Fundaci\u00f3 Catalunya Cultura\" \/>\n<meta property=\"article:publisher\" content=\"https:\/\/www.facebook.com\/fundaciocatalunyacultura\/\" \/>\n<meta property=\"article:published_time\" content=\"2021-06-15T14:00:11+00:00\" \/>\n<meta property=\"article:modified_time\" content=\"2021-06-15T14:20:54+00:00\" \/>\n<meta name=\"author\" content=\"fundacio\" \/>\n<meta name=\"twitter:card\" content=\"summary_large_image\" \/>\n<meta name=\"twitter:creator\" content=\"@fcatcultura\" \/>\n<meta name=\"twitter:site\" content=\"@fcatcultura\" \/>\n<meta name=\"twitter:label1\" content=\"Escrito por\" \/>\n\t<meta name=\"twitter:data1\" content=\"fundacio\" \/>\n\t<meta name=\"twitter:label2\" content=\"Tiempo de lectura\" \/>\n\t<meta name=\"twitter:data2\" content=\"3 minutos\" \/>\n<script type=\"application\/ld+json\" class=\"yoast-schema-graph\">{\"@context\":\"https:\/\/schema.org\",\"@graph\":[{\"@type\":\"Article\",\"@id\":\"https:\/\/fundaciocatalunyacultura.cat\/es\/la-reinvencion-de-los-festivales-de-catalunya-a-debate-con-cuatro-directores-de-referencia\/#article\",\"isPartOf\":{\"@id\":\"https:\/\/fundaciocatalunyacultura.cat\/es\/la-reinvencion-de-los-festivales-de-catalunya-a-debate-con-cuatro-directores-de-referencia\/\"},\"author\":{\"name\":\"fundacio\",\"@id\":\"https:\/\/www.fundaciocatalunyacultura.cat\/#\/schema\/person\/f30f60b8448aa2c1761a644f652a4744\"},\"headline\":\"La reinvenci\u00f3n de los festivales de Catalunya, a debate con cuatro directores de referencia\",\"datePublished\":\"2021-06-15T14:00:11+00:00\",\"dateModified\":\"2021-06-15T14:20:54+00:00\",\"mainEntityOfPage\":{\"@id\":\"https:\/\/fundaciocatalunyacultura.cat\/es\/la-reinvencion-de-los-festivales-de-catalunya-a-debate-con-cuatro-directores-de-referencia\/\"},\"wordCount\":547,\"publisher\":{\"@id\":\"https:\/\/www.fundaciocatalunyacultura.cat\/#organization\"},\"articleSection\":[\"Actividades\",\"Noticias\"],\"inLanguage\":\"es\"},{\"@type\":\"WebPage\",\"@id\":\"https:\/\/fundaciocatalunyacultura.cat\/es\/la-reinvencion-de-los-festivales-de-catalunya-a-debate-con-cuatro-directores-de-referencia\/\",\"url\":\"https:\/\/fundaciocatalunyacultura.cat\/es\/la-reinvencion-de-los-festivales-de-catalunya-a-debate-con-cuatro-directores-de-referencia\/\",\"name\":\"La reinvenci\u00f3n de los festivales de Catalunya, a debate con cuatro directores de referencia | Fundaci\u00f3 Catalunya Cultura\",\"isPartOf\":{\"@id\":\"https:\/\/www.fundaciocatalunyacultura.cat\/#website\"},\"datePublished\":\"2021-06-15T14:00:11+00:00\",\"dateModified\":\"2021-06-15T14:20:54+00:00\",\"breadcrumb\":{\"@id\":\"https:\/\/fundaciocatalunyacultura.cat\/es\/la-reinvencion-de-los-festivales-de-catalunya-a-debate-con-cuatro-directores-de-referencia\/#breadcrumb\"},\"inLanguage\":\"es\",\"potentialAction\":[{\"@type\":\"ReadAction\",\"target\":[\"https:\/\/fundaciocatalunyacultura.cat\/es\/la-reinvencion-de-los-festivales-de-catalunya-a-debate-con-cuatro-directores-de-referencia\/\"]}]},{\"@type\":\"BreadcrumbList\",\"@id\":\"https:\/\/fundaciocatalunyacultura.cat\/es\/la-reinvencion-de-los-festivales-de-catalunya-a-debate-con-cuatro-directores-de-referencia\/#breadcrumb\",\"itemListElement\":[{\"@type\":\"ListItem\",\"position\":1,\"name\":\"Inici\",\"item\":\"https:\/\/www.fundaciocatalunyacultura.cat\/es\/\"},{\"@type\":\"ListItem\",\"position\":2,\"name\":\"La reinvenci\u00f3n de los festivales de Catalunya, a debate con cuatro directores de referencia\"}]},{\"@type\":\"WebSite\",\"@id\":\"https:\/\/www.fundaciocatalunyacultura.cat\/#website\",\"url\":\"https:\/\/www.fundaciocatalunyacultura.cat\/\",\"name\":\"Fundaci\u00f3 Catalunya Cultura\",\"description\":\"\",\"publisher\":{\"@id\":\"https:\/\/www.fundaciocatalunyacultura.cat\/#organization\"},\"potentialAction\":[{\"@type\":\"SearchAction\",\"target\":{\"@type\":\"EntryPoint\",\"urlTemplate\":\"https:\/\/www.fundaciocatalunyacultura.cat\/?s={search_term_string}\"},\"query-input\":{\"@type\":\"PropertyValueSpecification\",\"valueRequired\":true,\"valueName\":\"search_term_string\"}}],\"inLanguage\":\"es\"},{\"@type\":\"Organization\",\"@id\":\"https:\/\/www.fundaciocatalunyacultura.cat\/#organization\",\"name\":\"Fundaci\u00f3 Catalunya Cultura\",\"url\":\"https:\/\/www.fundaciocatalunyacultura.cat\/\",\"logo\":{\"@type\":\"ImageObject\",\"inLanguage\":\"es\",\"@id\":\"https:\/\/www.fundaciocatalunyacultura.cat\/#\/schema\/logo\/image\/\",\"url\":\"https:\/\/hundreds-wordpress-uploads.s3.amazonaws.com\/fundacio-catalunya-cultura\/uploads\/2021\/03\/fcc_logo_blanc-scaled.jpeg\",\"contentUrl\":\"https:\/\/hundreds-wordpress-uploads.s3.amazonaws.com\/fundacio-catalunya-cultura\/uploads\/2021\/03\/fcc_logo_blanc-scaled.jpeg\",\"width\":2560,\"height\":1785,\"caption\":\"Fundaci\u00f3 Catalunya Cultura\"},\"image\":{\"@id\":\"https:\/\/www.fundaciocatalunyacultura.cat\/#\/schema\/logo\/image\/\"},\"sameAs\":[\"https:\/\/www.facebook.com\/fundaciocatalunyacultura\/\",\"https:\/\/x.com\/fcatcultura\",\"https:\/\/www.linkedin.com\/company\/fundaci\u00f3-catalunya-cultura\/\",\"https:\/\/ca.wikipedia.org\/wiki\/Fundaci\u00f3_Catalunya_Cultura\"]},{\"@type\":\"Person\",\"@id\":\"https:\/\/www.fundaciocatalunyacultura.cat\/#\/schema\/person\/f30f60b8448aa2c1761a644f652a4744\",\"name\":\"fundacio\",\"image\":{\"@type\":\"ImageObject\",\"inLanguage\":\"es\",\"@id\":\"https:\/\/www.fundaciocatalunyacultura.cat\/#\/schema\/person\/image\/\",\"url\":\"https:\/\/secure.gravatar.com\/avatar\/fe57a3f139ea81c65a338e37a8064b4e80844f839737532820c9107eb9e1966f?s=96&d=mm&r=g\",\"contentUrl\":\"https:\/\/secure.gravatar.com\/avatar\/fe57a3f139ea81c65a338e37a8064b4e80844f839737532820c9107eb9e1966f?s=96&d=mm&r=g\",\"caption\":\"fundacio\"},\"url\":\"https:\/\/fundaciocatalunyacultura.cat\/es\/author\/fundacio\/\"}]}<\/script>\n<!-- \/ Yoast SEO plugin. -->","yoast_head_json":{"title":"La reinvenci\u00f3n de los festivales de Catalunya, a debate con cuatro directores de referencia | Fundaci\u00f3 Catalunya Cultura","robots":{"index":"index","follow":"follow","max-snippet":"max-snippet:-1","max-image-preview":"max-image-preview:large","max-video-preview":"max-video-preview:-1"},"canonical":"https:\/\/fundaciocatalunyacultura.cat\/es\/la-reinvencion-de-los-festivales-de-catalunya-a-debate-con-cuatro-directores-de-referencia\/","og_locale":"es_ES","og_type":"article","og_title":"La reinvenci\u00f3n de los festivales de Catalunya, a debate con cuatro directores de referencia | Fundaci\u00f3 Catalunya Cultura","og_description":"Cuatro directores de eventos culturales de referencia: Oriol Aguil\u00e0, del Festival Castell de Peralada; Cesc Casades\u00fas, del Festival Griego; Vicent Fibla, del Festival Euf\u00f3nic; y Jordi Herreruela, del Festival Cruce, debatir\u00e1n sobre los nuevos escenarios de la cultura \u00a0La mesa redonda, organizada conjuntamente con Time Out, ser\u00e1 jueves el 17 de junio, a las 12.00 [&hellip;]","og_url":"https:\/\/fundaciocatalunyacultura.cat\/es\/la-reinvencion-de-los-festivales-de-catalunya-a-debate-con-cuatro-directores-de-referencia\/","og_site_name":"Fundaci\u00f3 Catalunya Cultura","article_publisher":"https:\/\/www.facebook.com\/fundaciocatalunyacultura\/","article_published_time":"2021-06-15T14:00:11+00:00","article_modified_time":"2021-06-15T14:20:54+00:00","author":"fundacio","twitter_card":"summary_large_image","twitter_creator":"@fcatcultura","twitter_site":"@fcatcultura","twitter_misc":{"Escrito por":"fundacio","Tiempo de lectura":"3 minutos"},"schema":{"@context":"https:\/\/schema.org","@graph":[{"@type":"Article","@id":"https:\/\/fundaciocatalunyacultura.cat\/es\/la-reinvencion-de-los-festivales-de-catalunya-a-debate-con-cuatro-directores-de-referencia\/#article","isPartOf":{"@id":"https:\/\/fundaciocatalunyacultura.cat\/es\/la-reinvencion-de-los-festivales-de-catalunya-a-debate-con-cuatro-directores-de-referencia\/"},"author":{"name":"fundacio","@id":"https:\/\/www.fundaciocatalunyacultura.cat\/#\/schema\/person\/f30f60b8448aa2c1761a644f652a4744"},"headline":"La reinvenci\u00f3n de los festivales de Catalunya, a debate con cuatro directores de referencia","datePublished":"2021-06-15T14:00:11+00:00","dateModified":"2021-06-15T14:20:54+00:00","mainEntityOfPage":{"@id":"https:\/\/fundaciocatalunyacultura.cat\/es\/la-reinvencion-de-los-festivales-de-catalunya-a-debate-con-cuatro-directores-de-referencia\/"},"wordCount":547,"publisher":{"@id":"https:\/\/www.fundaciocatalunyacultura.cat\/#organization"},"articleSection":["Actividades","Noticias"],"inLanguage":"es"},{"@type":"WebPage","@id":"https:\/\/fundaciocatalunyacultura.cat\/es\/la-reinvencion-de-los-festivales-de-catalunya-a-debate-con-cuatro-directores-de-referencia\/","url":"https:\/\/fundaciocatalunyacultura.cat\/es\/la-reinvencion-de-los-festivales-de-catalunya-a-debate-con-cuatro-directores-de-referencia\/","name":"La reinvenci\u00f3n de los festivales de Catalunya, a debate con cuatro directores de referencia | Fundaci\u00f3 Catalunya Cultura","isPartOf":{"@id":"https:\/\/www.fundaciocatalunyacultura.cat\/#website"},"datePublished":"2021-06-15T14:00:11+00:00","dateModified":"2021-06-15T14:20:54+00:00","breadcrumb":{"@id":"https:\/\/fundaciocatalunyacultura.cat\/es\/la-reinvencion-de-los-festivales-de-catalunya-a-debate-con-cuatro-directores-de-referencia\/#breadcrumb"},"inLanguage":"es","potentialAction":[{"@type":"ReadAction","target":["https:\/\/fundaciocatalunyacultura.cat\/es\/la-reinvencion-de-los-festivales-de-catalunya-a-debate-con-cuatro-directores-de-referencia\/"]}]},{"@type":"BreadcrumbList","@id":"https:\/\/fundaciocatalunyacultura.cat\/es\/la-reinvencion-de-los-festivales-de-catalunya-a-debate-con-cuatro-directores-de-referencia\/#breadcrumb","itemListElement":[{"@type":"ListItem","position":1,"name":"Inici","item":"https:\/\/www.fundaciocatalunyacultura.cat\/es\/"},{"@type":"ListItem","position":2,"name":"La reinvenci\u00f3n de los festivales de Catalunya, a debate con cuatro directores de referencia"}]},{"@type":"WebSite","@id":"https:\/\/www.fundaciocatalunyacultura.cat\/#website","url":"https:\/\/www.fundaciocatalunyacultura.cat\/","name":"Fundaci\u00f3 Catalunya Cultura","description":"","publisher":{"@id":"https:\/\/www.fundaciocatalunyacultura.cat\/#organization"},"potentialAction":[{"@type":"SearchAction","target":{"@type":"EntryPoint","urlTemplate":"https:\/\/www.fundaciocatalunyacultura.cat\/?s={search_term_string}"},"query-input":{"@type":"PropertyValueSpecification","valueRequired":true,"valueName":"search_term_string"}}],"inLanguage":"es"},{"@type":"Organization","@id":"https:\/\/www.fundaciocatalunyacultura.cat\/#organization","name":"Fundaci\u00f3 Catalunya Cultura","url":"https:\/\/www.fundaciocatalunyacultura.cat\/","logo":{"@type":"ImageObject","inLanguage":"es","@id":"https:\/\/www.fundaciocatalunyacultura.cat\/#\/schema\/logo\/image\/","url":"https:\/\/hundreds-wordpress-uploads.s3.amazonaws.com\/fundacio-catalunya-cultura\/uploads\/2021\/03\/fcc_logo_blanc-scaled.jpeg","contentUrl":"https:\/\/hundreds-wordpress-uploads.s3.amazonaws.com\/fundacio-catalunya-cultura\/uploads\/2021\/03\/fcc_logo_blanc-scaled.jpeg","width":2560,"height":1785,"caption":"Fundaci\u00f3 Catalunya Cultura"},"image":{"@id":"https:\/\/www.fundaciocatalunyacultura.cat\/#\/schema\/logo\/image\/"},"sameAs":["https:\/\/www.facebook.com\/fundaciocatalunyacultura\/","https:\/\/x.com\/fcatcultura","https:\/\/www.linkedin.com\/company\/fundaci\u00f3-catalunya-cultura\/","https:\/\/ca.wikipedia.org\/wiki\/Fundaci\u00f3_Catalunya_Cultura"]},{"@type":"Person","@id":"https:\/\/www.fundaciocatalunyacultura.cat\/#\/schema\/person\/f30f60b8448aa2c1761a644f652a4744","name":"fundacio","image":{"@type":"ImageObject","inLanguage":"es","@id":"https:\/\/www.fundaciocatalunyacultura.cat\/#\/schema\/person\/image\/","url":"https:\/\/secure.gravatar.com\/avatar\/fe57a3f139ea81c65a338e37a8064b4e80844f839737532820c9107eb9e1966f?s=96&d=mm&r=g","contentUrl":"https:\/\/secure.gravatar.com\/avatar\/fe57a3f139ea81c65a338e37a8064b4e80844f839737532820c9107eb9e1966f?s=96&d=mm&r=g","caption":"fundacio"},"url":"https:\/\/fundaciocatalunyacultura.cat\/es\/author\/fundacio\/"}]}},"_links":{"self":[{"href":"https:\/\/fundaciocatalunyacultura.cat\/es\/wp-json\/wp\/v2\/posts\/5030","targetHints":{"allow":["GET"]}}],"collection":[{"href":"https:\/\/fundaciocatalunyacultura.cat\/es\/wp-json\/wp\/v2\/posts"}],"about":[{"href":"https:\/\/fundaciocatalunyacultura.cat\/es\/wp-json\/wp\/v2\/types\/post"}],"author":[{"embeddable":true,"href":"https:\/\/fundaciocatalunyacultura.cat\/es\/wp-json\/wp\/v2\/users\/1"}],"replies":[{"embeddable":true,"href":"https:\/\/fundaciocatalunyacultura.cat\/es\/wp-json\/wp\/v2\/comments?post=5030"}],"version-history":[{"count":3,"href":"https:\/\/fundaciocatalunyacultura.cat\/es\/wp-json\/wp\/v2\/posts\/5030\/revisions"}],"predecessor-version":[{"id":5047,"href":"https:\/\/fundaciocatalunyacultura.cat\/es\/wp-json\/wp\/v2\/posts\/5030\/revisions\/5047"}],"wp:attachment":[{"href":"https:\/\/fundaciocatalunyacultura.cat\/es\/wp-json\/wp\/v2\/media?parent=5030"}],"wp:term":[{"taxonomy":"category","embeddable":true,"href":"https:\/\/fundaciocatalunyacultura.cat\/es\/wp-json\/wp\/v2\/categories?post=5030"}],"curies":[{"name":"wp","href":"https:\/\/api.w.org\/{rel}","templated":true}]}}