{"id":4782,"date":"2021-05-07T11:08:17","date_gmt":"2021-05-07T11:08:17","guid":{"rendered":"https:\/\/www.fundaciocatalunyacultura.cat\/?p=4782"},"modified":"2021-05-10T13:04:11","modified_gmt":"2021-05-10T13:04:11","slug":"la-cultura-como-dinamizador-de-la-economia-en-el-circulo-ecuestre","status":"publish","type":"post","link":"https:\/\/fundaciocatalunyacultura.cat\/es\/la-cultura-como-dinamizador-de-la-economia-en-el-circulo-ecuestre\/","title":{"rendered":"La cultura como dinamizador de la econom\u00eda en el C\u00edrculo Ecuestre"},"content":{"rendered":"<p><strong>La Fundaci\u00f3 Catalunya Cultura y el C\u00edrculo del Liceu organizaron el jueves 6 de mayo un almuerzo-coloquio para hablar de \u00abLa cultura como dinamizador de la econom\u00eda.\u00bb\u00a0\u00a0<\/strong><\/p>\n<p>En este debate se puso de relieve el impacto que ha tenido la pandemia sobre la cultura. Se constat\u00f3 que el nivel de inversi\u00f3n en cultura en nuestro pa\u00eds es muy inferior a la media europea. Adem\u00e1s, se remarc\u00f3 la necesidad de promover el v\u00ednculo entre la empresa con este sector, y al urgencia de aprobar una ley de mecenazgo para incentivar las donaciones de capital privado a las actividades culturales.<\/p>\n<p>&nbsp;<\/p>\n","protected":false},"excerpt":{"rendered":"<p>La Fundaci\u00f3 Catalunya Cultura y el C\u00edrculo del Liceu organizaron el jueves 6 de mayo un almuerzo-coloquio para hablar de \u00abLa cultura como dinamizador de la econom\u00eda.\u00bb\u00a0\u00a0 En este debate se puso de relieve el impacto que ha tenido la pandemia sobre la cultura. Se constat\u00f3 que el nivel de inversi\u00f3n en cultura en nuestro [&hellip;]<\/p>\n","protected":false},"author":1,"featured_media":0,"comment_status":"closed","ping_status":"closed","sticky":false,"template":"","format":"standard","meta":{"_acf_changed":false,"footnotes":""},"categories":[44],"class_list":["post-4782","post","type-post","status-publish","format-standard","hentry","category-noticias"],"acf":[],"yoast_head":"<!-- This site is optimized with the Yoast SEO plugin v25.1 - https:\/\/yoast.com\/wordpress\/plugins\/seo\/ -->\n<title>La cultura como dinamizador de la econom\u00eda en el C\u00edrculo Ecuestre | Fundaci\u00f3 Catalunya Cultura<\/title>\n<meta name=\"robots\" content=\"index, follow, max-snippet:-1, max-image-preview:large, max-video-preview:-1\" \/>\n<link rel=\"canonical\" href=\"https:\/\/fundaciocatalunyacultura.cat\/es\/la-cultura-como-dinamizador-de-la-economia-en-el-circulo-ecuestre\/\" \/>\n<meta property=\"og:locale\" content=\"es_ES\" \/>\n<meta property=\"og:type\" content=\"article\" \/>\n<meta property=\"og:title\" content=\"La cultura como dinamizador de la econom\u00eda en el C\u00edrculo Ecuestre | Fundaci\u00f3 Catalunya Cultura\" \/>\n<meta property=\"og:description\" content=\"La Fundaci\u00f3 Catalunya Cultura y el C\u00edrculo del Liceu organizaron el jueves 6 de mayo un almuerzo-coloquio para hablar de \u00abLa cultura como dinamizador de la econom\u00eda.\u00bb\u00a0\u00a0 En este debate se puso de relieve el impacto que ha tenido la pandemia sobre la cultura. Se constat\u00f3 que el nivel de inversi\u00f3n en cultura en nuestro [&hellip;]\" \/>\n<meta property=\"og:url\" content=\"https:\/\/fundaciocatalunyacultura.cat\/es\/la-cultura-como-dinamizador-de-la-economia-en-el-circulo-ecuestre\/\" \/>\n<meta property=\"og:site_name\" content=\"Fundaci\u00f3 Catalunya Cultura\" \/>\n<meta property=\"article:publisher\" content=\"https:\/\/www.facebook.com\/fundaciocatalunyacultura\/\" \/>\n<meta property=\"article:published_time\" content=\"2021-05-07T11:08:17+00:00\" \/>\n<meta property=\"article:modified_time\" content=\"2021-05-10T13:04:11+00:00\" \/>\n<meta name=\"author\" content=\"fundacio\" \/>\n<meta name=\"twitter:card\" content=\"summary_large_image\" \/>\n<meta name=\"twitter:creator\" content=\"@fcatcultura\" \/>\n<meta name=\"twitter:site\" content=\"@fcatcultura\" \/>\n<meta name=\"twitter:label1\" content=\"Escrito por\" \/>\n\t<meta name=\"twitter:data1\" content=\"fundacio\" \/>\n\t<meta name=\"twitter:label2\" content=\"Tiempo de lectura\" \/>\n\t<meta name=\"twitter:data2\" content=\"1 minuto\" \/>\n<script type=\"application\/ld+json\" class=\"yoast-schema-graph\">{\"@context\":\"https:\/\/schema.org\",\"@graph\":[{\"@type\":\"Article\",\"@id\":\"https:\/\/fundaciocatalunyacultura.cat\/es\/la-cultura-como-dinamizador-de-la-economia-en-el-circulo-ecuestre\/#article\",\"isPartOf\":{\"@id\":\"https:\/\/fundaciocatalunyacultura.cat\/es\/la-cultura-como-dinamizador-de-la-economia-en-el-circulo-ecuestre\/\"},\"author\":{\"name\":\"fundacio\",\"@id\":\"https:\/\/fundaciocatalunyacultura.cat\/#\/schema\/person\/f30f60b8448aa2c1761a644f652a4744\"},\"headline\":\"La cultura como dinamizador de la econom\u00eda en el C\u00edrculo Ecuestre\",\"datePublished\":\"2021-05-07T11:08:17+00:00\",\"dateModified\":\"2021-05-10T13:04:11+00:00\",\"mainEntityOfPage\":{\"@id\":\"https:\/\/fundaciocatalunyacultura.cat\/es\/la-cultura-como-dinamizador-de-la-economia-en-el-circulo-ecuestre\/\"},\"wordCount\":117,\"publisher\":{\"@id\":\"https:\/\/fundaciocatalunyacultura.cat\/#organization\"},\"articleSection\":[\"Noticias\"],\"inLanguage\":\"es\"},{\"@type\":\"WebPage\",\"@id\":\"https:\/\/fundaciocatalunyacultura.cat\/es\/la-cultura-como-dinamizador-de-la-economia-en-el-circulo-ecuestre\/\",\"url\":\"https:\/\/fundaciocatalunyacultura.cat\/es\/la-cultura-como-dinamizador-de-la-economia-en-el-circulo-ecuestre\/\",\"name\":\"La cultura como dinamizador de la econom\u00eda en el C\u00edrculo Ecuestre | Fundaci\u00f3 Catalunya Cultura\",\"isPartOf\":{\"@id\":\"https:\/\/fundaciocatalunyacultura.cat\/#website\"},\"datePublished\":\"2021-05-07T11:08:17+00:00\",\"dateModified\":\"2021-05-10T13:04:11+00:00\",\"breadcrumb\":{\"@id\":\"https:\/\/fundaciocatalunyacultura.cat\/es\/la-cultura-como-dinamizador-de-la-economia-en-el-circulo-ecuestre\/#breadcrumb\"},\"inLanguage\":\"es\",\"potentialAction\":[{\"@type\":\"ReadAction\",\"target\":[\"https:\/\/fundaciocatalunyacultura.cat\/es\/la-cultura-como-dinamizador-de-la-economia-en-el-circulo-ecuestre\/\"]}]},{\"@type\":\"BreadcrumbList\",\"@id\":\"https:\/\/fundaciocatalunyacultura.cat\/es\/la-cultura-como-dinamizador-de-la-economia-en-el-circulo-ecuestre\/#breadcrumb\",\"itemListElement\":[{\"@type\":\"ListItem\",\"position\":1,\"name\":\"Inici\",\"item\":\"https:\/\/fundaciocatalunyacultura.cat\/es\/\"},{\"@type\":\"ListItem\",\"position\":2,\"name\":\"La cultura como dinamizador de la econom\u00eda en el C\u00edrculo Ecuestre\"}]},{\"@type\":\"WebSite\",\"@id\":\"https:\/\/fundaciocatalunyacultura.cat\/#website\",\"url\":\"https:\/\/fundaciocatalunyacultura.cat\/\",\"name\":\"Fundaci\u00f3 Catalunya Cultura\",\"description\":\"\",\"publisher\":{\"@id\":\"https:\/\/fundaciocatalunyacultura.cat\/#organization\"},\"potentialAction\":[{\"@type\":\"SearchAction\",\"target\":{\"@type\":\"EntryPoint\",\"urlTemplate\":\"https:\/\/fundaciocatalunyacultura.cat\/?s={search_term_string}\"},\"query-input\":{\"@type\":\"PropertyValueSpecification\",\"valueRequired\":true,\"valueName\":\"search_term_string\"}}],\"inLanguage\":\"es\"},{\"@type\":\"Organization\",\"@id\":\"https:\/\/fundaciocatalunyacultura.cat\/#organization\",\"name\":\"Fundaci\u00f3 Catalunya Cultura\",\"url\":\"https:\/\/fundaciocatalunyacultura.cat\/\",\"logo\":{\"@type\":\"ImageObject\",\"inLanguage\":\"es\",\"@id\":\"https:\/\/fundaciocatalunyacultura.cat\/#\/schema\/logo\/image\/\",\"url\":\"https:\/\/hundreds-wordpress-uploads.s3.amazonaws.com\/fundacio-catalunya-cultura\/uploads\/2021\/03\/fcc_logo_blanc-scaled.jpeg\",\"contentUrl\":\"https:\/\/hundreds-wordpress-uploads.s3.amazonaws.com\/fundacio-catalunya-cultura\/uploads\/2021\/03\/fcc_logo_blanc-scaled.jpeg\",\"width\":2560,\"height\":1785,\"caption\":\"Fundaci\u00f3 Catalunya Cultura\"},\"image\":{\"@id\":\"https:\/\/fundaciocatalunyacultura.cat\/#\/schema\/logo\/image\/\"},\"sameAs\":[\"https:\/\/www.facebook.com\/fundaciocatalunyacultura\/\",\"https:\/\/x.com\/fcatcultura\",\"https:\/\/www.linkedin.com\/company\/fundaci\u00f3-catalunya-cultura\/\",\"https:\/\/ca.wikipedia.org\/wiki\/Fundaci\u00f3_Catalunya_Cultura\"]},{\"@type\":\"Person\",\"@id\":\"https:\/\/fundaciocatalunyacultura.cat\/#\/schema\/person\/f30f60b8448aa2c1761a644f652a4744\",\"name\":\"fundacio\",\"image\":{\"@type\":\"ImageObject\",\"inLanguage\":\"es\",\"@id\":\"https:\/\/fundaciocatalunyacultura.cat\/#\/schema\/person\/image\/\",\"url\":\"https:\/\/secure.gravatar.com\/avatar\/fe57a3f139ea81c65a338e37a8064b4e80844f839737532820c9107eb9e1966f?s=96&d=mm&r=g\",\"contentUrl\":\"https:\/\/secure.gravatar.com\/avatar\/fe57a3f139ea81c65a338e37a8064b4e80844f839737532820c9107eb9e1966f?s=96&d=mm&r=g\",\"caption\":\"fundacio\"},\"url\":\"https:\/\/fundaciocatalunyacultura.cat\/es\/author\/fundacio\/\"}]}<\/script>\n<!-- \/ Yoast SEO plugin. -->","yoast_head_json":{"title":"La cultura como dinamizador de la econom\u00eda en el C\u00edrculo Ecuestre | Fundaci\u00f3 Catalunya Cultura","robots":{"index":"index","follow":"follow","max-snippet":"max-snippet:-1","max-image-preview":"max-image-preview:large","max-video-preview":"max-video-preview:-1"},"canonical":"https:\/\/fundaciocatalunyacultura.cat\/es\/la-cultura-como-dinamizador-de-la-economia-en-el-circulo-ecuestre\/","og_locale":"es_ES","og_type":"article","og_title":"La cultura como dinamizador de la econom\u00eda en el C\u00edrculo Ecuestre | Fundaci\u00f3 Catalunya Cultura","og_description":"La Fundaci\u00f3 Catalunya Cultura y el C\u00edrculo del Liceu organizaron el jueves 6 de mayo un almuerzo-coloquio para hablar de \u00abLa cultura como dinamizador de la econom\u00eda.\u00bb\u00a0\u00a0 En este debate se puso de relieve el impacto que ha tenido la pandemia sobre la cultura. Se constat\u00f3 que el nivel de inversi\u00f3n en cultura en nuestro [&hellip;]","og_url":"https:\/\/fundaciocatalunyacultura.cat\/es\/la-cultura-como-dinamizador-de-la-economia-en-el-circulo-ecuestre\/","og_site_name":"Fundaci\u00f3 Catalunya Cultura","article_publisher":"https:\/\/www.facebook.com\/fundaciocatalunyacultura\/","article_published_time":"2021-05-07T11:08:17+00:00","article_modified_time":"2021-05-10T13:04:11+00:00","author":"fundacio","twitter_card":"summary_large_image","twitter_creator":"@fcatcultura","twitter_site":"@fcatcultura","twitter_misc":{"Escrito por":"fundacio","Tiempo de lectura":"1 minuto"},"schema":{"@context":"https:\/\/schema.org","@graph":[{"@type":"Article","@id":"https:\/\/fundaciocatalunyacultura.cat\/es\/la-cultura-como-dinamizador-de-la-economia-en-el-circulo-ecuestre\/#article","isPartOf":{"@id":"https:\/\/fundaciocatalunyacultura.cat\/es\/la-cultura-como-dinamizador-de-la-economia-en-el-circulo-ecuestre\/"},"author":{"name":"fundacio","@id":"https:\/\/fundaciocatalunyacultura.cat\/#\/schema\/person\/f30f60b8448aa2c1761a644f652a4744"},"headline":"La cultura como dinamizador de la econom\u00eda en el C\u00edrculo Ecuestre","datePublished":"2021-05-07T11:08:17+00:00","dateModified":"2021-05-10T13:04:11+00:00","mainEntityOfPage":{"@id":"https:\/\/fundaciocatalunyacultura.cat\/es\/la-cultura-como-dinamizador-de-la-economia-en-el-circulo-ecuestre\/"},"wordCount":117,"publisher":{"@id":"https:\/\/fundaciocatalunyacultura.cat\/#organization"},"articleSection":["Noticias"],"inLanguage":"es"},{"@type":"WebPage","@id":"https:\/\/fundaciocatalunyacultura.cat\/es\/la-cultura-como-dinamizador-de-la-economia-en-el-circulo-ecuestre\/","url":"https:\/\/fundaciocatalunyacultura.cat\/es\/la-cultura-como-dinamizador-de-la-economia-en-el-circulo-ecuestre\/","name":"La cultura como dinamizador de la econom\u00eda en el C\u00edrculo Ecuestre | Fundaci\u00f3 Catalunya Cultura","isPartOf":{"@id":"https:\/\/fundaciocatalunyacultura.cat\/#website"},"datePublished":"2021-05-07T11:08:17+00:00","dateModified":"2021-05-10T13:04:11+00:00","breadcrumb":{"@id":"https:\/\/fundaciocatalunyacultura.cat\/es\/la-cultura-como-dinamizador-de-la-economia-en-el-circulo-ecuestre\/#breadcrumb"},"inLanguage":"es","potentialAction":[{"@type":"ReadAction","target":["https:\/\/fundaciocatalunyacultura.cat\/es\/la-cultura-como-dinamizador-de-la-economia-en-el-circulo-ecuestre\/"]}]},{"@type":"BreadcrumbList","@id":"https:\/\/fundaciocatalunyacultura.cat\/es\/la-cultura-como-dinamizador-de-la-economia-en-el-circulo-ecuestre\/#breadcrumb","itemListElement":[{"@type":"ListItem","position":1,"name":"Inici","item":"https:\/\/fundaciocatalunyacultura.cat\/es\/"},{"@type":"ListItem","position":2,"name":"La cultura como dinamizador de la econom\u00eda en el C\u00edrculo Ecuestre"}]},{"@type":"WebSite","@id":"https:\/\/fundaciocatalunyacultura.cat\/#website","url":"https:\/\/fundaciocatalunyacultura.cat\/","name":"Fundaci\u00f3 Catalunya Cultura","description":"","publisher":{"@id":"https:\/\/fundaciocatalunyacultura.cat\/#organization"},"potentialAction":[{"@type":"SearchAction","target":{"@type":"EntryPoint","urlTemplate":"https:\/\/fundaciocatalunyacultura.cat\/?s={search_term_string}"},"query-input":{"@type":"PropertyValueSpecification","valueRequired":true,"valueName":"search_term_string"}}],"inLanguage":"es"},{"@type":"Organization","@id":"https:\/\/fundaciocatalunyacultura.cat\/#organization","name":"Fundaci\u00f3 Catalunya Cultura","url":"https:\/\/fundaciocatalunyacultura.cat\/","logo":{"@type":"ImageObject","inLanguage":"es","@id":"https:\/\/fundaciocatalunyacultura.cat\/#\/schema\/logo\/image\/","url":"https:\/\/hundreds-wordpress-uploads.s3.amazonaws.com\/fundacio-catalunya-cultura\/uploads\/2021\/03\/fcc_logo_blanc-scaled.jpeg","contentUrl":"https:\/\/hundreds-wordpress-uploads.s3.amazonaws.com\/fundacio-catalunya-cultura\/uploads\/2021\/03\/fcc_logo_blanc-scaled.jpeg","width":2560,"height":1785,"caption":"Fundaci\u00f3 Catalunya Cultura"},"image":{"@id":"https:\/\/fundaciocatalunyacultura.cat\/#\/schema\/logo\/image\/"},"sameAs":["https:\/\/www.facebook.com\/fundaciocatalunyacultura\/","https:\/\/x.com\/fcatcultura","https:\/\/www.linkedin.com\/company\/fundaci\u00f3-catalunya-cultura\/","https:\/\/ca.wikipedia.org\/wiki\/Fundaci\u00f3_Catalunya_Cultura"]},{"@type":"Person","@id":"https:\/\/fundaciocatalunyacultura.cat\/#\/schema\/person\/f30f60b8448aa2c1761a644f652a4744","name":"fundacio","image":{"@type":"ImageObject","inLanguage":"es","@id":"https:\/\/fundaciocatalunyacultura.cat\/#\/schema\/person\/image\/","url":"https:\/\/secure.gravatar.com\/avatar\/fe57a3f139ea81c65a338e37a8064b4e80844f839737532820c9107eb9e1966f?s=96&d=mm&r=g","contentUrl":"https:\/\/secure.gravatar.com\/avatar\/fe57a3f139ea81c65a338e37a8064b4e80844f839737532820c9107eb9e1966f?s=96&d=mm&r=g","caption":"fundacio"},"url":"https:\/\/fundaciocatalunyacultura.cat\/es\/author\/fundacio\/"}]}},"_links":{"self":[{"href":"https:\/\/fundaciocatalunyacultura.cat\/es\/wp-json\/wp\/v2\/posts\/4782","targetHints":{"allow":["GET"]}}],"collection":[{"href":"https:\/\/fundaciocatalunyacultura.cat\/es\/wp-json\/wp\/v2\/posts"}],"about":[{"href":"https:\/\/fundaciocatalunyacultura.cat\/es\/wp-json\/wp\/v2\/types\/post"}],"author":[{"embeddable":true,"href":"https:\/\/fundaciocatalunyacultura.cat\/es\/wp-json\/wp\/v2\/users\/1"}],"replies":[{"embeddable":true,"href":"https:\/\/fundaciocatalunyacultura.cat\/es\/wp-json\/wp\/v2\/comments?post=4782"}],"version-history":[{"count":0,"href":"https:\/\/fundaciocatalunyacultura.cat\/es\/wp-json\/wp\/v2\/posts\/4782\/revisions"}],"wp:attachment":[{"href":"https:\/\/fundaciocatalunyacultura.cat\/es\/wp-json\/wp\/v2\/media?parent=4782"}],"wp:term":[{"taxonomy":"category","embeddable":true,"href":"https:\/\/fundaciocatalunyacultura.cat\/es\/wp-json\/wp\/v2\/categories?post=4782"}],"curies":[{"name":"wp","href":"https:\/\/api.w.org\/{rel}","templated":true}]}}