{"id":4286,"date":"2019-07-02T00:00:00","date_gmt":"2019-07-02T00:00:00","guid":{"rendered":"https:\/\/www.fundaciocatalunyacultura.cat\/entrevista-a-sergi-ferrer-salat-president-de-la-fundaci-de-msica-ferrer-salat\/"},"modified":"2026-04-16T08:27:55","modified_gmt":"2026-04-16T08:27:55","slug":"entrevista-a-sergi-ferrer-salat-president-de-la-fundaci-de-msica-ferrer-salat","status":"publish","type":"post","link":"https:\/\/fundaciocatalunyacultura.cat\/es\/entrevista-a-sergi-ferrer-salat-president-de-la-fundaci-de-msica-ferrer-salat\/","title":{"rendered":"Entrevista a Sergi Ferrer-Salat, presidente de la Fundaci\u00f3n de M\u00fasica Ferrer-Salat"},"content":{"rendered":"<p><strong>\u00bfPor qu\u00e9 la Fundaci\u00f3n de M\u00fasica Ferrer-Salat decidi\u00f3 formar parte de la Fundaci\u00f3n Catalunya Cultura?<\/strong><\/p>\n<p>Consideramos que es fundamental contribuir a sensibilizar el tejido empresarial sobre la importancia del mecenazgo cultural. Una sociedad culta es una sociedad m\u00e1s cohesionada, equitativa y social. El hecho de que una de las funciones de la Fundaci\u00f3n Catalunya Cultura sea esta, nosotros nos sumamos aportando nuestro granito de arena.<\/p>\n<p>&nbsp;<\/p>\n<p><strong>\u00bfPor qu\u00e9 cree que es importante apostar por el mecenazgo y, m\u00e1s concretamente, por el mecenazgo cultural?<\/strong><\/p>\n<p>&nbsp;<\/p>\n<p>Sensibilizar sobre la trascendencia de la cultura transforma a las personas, haci\u00e9ndolas m\u00e1s sensibles, cultas, m\u00e1s educadas y m\u00e1s abiertas al mundo; es una cuesti\u00f3n que se retroalimenta. De esta manera contribuyes a cohesionar y a luchar contra las desigualdades sociales (cuanto m\u00e1s desigualdad, peor para todos), y la mejor forma es apostar por la educaci\u00f3n, la ciencia y la cultura.<\/p>\n<p>&nbsp;<\/p>\n<p><strong>\u00bfQu\u00e9 razones dar\u00eda al sector empresarial para que se sumara a la f (\u00a0 )?<\/strong><\/p>\n<p>&nbsp;<\/p>\n<p>Debemos trabajar para que no haya desigualdades sociales, porque al final acaban afectando a todo el mundo, tanto al rico como al pobre. Si no tienes cultura ni sensibilidad, y no existe una clase media que act\u00fae como colch\u00f3n con unas condiciones sociales y culturales adecuadas, acabas viviendo en tu peque\u00f1a jaula de oro y eso termina afectando al conjunto de la sociedad. Apostando por la cultura contribuyes a que la sociedad funcione mejor y sea m\u00e1s equilibrada, sostenible, educada y culta.<\/p>\n<p>&nbsp;<\/p>\n<p><strong>Estad\u00edsticamente casi todo el mundo presume de estar cerca de la cultura, pero en contrapartida falta que la gente la consuma. \u00bfA qu\u00e9 cree que se debe esta dicotom\u00eda?<\/strong><\/p>\n<p>&nbsp;<\/p>\n<p>No acabo de estar de acuerdo con esta afirmaci\u00f3n; en cualquier caso, reitero que lo que hace falta es sensibilizaci\u00f3n y hacer que la cultura sea lo m\u00e1s accesible posible (no quiero decir que sea gratuita ni que todo tenga que ser cultura), sino que requiere cierto esfuerzo acceder a ella. Una posible causa de esta falta de consumo cultural puede extrapolarse al consumo de las redes sociales, un efecto altamente nocivo para las nuevas generaciones.<\/p>\n<p>&nbsp;<\/p>\n<p><strong>La digitalizaci\u00f3n de las empresas ya no es hablar de innovaci\u00f3n, sino de un modelo de transformaci\u00f3n consolidado. \u00bfQu\u00e9 cree que habr\u00eda que consolidar en el mundo cultural?<\/strong><\/p>\n<p>La comunicaci\u00f3n y la sensibilizaci\u00f3n sobre la importancia hist\u00f3rica que ha tenido la cultura para consolidar la democracia. Las nuevas generaciones crecen cada vez m\u00e1s alejadas de la cultura.<\/p>\n<p>&nbsp;<\/p>\n<p><strong>\u00bfCree que el talento cultural puede ayudar a mejorar la cultura de empresa o su gesti\u00f3n? \u00bfPor qu\u00e9?<\/strong><\/p>\n<p>Todo lo que sea consumir cultura, sensibilizar y educar en el \u00e1mbito social tambi\u00e9n lo es a nivel empresarial. La empresa no deja de ser un reflejo de la sociedad. Tener el capital humano de una empresa sensibilizado con la cultura hace que la convivencia dentro de la empresa funcione mejor. Una empresa donde las personas son m\u00e1s humildes, m\u00e1s respetuosas y m\u00e1s abiertas a las cr\u00edticas constructivas es una empresa m\u00e1s s\u00f3lida. Sin duda, lo favorece.<\/p>\n<p>&nbsp;<\/p>\n<p><strong>\u00bfQu\u00e9 hace falta para acercar los dos sectores (empresarial y cultural), hasta ahora distanciados, de forma sistem\u00e1tica y regular?<\/strong><\/p>\n<p>Perseverancia, hacer un esfuerzo incansable y constante en sensibilizar al tejido empresarial sobre muchas de las reflexiones expuestas anteriormente.<\/p>\n<p>&nbsp;<\/p>\n","protected":false},"excerpt":{"rendered":"<p>\u00bfPor qu\u00e9 la Fundaci\u00f3n de M\u00fasica Ferrer-Salat decidi\u00f3 formar parte de la Fundaci\u00f3n Catalunya Cultura? Consideramos que es fundamental contribuir a sensibilizar el tejido empresarial sobre la importancia del mecenazgo cultural. Una sociedad culta es una sociedad m\u00e1s cohesionada, equitativa y social. El hecho de que una de las funciones de la Fundaci\u00f3n Catalunya Cultura [&hellip;]<\/p>\n","protected":false},"author":1,"featured_media":0,"comment_status":"closed","ping_status":"closed","sticky":false,"template":"","format":"standard","meta":{"_acf_changed":false,"footnotes":""},"categories":[51],"class_list":["post-4286","post","type-post","status-publish","format-standard","hentry","category-entrevistas"],"acf":[],"yoast_head":"<!-- This site is optimized with the Yoast SEO plugin v25.1 - https:\/\/yoast.com\/wordpress\/plugins\/seo\/ -->\n<title>Entrevista a Sergi Ferrer-Salat, presidente de la Fundaci\u00f3n de M\u00fasica Ferrer-Salat | Fundaci\u00f3 Catalunya Cultura<\/title>\n<meta name=\"robots\" content=\"index, follow, max-snippet:-1, max-image-preview:large, max-video-preview:-1\" \/>\n<link rel=\"canonical\" href=\"https:\/\/fundaciocatalunyacultura.cat\/es\/entrevista-a-sergi-ferrer-salat-president-de-la-fundaci-de-msica-ferrer-salat\/\" \/>\n<meta property=\"og:locale\" content=\"es_ES\" \/>\n<meta property=\"og:type\" content=\"article\" \/>\n<meta property=\"og:title\" content=\"Entrevista a Sergi Ferrer-Salat, presidente de la Fundaci\u00f3n de M\u00fasica Ferrer-Salat | Fundaci\u00f3 Catalunya Cultura\" \/>\n<meta property=\"og:description\" content=\"\u00bfPor qu\u00e9 la Fundaci\u00f3n de M\u00fasica Ferrer-Salat decidi\u00f3 formar parte de la Fundaci\u00f3n Catalunya Cultura? Consideramos que es fundamental contribuir a sensibilizar el tejido empresarial sobre la importancia del mecenazgo cultural. Una sociedad culta es una sociedad m\u00e1s cohesionada, equitativa y social. El hecho de que una de las funciones de la Fundaci\u00f3n Catalunya Cultura [&hellip;]\" \/>\n<meta property=\"og:url\" content=\"https:\/\/fundaciocatalunyacultura.cat\/es\/entrevista-a-sergi-ferrer-salat-president-de-la-fundaci-de-msica-ferrer-salat\/\" \/>\n<meta property=\"og:site_name\" content=\"Fundaci\u00f3 Catalunya Cultura\" \/>\n<meta property=\"article:publisher\" content=\"https:\/\/www.facebook.com\/fundaciocatalunyacultura\/\" \/>\n<meta property=\"article:published_time\" content=\"2019-07-02T00:00:00+00:00\" \/>\n<meta property=\"article:modified_time\" content=\"2026-04-16T08:27:55+00:00\" \/>\n<meta name=\"author\" content=\"fundacio\" \/>\n<meta name=\"twitter:card\" content=\"summary_large_image\" \/>\n<meta name=\"twitter:creator\" content=\"@fcatcultura\" \/>\n<meta name=\"twitter:site\" content=\"@fcatcultura\" \/>\n<meta name=\"twitter:label1\" content=\"Escrito por\" \/>\n\t<meta name=\"twitter:data1\" content=\"fundacio\" \/>\n\t<meta name=\"twitter:label2\" content=\"Tiempo de lectura\" \/>\n\t<meta name=\"twitter:data2\" content=\"3 minutos\" \/>\n<script type=\"application\/ld+json\" class=\"yoast-schema-graph\">{\"@context\":\"https:\/\/schema.org\",\"@graph\":[{\"@type\":\"Article\",\"@id\":\"https:\/\/fundaciocatalunyacultura.cat\/es\/entrevista-a-sergi-ferrer-salat-president-de-la-fundaci-de-msica-ferrer-salat\/#article\",\"isPartOf\":{\"@id\":\"https:\/\/fundaciocatalunyacultura.cat\/es\/entrevista-a-sergi-ferrer-salat-president-de-la-fundaci-de-msica-ferrer-salat\/\"},\"author\":{\"name\":\"fundacio\",\"@id\":\"https:\/\/www.fundaciocatalunyacultura.cat\/es\/#\/schema\/person\/f30f60b8448aa2c1761a644f652a4744\"},\"headline\":\"Entrevista a Sergi Ferrer-Salat, presidente de la Fundaci\u00f3n de M\u00fasica Ferrer-Salat\",\"datePublished\":\"2019-07-02T00:00:00+00:00\",\"dateModified\":\"2026-04-16T08:27:55+00:00\",\"mainEntityOfPage\":{\"@id\":\"https:\/\/fundaciocatalunyacultura.cat\/es\/entrevista-a-sergi-ferrer-salat-president-de-la-fundaci-de-msica-ferrer-salat\/\"},\"wordCount\":596,\"publisher\":{\"@id\":\"https:\/\/www.fundaciocatalunyacultura.cat\/es\/#organization\"},\"articleSection\":[\"Entrevistas\"],\"inLanguage\":\"es\"},{\"@type\":\"WebPage\",\"@id\":\"https:\/\/fundaciocatalunyacultura.cat\/es\/entrevista-a-sergi-ferrer-salat-president-de-la-fundaci-de-msica-ferrer-salat\/\",\"url\":\"https:\/\/fundaciocatalunyacultura.cat\/es\/entrevista-a-sergi-ferrer-salat-president-de-la-fundaci-de-msica-ferrer-salat\/\",\"name\":\"Entrevista a Sergi Ferrer-Salat, presidente de la Fundaci\u00f3n de M\u00fasica Ferrer-Salat | Fundaci\u00f3 Catalunya Cultura\",\"isPartOf\":{\"@id\":\"https:\/\/www.fundaciocatalunyacultura.cat\/es\/#website\"},\"datePublished\":\"2019-07-02T00:00:00+00:00\",\"dateModified\":\"2026-04-16T08:27:55+00:00\",\"breadcrumb\":{\"@id\":\"https:\/\/fundaciocatalunyacultura.cat\/es\/entrevista-a-sergi-ferrer-salat-president-de-la-fundaci-de-msica-ferrer-salat\/#breadcrumb\"},\"inLanguage\":\"es\",\"potentialAction\":[{\"@type\":\"ReadAction\",\"target\":[\"https:\/\/fundaciocatalunyacultura.cat\/es\/entrevista-a-sergi-ferrer-salat-president-de-la-fundaci-de-msica-ferrer-salat\/\"]}]},{\"@type\":\"BreadcrumbList\",\"@id\":\"https:\/\/fundaciocatalunyacultura.cat\/es\/entrevista-a-sergi-ferrer-salat-president-de-la-fundaci-de-msica-ferrer-salat\/#breadcrumb\",\"itemListElement\":[{\"@type\":\"ListItem\",\"position\":1,\"name\":\"Inici\",\"item\":\"https:\/\/www.fundaciocatalunyacultura.cat\/es\/\"},{\"@type\":\"ListItem\",\"position\":2,\"name\":\"Entrevista a Sergi Ferrer-Salat, presidente de la Fundaci\u00f3n de M\u00fasica Ferrer-Salat\"}]},{\"@type\":\"WebSite\",\"@id\":\"https:\/\/www.fundaciocatalunyacultura.cat\/es\/#website\",\"url\":\"https:\/\/www.fundaciocatalunyacultura.cat\/es\/\",\"name\":\"Fundaci\u00f3 Catalunya Cultura\",\"description\":\"\",\"publisher\":{\"@id\":\"https:\/\/www.fundaciocatalunyacultura.cat\/es\/#organization\"},\"potentialAction\":[{\"@type\":\"SearchAction\",\"target\":{\"@type\":\"EntryPoint\",\"urlTemplate\":\"https:\/\/www.fundaciocatalunyacultura.cat\/es\/?s={search_term_string}\"},\"query-input\":{\"@type\":\"PropertyValueSpecification\",\"valueRequired\":true,\"valueName\":\"search_term_string\"}}],\"inLanguage\":\"es\"},{\"@type\":\"Organization\",\"@id\":\"https:\/\/www.fundaciocatalunyacultura.cat\/es\/#organization\",\"name\":\"Fundaci\u00f3 Catalunya Cultura\",\"url\":\"https:\/\/www.fundaciocatalunyacultura.cat\/es\/\",\"logo\":{\"@type\":\"ImageObject\",\"inLanguage\":\"es\",\"@id\":\"https:\/\/www.fundaciocatalunyacultura.cat\/es\/#\/schema\/logo\/image\/\",\"url\":\"https:\/\/hundreds-wordpress-uploads.s3.amazonaws.com\/fundacio-catalunya-cultura\/uploads\/2021\/03\/fcc_logo_blanc-scaled.jpeg\",\"contentUrl\":\"https:\/\/hundreds-wordpress-uploads.s3.amazonaws.com\/fundacio-catalunya-cultura\/uploads\/2021\/03\/fcc_logo_blanc-scaled.jpeg\",\"width\":2560,\"height\":1785,\"caption\":\"Fundaci\u00f3 Catalunya Cultura\"},\"image\":{\"@id\":\"https:\/\/www.fundaciocatalunyacultura.cat\/es\/#\/schema\/logo\/image\/\"},\"sameAs\":[\"https:\/\/www.facebook.com\/fundaciocatalunyacultura\/\",\"https:\/\/x.com\/fcatcultura\",\"https:\/\/www.linkedin.com\/company\/fundaci\u00f3-catalunya-cultura\/\",\"https:\/\/ca.wikipedia.org\/wiki\/Fundaci\u00f3_Catalunya_Cultura\"]},{\"@type\":\"Person\",\"@id\":\"https:\/\/www.fundaciocatalunyacultura.cat\/es\/#\/schema\/person\/f30f60b8448aa2c1761a644f652a4744\",\"name\":\"fundacio\",\"image\":{\"@type\":\"ImageObject\",\"inLanguage\":\"es\",\"@id\":\"https:\/\/www.fundaciocatalunyacultura.cat\/es\/#\/schema\/person\/image\/\",\"url\":\"https:\/\/secure.gravatar.com\/avatar\/fe57a3f139ea81c65a338e37a8064b4e80844f839737532820c9107eb9e1966f?s=96&d=mm&r=g\",\"contentUrl\":\"https:\/\/secure.gravatar.com\/avatar\/fe57a3f139ea81c65a338e37a8064b4e80844f839737532820c9107eb9e1966f?s=96&d=mm&r=g\",\"caption\":\"fundacio\"},\"url\":\"https:\/\/fundaciocatalunyacultura.cat\/es\/author\/fundacio\/\"}]}<\/script>\n<!-- \/ Yoast SEO plugin. -->","yoast_head_json":{"title":"Entrevista a Sergi Ferrer-Salat, presidente de la Fundaci\u00f3n de M\u00fasica Ferrer-Salat | Fundaci\u00f3 Catalunya Cultura","robots":{"index":"index","follow":"follow","max-snippet":"max-snippet:-1","max-image-preview":"max-image-preview:large","max-video-preview":"max-video-preview:-1"},"canonical":"https:\/\/fundaciocatalunyacultura.cat\/es\/entrevista-a-sergi-ferrer-salat-president-de-la-fundaci-de-msica-ferrer-salat\/","og_locale":"es_ES","og_type":"article","og_title":"Entrevista a Sergi Ferrer-Salat, presidente de la Fundaci\u00f3n de M\u00fasica Ferrer-Salat | Fundaci\u00f3 Catalunya Cultura","og_description":"\u00bfPor qu\u00e9 la Fundaci\u00f3n de M\u00fasica Ferrer-Salat decidi\u00f3 formar parte de la Fundaci\u00f3n Catalunya Cultura? Consideramos que es fundamental contribuir a sensibilizar el tejido empresarial sobre la importancia del mecenazgo cultural. Una sociedad culta es una sociedad m\u00e1s cohesionada, equitativa y social. El hecho de que una de las funciones de la Fundaci\u00f3n Catalunya Cultura [&hellip;]","og_url":"https:\/\/fundaciocatalunyacultura.cat\/es\/entrevista-a-sergi-ferrer-salat-president-de-la-fundaci-de-msica-ferrer-salat\/","og_site_name":"Fundaci\u00f3 Catalunya Cultura","article_publisher":"https:\/\/www.facebook.com\/fundaciocatalunyacultura\/","article_published_time":"2019-07-02T00:00:00+00:00","article_modified_time":"2026-04-16T08:27:55+00:00","author":"fundacio","twitter_card":"summary_large_image","twitter_creator":"@fcatcultura","twitter_site":"@fcatcultura","twitter_misc":{"Escrito por":"fundacio","Tiempo de lectura":"3 minutos"},"schema":{"@context":"https:\/\/schema.org","@graph":[{"@type":"Article","@id":"https:\/\/fundaciocatalunyacultura.cat\/es\/entrevista-a-sergi-ferrer-salat-president-de-la-fundaci-de-msica-ferrer-salat\/#article","isPartOf":{"@id":"https:\/\/fundaciocatalunyacultura.cat\/es\/entrevista-a-sergi-ferrer-salat-president-de-la-fundaci-de-msica-ferrer-salat\/"},"author":{"name":"fundacio","@id":"https:\/\/www.fundaciocatalunyacultura.cat\/es\/#\/schema\/person\/f30f60b8448aa2c1761a644f652a4744"},"headline":"Entrevista a Sergi Ferrer-Salat, presidente de la Fundaci\u00f3n de M\u00fasica Ferrer-Salat","datePublished":"2019-07-02T00:00:00+00:00","dateModified":"2026-04-16T08:27:55+00:00","mainEntityOfPage":{"@id":"https:\/\/fundaciocatalunyacultura.cat\/es\/entrevista-a-sergi-ferrer-salat-president-de-la-fundaci-de-msica-ferrer-salat\/"},"wordCount":596,"publisher":{"@id":"https:\/\/www.fundaciocatalunyacultura.cat\/es\/#organization"},"articleSection":["Entrevistas"],"inLanguage":"es"},{"@type":"WebPage","@id":"https:\/\/fundaciocatalunyacultura.cat\/es\/entrevista-a-sergi-ferrer-salat-president-de-la-fundaci-de-msica-ferrer-salat\/","url":"https:\/\/fundaciocatalunyacultura.cat\/es\/entrevista-a-sergi-ferrer-salat-president-de-la-fundaci-de-msica-ferrer-salat\/","name":"Entrevista a Sergi Ferrer-Salat, presidente de la Fundaci\u00f3n de M\u00fasica Ferrer-Salat | Fundaci\u00f3 Catalunya Cultura","isPartOf":{"@id":"https:\/\/www.fundaciocatalunyacultura.cat\/es\/#website"},"datePublished":"2019-07-02T00:00:00+00:00","dateModified":"2026-04-16T08:27:55+00:00","breadcrumb":{"@id":"https:\/\/fundaciocatalunyacultura.cat\/es\/entrevista-a-sergi-ferrer-salat-president-de-la-fundaci-de-msica-ferrer-salat\/#breadcrumb"},"inLanguage":"es","potentialAction":[{"@type":"ReadAction","target":["https:\/\/fundaciocatalunyacultura.cat\/es\/entrevista-a-sergi-ferrer-salat-president-de-la-fundaci-de-msica-ferrer-salat\/"]}]},{"@type":"BreadcrumbList","@id":"https:\/\/fundaciocatalunyacultura.cat\/es\/entrevista-a-sergi-ferrer-salat-president-de-la-fundaci-de-msica-ferrer-salat\/#breadcrumb","itemListElement":[{"@type":"ListItem","position":1,"name":"Inici","item":"https:\/\/www.fundaciocatalunyacultura.cat\/es\/"},{"@type":"ListItem","position":2,"name":"Entrevista a Sergi Ferrer-Salat, presidente de la Fundaci\u00f3n de M\u00fasica Ferrer-Salat"}]},{"@type":"WebSite","@id":"https:\/\/www.fundaciocatalunyacultura.cat\/es\/#website","url":"https:\/\/www.fundaciocatalunyacultura.cat\/es\/","name":"Fundaci\u00f3 Catalunya Cultura","description":"","publisher":{"@id":"https:\/\/www.fundaciocatalunyacultura.cat\/es\/#organization"},"potentialAction":[{"@type":"SearchAction","target":{"@type":"EntryPoint","urlTemplate":"https:\/\/www.fundaciocatalunyacultura.cat\/es\/?s={search_term_string}"},"query-input":{"@type":"PropertyValueSpecification","valueRequired":true,"valueName":"search_term_string"}}],"inLanguage":"es"},{"@type":"Organization","@id":"https:\/\/www.fundaciocatalunyacultura.cat\/es\/#organization","name":"Fundaci\u00f3 Catalunya Cultura","url":"https:\/\/www.fundaciocatalunyacultura.cat\/es\/","logo":{"@type":"ImageObject","inLanguage":"es","@id":"https:\/\/www.fundaciocatalunyacultura.cat\/es\/#\/schema\/logo\/image\/","url":"https:\/\/hundreds-wordpress-uploads.s3.amazonaws.com\/fundacio-catalunya-cultura\/uploads\/2021\/03\/fcc_logo_blanc-scaled.jpeg","contentUrl":"https:\/\/hundreds-wordpress-uploads.s3.amazonaws.com\/fundacio-catalunya-cultura\/uploads\/2021\/03\/fcc_logo_blanc-scaled.jpeg","width":2560,"height":1785,"caption":"Fundaci\u00f3 Catalunya Cultura"},"image":{"@id":"https:\/\/www.fundaciocatalunyacultura.cat\/es\/#\/schema\/logo\/image\/"},"sameAs":["https:\/\/www.facebook.com\/fundaciocatalunyacultura\/","https:\/\/x.com\/fcatcultura","https:\/\/www.linkedin.com\/company\/fundaci\u00f3-catalunya-cultura\/","https:\/\/ca.wikipedia.org\/wiki\/Fundaci\u00f3_Catalunya_Cultura"]},{"@type":"Person","@id":"https:\/\/www.fundaciocatalunyacultura.cat\/es\/#\/schema\/person\/f30f60b8448aa2c1761a644f652a4744","name":"fundacio","image":{"@type":"ImageObject","inLanguage":"es","@id":"https:\/\/www.fundaciocatalunyacultura.cat\/es\/#\/schema\/person\/image\/","url":"https:\/\/secure.gravatar.com\/avatar\/fe57a3f139ea81c65a338e37a8064b4e80844f839737532820c9107eb9e1966f?s=96&d=mm&r=g","contentUrl":"https:\/\/secure.gravatar.com\/avatar\/fe57a3f139ea81c65a338e37a8064b4e80844f839737532820c9107eb9e1966f?s=96&d=mm&r=g","caption":"fundacio"},"url":"https:\/\/fundaciocatalunyacultura.cat\/es\/author\/fundacio\/"}]}},"_links":{"self":[{"href":"https:\/\/fundaciocatalunyacultura.cat\/es\/wp-json\/wp\/v2\/posts\/4286","targetHints":{"allow":["GET"]}}],"collection":[{"href":"https:\/\/fundaciocatalunyacultura.cat\/es\/wp-json\/wp\/v2\/posts"}],"about":[{"href":"https:\/\/fundaciocatalunyacultura.cat\/es\/wp-json\/wp\/v2\/types\/post"}],"author":[{"embeddable":true,"href":"https:\/\/fundaciocatalunyacultura.cat\/es\/wp-json\/wp\/v2\/users\/1"}],"replies":[{"embeddable":true,"href":"https:\/\/fundaciocatalunyacultura.cat\/es\/wp-json\/wp\/v2\/comments?post=4286"}],"version-history":[{"count":3,"href":"https:\/\/fundaciocatalunyacultura.cat\/es\/wp-json\/wp\/v2\/posts\/4286\/revisions"}],"predecessor-version":[{"id":29349,"href":"https:\/\/fundaciocatalunyacultura.cat\/es\/wp-json\/wp\/v2\/posts\/4286\/revisions\/29349"}],"wp:attachment":[{"href":"https:\/\/fundaciocatalunyacultura.cat\/es\/wp-json\/wp\/v2\/media?parent=4286"}],"wp:term":[{"taxonomy":"category","embeddable":true,"href":"https:\/\/fundaciocatalunyacultura.cat\/es\/wp-json\/wp\/v2\/categories?post=4286"}],"curies":[{"name":"wp","href":"https:\/\/api.w.org\/{rel}","templated":true}]}}