{"id":4193,"date":"2019-11-08T00:00:00","date_gmt":"2019-11-08T00:00:00","guid":{"rendered":"https:\/\/www.fundaciocatalunyacultura.cat\/el-comproms-amb-la-cultura-hauria-de-ser-ms-ferm-i-ms-a-llarg-termini-paula-bonet\/"},"modified":"2021-04-15T15:05:55","modified_gmt":"2021-04-15T15:05:55","slug":"paula-bonet","status":"publish","type":"post","link":"https:\/\/fundaciocatalunyacultura.cat\/es\/paula-bonet\/","title":{"rendered":"\u00abEl compromiso con la cultura deber\u00eda ser m\u00e1s firme y m\u00e1s a largo t\u00e9rmino\u00bb. Paula Bonet"},"content":{"rendered":"<p><strong>-La teva biografia ens diu que has estudiat i treballat per tot el m\u00f3n. Quina radiografia global tens del m\u00f3n de l&#8217;art?<\/strong><\/p>\n<p>Seria molt\u00a0pretensi\u00f3s\u00a0per part meva intentar fer aquesta radiografia. B\u00e0sicament viatge a Am\u00e8rica Llatina i estic molt pendent del que passa al m\u00f3n\u00a0a nivell literari. \u00c9s una parcel\u00b7la petita. Per\u00f2\u00a0trobe\u00a0que la literatura \u00e9s un bon mirall on observar i intentar esbrinar qu\u00e8 est\u00e0 passant. El m\u00e9s evident \u00e9s aquest despertar en massa de les dones, aquest despertar\u00a0al qual\u00a0molts homes tamb\u00e9 s&#8217;han afegit i que t\u00e9 com a \u00fanic objectiu fer un m\u00f3n m\u00e9s just,\u00a0nomenar\u00a0aquest m\u00f3n on l&#8217;home heterosexual \u00e9s el rei, des de molts altres llocs. A mi m&#8217;afecta directament el lloc que ocupa la dona. I les dones, gaireb\u00e9 arreu del m\u00f3n, estem entenent que tamb\u00e9 el m\u00f3n ens pertany i que hem de deixar d&#8217;imitar comportaments masculins, per exemple, per arribar a llocs de poder. Ja no demanem perm\u00eds i ens erigim com a subjecte de la narraci\u00f3.<\/p>\n<p><strong>-A quin pa\u00eds t&#8217;agradaria viure, pensant amb termes culturals? (com\u00a0es\u00a0\u00abviu\u00bb la cultura, del valor que se li\u00a0dona\u00a0tant pol\u00edticament com socialment, de la participaci\u00f3 privada&#8230;) Un exemple a seguir, vaja.<\/strong><\/p>\n<p>Vivim en un context globalitzat on el capitalisme \u00e9s el rei, on els governs de dretes pugen, on s&#8217;eliminen o s&#8217;intenten eliminar dels programes educatius assignatures tan importants com\u00a0s\u00f3n\u00a0la m\u00fasica o la filosofia. La pintura, l&#8217;escriptura, el gravat, s\u00f3n ferramentes comunicatives, s\u00f3n llocs per al pensament, per a di\u00e0leg. A les escoles no s&#8217;ensenya a pensar i la majoria d&#8217;aquelles i aquells que tenen interessos art\u00edstics acaben creient que -tal com\u00a0els diu el context-\u00a0aquestos\u00a0interessos no s\u00f3n coses serioses, un hobby, potser, per\u00f2 que s&#8217;han de dedicar a treballar en \u00e0mbits millor valorats\u00a0a nivell social. S\u00f3c\u00a0pessimista. La nostra feina no es valora com es deuria. No hi ha prou ajudes. No es visibilitza. S&#8217;infravalora.<br \/>\nM&#8217;agrada viure a Espanya. Mentre estigui al pa\u00eds, escullo Catalunya.<\/p>\n<p><strong>El teu treball gaireb\u00e9 sempre ha estat lligat al m\u00f3n de les arts pl\u00e0stiques, la m\u00fasica i la literatura. Ets una artista compromesa amb el context que t&#8217;envolta. Qu\u00e8 t&#8217;envolta actualment?<\/strong><\/p>\n<p>M&#8217;envolta la mala llet i la bona literatura.<br \/>\nLa\u00a0meua\u00a0pintura i all\u00f2 que escric no es pot deslligar d&#8217;eixe\u00a0enfadament. El meu comprom\u00eds \u00e9s amb el meu g\u00e8nere. Sobretot amb les que venen al darrere. Les dones no\u00a0som\u00a0l&#8217;accessori, no som\u00a0l&#8217;alteritat, i no fem coses de dones que nom\u00e9s interessen a les dones, les nostres autobiografies pertanyen\u00a0tant\u00a0a la condici\u00f3 humana com les d&#8217;ells.<\/p>\n<p><strong>-Una obra o treball que t&#8217;hagu\u00e9s encantat fer.<\/strong><\/p>\n<p>Qualsevol dels llibres de Joan\u00a0Didion\u00a0o\u00a0de Annie\u00a0Ernaux, o de\u00a0Nell\u00a0Leyshon, o\u00a0Mary\u00a0Beard, o un llarg etc\u00e8tera d&#8217;autores potents que han continuat treballant i que han dignificat l&#8217;\u00e9sser\u00a0hum\u00e0 a pesar de les habilitats del patriarcat per silenciar-les.<\/p>\n<p><strong>-Aquest any \u00e9s el primer que la Fundaci\u00f3 Catalunya Cultura entrega el Premi IMPULSA Cultura a un projecte cultural que participa en el programa anual. Tu formes part del jurat que decideix qui s&#8217;endur\u00e0 aquest premi. Has estat mai membre d&#8217;un jurat? Recordes algun premi en especial que hagis participat i que t&#8217;hagi marcat?<\/strong><\/p>\n<p>\u00c9s el primer cop que\u00a0forme\u00a0part d&#8217;un jurat.<br \/>\nRecorde\u00a0quan em van donar la beca\u00a0Promoe\u00a0per poder seguir cursant els meus estudis a Santiago de Xile. L&#8217;objectiu era la UPC per\u00f2 el que vaig trobar per casualitat i es va convertir en un dels llocs m\u00e9s importants de la\u00a0meua\u00a0vida\u00a0tant\u00a0a nivell emocional\u00a0com de treball va ser el Taller 99 de Santiago de Xile. Em va marcar especialment perqu\u00e8, fugint d&#8217;una agressi\u00f3 de g\u00e8nere que el context tenia normalitzada i que ni jo sabia\u00a0nomenar, vaig arribar amb vint-i-un anys a un lloc que em va fer enfrontar\u00a0a mi i a la\u00a0meua\u00a0soledat, i que em va fer relacionar\u00a0i entendre el gravat des del lloc m\u00e9s sa i m\u00e9s emocionant que pot existir. \u00c9s al que\u00a0intente\u00a0donar continu\u00eftat a <em>La Madriguera<\/em>, el taller que he muntat a Poble Sec.<\/p>\n<p>&#8211;<strong>En cas afirmatiu, qu\u00e8 et va suposar per la teva carrera guanyar un premi o optar-hi?<\/strong><\/p>\n<p>En primer lloc em va donar confian\u00e7a. En segon lloc em va fer estimar encara m\u00e9s l&#8217;ofici\u00a0al que\u00a0comen\u00e7ava a dedicar la vida.<\/p>\n<p><strong>Qu\u00e8 li diries a una empresa perqu\u00e8 col\u00b7labori amb cultura? O dit d&#8217;una altra manera: com pot seduir el sector cultural al sector empresarial?<\/strong><br \/>\nQue col\u00b7laborar amb la cultura no \u00e9s pagar a\u00a0<em>influencers<\/em>\u00a0a les xarxes.<br \/>\nQue el comprom\u00eds hauria de ser m\u00e9s ferm, m\u00e9s a llarg termini.<\/p>\n<p><strong>-Et proposo un exercici mental. Si a l&#8217;art de casa nostra li\u00a0haguessis de\u00a0posar cara, quina persona seria?<\/strong><\/p>\n<p>La cara meravellosa de S\u00edlvia P\u00e9rez\u00a0Cruz. Pel comprom\u00eds, pel talent, per la sensibilitat, i per com s&#8217;allunya de les coses sup\u00e8rflues que el context pot fer creure els autors i les autores que s\u00f3n importants.<\/p>\n<p><strong>-Un repte en el futur?<\/strong><\/p>\n<p>No deixar-se portar per la in\u00e8rcia.<\/p>\n<div id=\"attachment_3345\" style=\"width: 1290px\" class=\"wp-caption alignnone\"><img loading=\"lazy\" decoding=\"async\" aria-describedby=\"caption-attachment-3345\" class=\"size-full wp-image-3346\" src=\"https:\/\/hundreds-wordpress-uploads.s3.amazonaws.com\/fundacio-catalunya-cultura\/uploads\/2019\/11\/Paula-bonet.jpeg\" alt=\"\" width=\"1280\" height=\"1923\" srcset=\"https:\/\/hundreds-wordpress-uploads.s3.amazonaws.com\/fundacio-catalunya-cultura\/uploads\/2019\/11\/Paula-bonet.jpeg 1280w, https:\/\/hundreds-wordpress-uploads.s3.amazonaws.com\/fundacio-catalunya-cultura\/uploads\/2019\/11\/Paula-bonet-200x300.jpeg 200w, https:\/\/hundreds-wordpress-uploads.s3.amazonaws.com\/fundacio-catalunya-cultura\/uploads\/2019\/11\/Paula-bonet-682x1024.jpeg 682w, https:\/\/hundreds-wordpress-uploads.s3.amazonaws.com\/fundacio-catalunya-cultura\/uploads\/2019\/11\/Paula-bonet-768x1154.jpeg 768w, https:\/\/hundreds-wordpress-uploads.s3.amazonaws.com\/fundacio-catalunya-cultura\/uploads\/2019\/11\/Paula-bonet-1022x1536.jpeg 1022w\" sizes=\"auto, (max-width: 1280px) 100vw, 1280px\" \/><p id=\"caption-attachment-3345\" class=\"wp-caption-text\">Paula Bonet, membre del jurat del Premi IMPULSA CULTURA 2019<\/p><\/div>\n","protected":false},"excerpt":{"rendered":"<p>-La teva biografia ens diu que has estudiat i treballat per tot el m\u00f3n. Quina radiografia global tens del m\u00f3n de l&#8217;art? Seria molt\u00a0pretensi\u00f3s\u00a0per part meva intentar fer aquesta radiografia. B\u00e0sicament viatge a Am\u00e8rica Llatina i estic molt pendent del que passa al m\u00f3n\u00a0a nivell literari. \u00c9s una parcel\u00b7la petita. Per\u00f2\u00a0trobe\u00a0que la literatura \u00e9s un [&hellip;]<\/p>\n","protected":false},"author":1,"featured_media":0,"comment_status":"closed","ping_status":"closed","sticky":false,"template":"","format":"standard","meta":{"_acf_changed":false,"footnotes":""},"categories":[51],"class_list":["post-4193","post","type-post","status-publish","format-standard","hentry","category-entrevistas"],"acf":[],"yoast_head":"<!-- This site is optimized with the Yoast SEO plugin v25.1 - https:\/\/yoast.com\/wordpress\/plugins\/seo\/ -->\n<title>&quot;El compromiso con la cultura deber\u00eda ser m\u00e1s firme y m\u00e1s a largo t\u00e9rmino&quot;. Paula Bonet | Fundaci\u00f3 Catalunya Cultura<\/title>\n<meta name=\"robots\" content=\"index, follow, max-snippet:-1, max-image-preview:large, max-video-preview:-1\" \/>\n<link rel=\"canonical\" href=\"https:\/\/fundaciocatalunyacultura.cat\/es\/paula-bonet\/\" \/>\n<meta property=\"og:locale\" content=\"es_ES\" \/>\n<meta property=\"og:type\" content=\"article\" \/>\n<meta property=\"og:title\" content=\"&quot;El compromiso con la cultura deber\u00eda ser m\u00e1s firme y m\u00e1s a largo t\u00e9rmino&quot;. Paula Bonet | Fundaci\u00f3 Catalunya Cultura\" \/>\n<meta property=\"og:description\" content=\"-La teva biografia ens diu que has estudiat i treballat per tot el m\u00f3n. Quina radiografia global tens del m\u00f3n de l&#8217;art? Seria molt\u00a0pretensi\u00f3s\u00a0per part meva intentar fer aquesta radiografia. B\u00e0sicament viatge a Am\u00e8rica Llatina i estic molt pendent del que passa al m\u00f3n\u00a0a nivell literari. \u00c9s una parcel\u00b7la petita. Per\u00f2\u00a0trobe\u00a0que la literatura \u00e9s un [&hellip;]\" \/>\n<meta property=\"og:url\" content=\"https:\/\/fundaciocatalunyacultura.cat\/es\/paula-bonet\/\" \/>\n<meta property=\"og:site_name\" content=\"Fundaci\u00f3 Catalunya Cultura\" \/>\n<meta property=\"article:publisher\" content=\"https:\/\/www.facebook.com\/fundaciocatalunyacultura\/\" \/>\n<meta property=\"article:published_time\" content=\"2019-11-08T00:00:00+00:00\" \/>\n<meta property=\"article:modified_time\" content=\"2021-04-15T15:05:55+00:00\" \/>\n<meta property=\"og:image\" content=\"https:\/\/hundreds-wordpress-uploads.s3.amazonaws.com\/fundacio-catalunya-cultura\/uploads\/2019\/11\/Paula-bonet.jpeg\" \/>\n<meta name=\"author\" content=\"fundacio\" \/>\n<meta name=\"twitter:card\" content=\"summary_large_image\" \/>\n<meta name=\"twitter:creator\" content=\"@fcatcultura\" \/>\n<meta name=\"twitter:site\" content=\"@fcatcultura\" \/>\n<meta name=\"twitter:label1\" content=\"Escrito por\" \/>\n\t<meta name=\"twitter:data1\" content=\"fundacio\" \/>\n\t<meta name=\"twitter:label2\" content=\"Tiempo de lectura\" \/>\n\t<meta name=\"twitter:data2\" content=\"5 minutos\" \/>\n<script type=\"application\/ld+json\" class=\"yoast-schema-graph\">{\"@context\":\"https:\/\/schema.org\",\"@graph\":[{\"@type\":\"Article\",\"@id\":\"https:\/\/fundaciocatalunyacultura.cat\/es\/paula-bonet\/#article\",\"isPartOf\":{\"@id\":\"https:\/\/fundaciocatalunyacultura.cat\/es\/paula-bonet\/\"},\"author\":{\"name\":\"fundacio\",\"@id\":\"https:\/\/fundaciocatalunyacultura.cat\/#\/schema\/person\/f30f60b8448aa2c1761a644f652a4744\"},\"headline\":\"\u00abEl compromiso con la cultura deber\u00eda ser m\u00e1s firme y m\u00e1s a largo t\u00e9rmino\u00bb. Paula Bonet\",\"datePublished\":\"2019-11-08T00:00:00+00:00\",\"dateModified\":\"2021-04-15T15:05:55+00:00\",\"mainEntityOfPage\":{\"@id\":\"https:\/\/fundaciocatalunyacultura.cat\/es\/paula-bonet\/\"},\"wordCount\":927,\"publisher\":{\"@id\":\"https:\/\/fundaciocatalunyacultura.cat\/#organization\"},\"image\":{\"@id\":\"https:\/\/fundaciocatalunyacultura.cat\/es\/paula-bonet\/#primaryimage\"},\"thumbnailUrl\":\"https:\/\/hundreds-wordpress-uploads.s3.amazonaws.com\/fundacio-catalunya-cultura\/uploads\/2019\/11\/Paula-bonet.jpeg\",\"articleSection\":[\"Entrevistas\"],\"inLanguage\":\"es\"},{\"@type\":\"WebPage\",\"@id\":\"https:\/\/fundaciocatalunyacultura.cat\/es\/paula-bonet\/\",\"url\":\"https:\/\/fundaciocatalunyacultura.cat\/es\/paula-bonet\/\",\"name\":\"\\\"El compromiso con la cultura deber\u00eda ser m\u00e1s firme y m\u00e1s a largo t\u00e9rmino\\\". Paula Bonet | Fundaci\u00f3 Catalunya Cultura\",\"isPartOf\":{\"@id\":\"https:\/\/fundaciocatalunyacultura.cat\/#website\"},\"primaryImageOfPage\":{\"@id\":\"https:\/\/fundaciocatalunyacultura.cat\/es\/paula-bonet\/#primaryimage\"},\"image\":{\"@id\":\"https:\/\/fundaciocatalunyacultura.cat\/es\/paula-bonet\/#primaryimage\"},\"thumbnailUrl\":\"https:\/\/hundreds-wordpress-uploads.s3.amazonaws.com\/fundacio-catalunya-cultura\/uploads\/2019\/11\/Paula-bonet.jpeg\",\"datePublished\":\"2019-11-08T00:00:00+00:00\",\"dateModified\":\"2021-04-15T15:05:55+00:00\",\"breadcrumb\":{\"@id\":\"https:\/\/fundaciocatalunyacultura.cat\/es\/paula-bonet\/#breadcrumb\"},\"inLanguage\":\"es\",\"potentialAction\":[{\"@type\":\"ReadAction\",\"target\":[\"https:\/\/fundaciocatalunyacultura.cat\/es\/paula-bonet\/\"]}]},{\"@type\":\"ImageObject\",\"inLanguage\":\"es\",\"@id\":\"https:\/\/fundaciocatalunyacultura.cat\/es\/paula-bonet\/#primaryimage\",\"url\":\"https:\/\/hundreds-wordpress-uploads.s3.amazonaws.com\/fundacio-catalunya-cultura\/uploads\/2019\/11\/Paula-bonet.jpeg\",\"contentUrl\":\"https:\/\/hundreds-wordpress-uploads.s3.amazonaws.com\/fundacio-catalunya-cultura\/uploads\/2019\/11\/Paula-bonet.jpeg\"},{\"@type\":\"BreadcrumbList\",\"@id\":\"https:\/\/fundaciocatalunyacultura.cat\/es\/paula-bonet\/#breadcrumb\",\"itemListElement\":[{\"@type\":\"ListItem\",\"position\":1,\"name\":\"Inici\",\"item\":\"https:\/\/fundaciocatalunyacultura.cat\/es\/\"},{\"@type\":\"ListItem\",\"position\":2,\"name\":\"\u00abEl compromiso con la cultura deber\u00eda ser m\u00e1s firme y m\u00e1s a largo t\u00e9rmino\u00bb. Paula Bonet\"}]},{\"@type\":\"WebSite\",\"@id\":\"https:\/\/fundaciocatalunyacultura.cat\/#website\",\"url\":\"https:\/\/fundaciocatalunyacultura.cat\/\",\"name\":\"Fundaci\u00f3 Catalunya Cultura\",\"description\":\"\",\"publisher\":{\"@id\":\"https:\/\/fundaciocatalunyacultura.cat\/#organization\"},\"potentialAction\":[{\"@type\":\"SearchAction\",\"target\":{\"@type\":\"EntryPoint\",\"urlTemplate\":\"https:\/\/fundaciocatalunyacultura.cat\/?s={search_term_string}\"},\"query-input\":{\"@type\":\"PropertyValueSpecification\",\"valueRequired\":true,\"valueName\":\"search_term_string\"}}],\"inLanguage\":\"es\"},{\"@type\":\"Organization\",\"@id\":\"https:\/\/fundaciocatalunyacultura.cat\/#organization\",\"name\":\"Fundaci\u00f3 Catalunya Cultura\",\"url\":\"https:\/\/fundaciocatalunyacultura.cat\/\",\"logo\":{\"@type\":\"ImageObject\",\"inLanguage\":\"es\",\"@id\":\"https:\/\/fundaciocatalunyacultura.cat\/#\/schema\/logo\/image\/\",\"url\":\"https:\/\/hundreds-wordpress-uploads.s3.amazonaws.com\/fundacio-catalunya-cultura\/uploads\/2021\/03\/fcc_logo_blanc-scaled.jpeg\",\"contentUrl\":\"https:\/\/hundreds-wordpress-uploads.s3.amazonaws.com\/fundacio-catalunya-cultura\/uploads\/2021\/03\/fcc_logo_blanc-scaled.jpeg\",\"width\":2560,\"height\":1785,\"caption\":\"Fundaci\u00f3 Catalunya Cultura\"},\"image\":{\"@id\":\"https:\/\/fundaciocatalunyacultura.cat\/#\/schema\/logo\/image\/\"},\"sameAs\":[\"https:\/\/www.facebook.com\/fundaciocatalunyacultura\/\",\"https:\/\/x.com\/fcatcultura\",\"https:\/\/www.linkedin.com\/company\/fundaci\u00f3-catalunya-cultura\/\",\"https:\/\/ca.wikipedia.org\/wiki\/Fundaci\u00f3_Catalunya_Cultura\"]},{\"@type\":\"Person\",\"@id\":\"https:\/\/fundaciocatalunyacultura.cat\/#\/schema\/person\/f30f60b8448aa2c1761a644f652a4744\",\"name\":\"fundacio\",\"image\":{\"@type\":\"ImageObject\",\"inLanguage\":\"es\",\"@id\":\"https:\/\/fundaciocatalunyacultura.cat\/#\/schema\/person\/image\/\",\"url\":\"https:\/\/secure.gravatar.com\/avatar\/fe57a3f139ea81c65a338e37a8064b4e80844f839737532820c9107eb9e1966f?s=96&d=mm&r=g\",\"contentUrl\":\"https:\/\/secure.gravatar.com\/avatar\/fe57a3f139ea81c65a338e37a8064b4e80844f839737532820c9107eb9e1966f?s=96&d=mm&r=g\",\"caption\":\"fundacio\"},\"url\":\"https:\/\/fundaciocatalunyacultura.cat\/es\/author\/fundacio\/\"}]}<\/script>\n<!-- \/ Yoast SEO plugin. -->","yoast_head_json":{"title":"\"El compromiso con la cultura deber\u00eda ser m\u00e1s firme y m\u00e1s a largo t\u00e9rmino\". Paula Bonet | Fundaci\u00f3 Catalunya Cultura","robots":{"index":"index","follow":"follow","max-snippet":"max-snippet:-1","max-image-preview":"max-image-preview:large","max-video-preview":"max-video-preview:-1"},"canonical":"https:\/\/fundaciocatalunyacultura.cat\/es\/paula-bonet\/","og_locale":"es_ES","og_type":"article","og_title":"\"El compromiso con la cultura deber\u00eda ser m\u00e1s firme y m\u00e1s a largo t\u00e9rmino\". Paula Bonet | Fundaci\u00f3 Catalunya Cultura","og_description":"-La teva biografia ens diu que has estudiat i treballat per tot el m\u00f3n. Quina radiografia global tens del m\u00f3n de l&#8217;art? Seria molt\u00a0pretensi\u00f3s\u00a0per part meva intentar fer aquesta radiografia. B\u00e0sicament viatge a Am\u00e8rica Llatina i estic molt pendent del que passa al m\u00f3n\u00a0a nivell literari. \u00c9s una parcel\u00b7la petita. Per\u00f2\u00a0trobe\u00a0que la literatura \u00e9s un [&hellip;]","og_url":"https:\/\/fundaciocatalunyacultura.cat\/es\/paula-bonet\/","og_site_name":"Fundaci\u00f3 Catalunya Cultura","article_publisher":"https:\/\/www.facebook.com\/fundaciocatalunyacultura\/","article_published_time":"2019-11-08T00:00:00+00:00","article_modified_time":"2021-04-15T15:05:55+00:00","og_image":[{"url":"https:\/\/hundreds-wordpress-uploads.s3.amazonaws.com\/fundacio-catalunya-cultura\/uploads\/2019\/11\/Paula-bonet.jpeg","type":"","width":"","height":""}],"author":"fundacio","twitter_card":"summary_large_image","twitter_creator":"@fcatcultura","twitter_site":"@fcatcultura","twitter_misc":{"Escrito por":"fundacio","Tiempo de lectura":"5 minutos"},"schema":{"@context":"https:\/\/schema.org","@graph":[{"@type":"Article","@id":"https:\/\/fundaciocatalunyacultura.cat\/es\/paula-bonet\/#article","isPartOf":{"@id":"https:\/\/fundaciocatalunyacultura.cat\/es\/paula-bonet\/"},"author":{"name":"fundacio","@id":"https:\/\/fundaciocatalunyacultura.cat\/#\/schema\/person\/f30f60b8448aa2c1761a644f652a4744"},"headline":"\u00abEl compromiso con la cultura deber\u00eda ser m\u00e1s firme y m\u00e1s a largo t\u00e9rmino\u00bb. Paula Bonet","datePublished":"2019-11-08T00:00:00+00:00","dateModified":"2021-04-15T15:05:55+00:00","mainEntityOfPage":{"@id":"https:\/\/fundaciocatalunyacultura.cat\/es\/paula-bonet\/"},"wordCount":927,"publisher":{"@id":"https:\/\/fundaciocatalunyacultura.cat\/#organization"},"image":{"@id":"https:\/\/fundaciocatalunyacultura.cat\/es\/paula-bonet\/#primaryimage"},"thumbnailUrl":"https:\/\/hundreds-wordpress-uploads.s3.amazonaws.com\/fundacio-catalunya-cultura\/uploads\/2019\/11\/Paula-bonet.jpeg","articleSection":["Entrevistas"],"inLanguage":"es"},{"@type":"WebPage","@id":"https:\/\/fundaciocatalunyacultura.cat\/es\/paula-bonet\/","url":"https:\/\/fundaciocatalunyacultura.cat\/es\/paula-bonet\/","name":"\"El compromiso con la cultura deber\u00eda ser m\u00e1s firme y m\u00e1s a largo t\u00e9rmino\". Paula Bonet | Fundaci\u00f3 Catalunya Cultura","isPartOf":{"@id":"https:\/\/fundaciocatalunyacultura.cat\/#website"},"primaryImageOfPage":{"@id":"https:\/\/fundaciocatalunyacultura.cat\/es\/paula-bonet\/#primaryimage"},"image":{"@id":"https:\/\/fundaciocatalunyacultura.cat\/es\/paula-bonet\/#primaryimage"},"thumbnailUrl":"https:\/\/hundreds-wordpress-uploads.s3.amazonaws.com\/fundacio-catalunya-cultura\/uploads\/2019\/11\/Paula-bonet.jpeg","datePublished":"2019-11-08T00:00:00+00:00","dateModified":"2021-04-15T15:05:55+00:00","breadcrumb":{"@id":"https:\/\/fundaciocatalunyacultura.cat\/es\/paula-bonet\/#breadcrumb"},"inLanguage":"es","potentialAction":[{"@type":"ReadAction","target":["https:\/\/fundaciocatalunyacultura.cat\/es\/paula-bonet\/"]}]},{"@type":"ImageObject","inLanguage":"es","@id":"https:\/\/fundaciocatalunyacultura.cat\/es\/paula-bonet\/#primaryimage","url":"https:\/\/hundreds-wordpress-uploads.s3.amazonaws.com\/fundacio-catalunya-cultura\/uploads\/2019\/11\/Paula-bonet.jpeg","contentUrl":"https:\/\/hundreds-wordpress-uploads.s3.amazonaws.com\/fundacio-catalunya-cultura\/uploads\/2019\/11\/Paula-bonet.jpeg"},{"@type":"BreadcrumbList","@id":"https:\/\/fundaciocatalunyacultura.cat\/es\/paula-bonet\/#breadcrumb","itemListElement":[{"@type":"ListItem","position":1,"name":"Inici","item":"https:\/\/fundaciocatalunyacultura.cat\/es\/"},{"@type":"ListItem","position":2,"name":"\u00abEl compromiso con la cultura deber\u00eda ser m\u00e1s firme y m\u00e1s a largo t\u00e9rmino\u00bb. Paula Bonet"}]},{"@type":"WebSite","@id":"https:\/\/fundaciocatalunyacultura.cat\/#website","url":"https:\/\/fundaciocatalunyacultura.cat\/","name":"Fundaci\u00f3 Catalunya Cultura","description":"","publisher":{"@id":"https:\/\/fundaciocatalunyacultura.cat\/#organization"},"potentialAction":[{"@type":"SearchAction","target":{"@type":"EntryPoint","urlTemplate":"https:\/\/fundaciocatalunyacultura.cat\/?s={search_term_string}"},"query-input":{"@type":"PropertyValueSpecification","valueRequired":true,"valueName":"search_term_string"}}],"inLanguage":"es"},{"@type":"Organization","@id":"https:\/\/fundaciocatalunyacultura.cat\/#organization","name":"Fundaci\u00f3 Catalunya Cultura","url":"https:\/\/fundaciocatalunyacultura.cat\/","logo":{"@type":"ImageObject","inLanguage":"es","@id":"https:\/\/fundaciocatalunyacultura.cat\/#\/schema\/logo\/image\/","url":"https:\/\/hundreds-wordpress-uploads.s3.amazonaws.com\/fundacio-catalunya-cultura\/uploads\/2021\/03\/fcc_logo_blanc-scaled.jpeg","contentUrl":"https:\/\/hundreds-wordpress-uploads.s3.amazonaws.com\/fundacio-catalunya-cultura\/uploads\/2021\/03\/fcc_logo_blanc-scaled.jpeg","width":2560,"height":1785,"caption":"Fundaci\u00f3 Catalunya Cultura"},"image":{"@id":"https:\/\/fundaciocatalunyacultura.cat\/#\/schema\/logo\/image\/"},"sameAs":["https:\/\/www.facebook.com\/fundaciocatalunyacultura\/","https:\/\/x.com\/fcatcultura","https:\/\/www.linkedin.com\/company\/fundaci\u00f3-catalunya-cultura\/","https:\/\/ca.wikipedia.org\/wiki\/Fundaci\u00f3_Catalunya_Cultura"]},{"@type":"Person","@id":"https:\/\/fundaciocatalunyacultura.cat\/#\/schema\/person\/f30f60b8448aa2c1761a644f652a4744","name":"fundacio","image":{"@type":"ImageObject","inLanguage":"es","@id":"https:\/\/fundaciocatalunyacultura.cat\/#\/schema\/person\/image\/","url":"https:\/\/secure.gravatar.com\/avatar\/fe57a3f139ea81c65a338e37a8064b4e80844f839737532820c9107eb9e1966f?s=96&d=mm&r=g","contentUrl":"https:\/\/secure.gravatar.com\/avatar\/fe57a3f139ea81c65a338e37a8064b4e80844f839737532820c9107eb9e1966f?s=96&d=mm&r=g","caption":"fundacio"},"url":"https:\/\/fundaciocatalunyacultura.cat\/es\/author\/fundacio\/"}]}},"_links":{"self":[{"href":"https:\/\/fundaciocatalunyacultura.cat\/es\/wp-json\/wp\/v2\/posts\/4193","targetHints":{"allow":["GET"]}}],"collection":[{"href":"https:\/\/fundaciocatalunyacultura.cat\/es\/wp-json\/wp\/v2\/posts"}],"about":[{"href":"https:\/\/fundaciocatalunyacultura.cat\/es\/wp-json\/wp\/v2\/types\/post"}],"author":[{"embeddable":true,"href":"https:\/\/fundaciocatalunyacultura.cat\/es\/wp-json\/wp\/v2\/users\/1"}],"replies":[{"embeddable":true,"href":"https:\/\/fundaciocatalunyacultura.cat\/es\/wp-json\/wp\/v2\/comments?post=4193"}],"version-history":[{"count":0,"href":"https:\/\/fundaciocatalunyacultura.cat\/es\/wp-json\/wp\/v2\/posts\/4193\/revisions"}],"wp:attachment":[{"href":"https:\/\/fundaciocatalunyacultura.cat\/es\/wp-json\/wp\/v2\/media?parent=4193"}],"wp:term":[{"taxonomy":"category","embeddable":true,"href":"https:\/\/fundaciocatalunyacultura.cat\/es\/wp-json\/wp\/v2\/categories?post=4193"}],"curies":[{"name":"wp","href":"https:\/\/api.w.org\/{rel}","templated":true}]}}