{"id":4190,"date":"2019-11-13T00:00:00","date_gmt":"2019-11-13T00:00:00","guid":{"rendered":"https:\/\/www.fundaciocatalunyacultura.cat\/penso-constantment-en-les-properes-generacions-aix-que-em-sento-molt-comproms-amb-ells\/"},"modified":"2021-04-15T15:03:59","modified_gmt":"2021-04-15T15:03:59","slug":"pienso-constantmente-en-las-proximas-generaciones","status":"publish","type":"post","link":"https:\/\/fundaciocatalunyacultura.cat\/es\/pienso-constantmente-en-las-proximas-generaciones\/","title":{"rendered":"\u00abPienso constantmente en las pr\u00f3ximas generaciones, as\u00ed que me siento muy comprometido con ellos\u00bb"},"content":{"rendered":"<p><strong>Antoni Esteve\u00a0Cruella<\/strong>, empresari i farmac\u00e8utic,\u00a0President d\u2019Esteve Teijin Healthcare i President i fundador d\u2019AdSalutem Institute for Healthy Sleep, \u00e9s un dels membres del jurat del <strong>Premi IMPULSA CULTURA 2019.<\/strong><\/p>\n<p><strong>Podem dir que la cultura \u00e9s\u00a0el fet col\u00b7lectiu\u00a0que compartim i manifestem, \u00e9s el reflex d&#8217;una societat. Qu\u00e8 reflecteix per vost\u00e8 la cultura del nostre pa\u00eds?<\/strong><\/p>\n<p>La cultura a Catalunya suposa un patrimoni\u00a0transgeneracional, quelcom que no pertany a ning\u00fa en particular per\u00f2 que tots hem de protegir i promoure per traspassar-lo als nostres fills en millors condicions.<\/p>\n<p><strong>El m\u00f3n farmac\u00e8utic, cient\u00edfic i de la medicina,\u00a0a l&#8217;hora\u00a0d&#8217;incorporar accions de\u00a0RSC\u00a0o mecenatge, en quina mesura tenen en compte al sector cultural?<\/strong><\/p>\n<p>Sense cap dubte Catalunya\u00a0\u00e9s\u00a0una societat pionera en les ci\u00e8ncies de la salut, des de la recerca fins al nostre propi sistema sanitari, que\u00a0\u00e9s\u00a0magn\u00edfic i gener\u00f3s, al llarg del temps hem estat capa\u00e7os de construir un model sociosanitari que conforma una part intima de\u00a0la nostra cultura, basada en l&#8217;esfor\u00e7 permanent en benefici del progr\u00e9s social.<\/p>\n<p><strong>Vost\u00e8 ha combinat la seva carrera professional amb una \u00e0mplia experi\u00e8ncia amb la innovaci\u00f3, la promoci\u00f3 de la ci\u00e8ncia i l&#8217;emprenedoria, qu\u00e8 aplicaria d&#8217;aquests \u00e0mbits al m\u00f3n de la cultura?<\/strong><\/p>\n<p>Jo personalment em considero una persona afortunada doncs, entre altres coses, he tingut la sort, des de molt jove, de con\u00e8ixer m\u00f3n. He tingut l&#8217;oportunitat de viure en diferents pa\u00efsos, amb diferents cultures, enriquint-me molt\u00edssim en experimentar, valorar, i aprendre de molta gent arreu.<br \/>\nL&#8217;inter\u00e8s per la innovaci\u00f3, la recerca cient\u00edfica, o\/i l&#8217;emprenedoria radica en voler con\u00e8ixer, recon\u00e8ixer, i fugir del conformisme, \u00e9s aix\u00f2 cultura?<\/p>\n<p><strong>Quins impactes creu que pot produir l&#8217;alian\u00e7a entre empresa i cultura, dos sectors aparentment\u00a0tan\u00a0dispars?<\/strong><\/p>\n<p>Aquesta\u00a0\u00e9s\u00a0una alian\u00e7a fonamental, l&#8217;empresa no\u00a0\u00e9s\u00a0mes que una suma organitzada d&#8217;esfor\u00e7os per crear valor per una societat, i la cultura, segons la meva manera d&#8217;interpretar-la,\u00a0\u00e9s\u00a0precisament la capacitat d&#8217;una societat en impulsar aquest tipus d&#8217;iniciatives. Una societat culta, rica en cultura,\u00a0\u00e9s\u00a0una societat pr\u00f2spera tamb\u00e9 empresarialment.<\/p>\n<p><strong>Qu\u00e8 creu que hauria de fer el sector cultural perqu\u00e8 el sector empresarial s&#8217;impliqui m\u00e9s en la cultura?<\/strong><\/p>\n<p>La cultura ha d&#8217;estar present en\u00a0l&#8217;empresa, i l&#8217;empresa hauria d&#8217;incorporar la cultura en el seu ADN, es tracta d&#8217;un esfor\u00e7 bidireccional, tots som responsables de fer-ho possible i crec sincerament que tenim grans experi\u00e8ncies, probablement encara insuficients. Cal persistir. Les escoles de negocis poden ser una magn\u00edfica font d&#8217;inspiraci\u00f3 pels\u00a0m\u00e9s\u00a0joves, el nostre futur!<\/p>\n<p><strong>Quines aficions culturals li agraden? Consumeix cultura habitualment?<\/strong><\/p>\n<p>M&#8217;agrada la lectura, la m\u00fasica, el cinema, l&#8217;art, sense ser un expert en cap d&#8217;aquests \u00e0mbits, si\u00a0s\u00f3c\u00a0una persona curiosa i respectuosa amb tots ells!<\/p>\n<p><strong>Algun repte de futur?<\/strong><\/p>\n<p>Penso constantment en les properes generacions, aix\u00ed que em sento molt comprom\u00e8s amb ells, voldria deixar-los una societat\u00a0m\u00e9s\u00a0prospera i atractiva!<\/p>\n<p>&nbsp;<\/p>\n<div id=\"attachment_3342\" style=\"width: 1290px\" class=\"wp-caption alignnone\"><img loading=\"lazy\" decoding=\"async\" aria-describedby=\"caption-attachment-3342\" class=\"size-full wp-image-3343\" src=\"https:\/\/hundreds-wordpress-uploads.s3.amazonaws.com\/fundacio-catalunya-cultura\/uploads\/2019\/11\/antoni-esteve.jpeg\" alt=\"\" width=\"1280\" height=\"720\" srcset=\"https:\/\/hundreds-wordpress-uploads.s3.amazonaws.com\/fundacio-catalunya-cultura\/uploads\/2019\/11\/antoni-esteve.jpeg 1280w, https:\/\/hundreds-wordpress-uploads.s3.amazonaws.com\/fundacio-catalunya-cultura\/uploads\/2019\/11\/antoni-esteve-300x169.jpeg 300w, https:\/\/hundreds-wordpress-uploads.s3.amazonaws.com\/fundacio-catalunya-cultura\/uploads\/2019\/11\/antoni-esteve-1024x576.jpeg 1024w, https:\/\/hundreds-wordpress-uploads.s3.amazonaws.com\/fundacio-catalunya-cultura\/uploads\/2019\/11\/antoni-esteve-768x432.jpeg 768w\" sizes=\"auto, (max-width: 1280px) 100vw, 1280px\" \/><p id=\"caption-attachment-3342\" class=\"wp-caption-text\">Antoni Esteve<\/p><\/div>\n","protected":false},"excerpt":{"rendered":"<p>Antoni Esteve\u00a0Cruella, empresari i farmac\u00e8utic,\u00a0President d\u2019Esteve Teijin Healthcare i President i fundador d\u2019AdSalutem Institute for Healthy Sleep, \u00e9s un dels membres del jurat del Premi IMPULSA CULTURA 2019. Podem dir que la cultura \u00e9s\u00a0el fet col\u00b7lectiu\u00a0que compartim i manifestem, \u00e9s el reflex d&#8217;una societat. Qu\u00e8 reflecteix per vost\u00e8 la cultura del nostre pa\u00eds? La cultura [&hellip;]<\/p>\n","protected":false},"author":1,"featured_media":0,"comment_status":"closed","ping_status":"closed","sticky":false,"template":"","format":"standard","meta":{"_acf_changed":false,"footnotes":""},"categories":[51],"class_list":["post-4190","post","type-post","status-publish","format-standard","hentry","category-entrevistas"],"acf":[],"yoast_head":"<!-- This site is optimized with the Yoast SEO plugin v25.1 - https:\/\/yoast.com\/wordpress\/plugins\/seo\/ -->\n<title>&quot;Pienso constantmente en las pr\u00f3ximas generaciones, as\u00ed que me siento muy comprometido con ellos&quot; | Fundaci\u00f3 Catalunya Cultura<\/title>\n<meta name=\"robots\" content=\"index, follow, max-snippet:-1, max-image-preview:large, max-video-preview:-1\" \/>\n<link rel=\"canonical\" href=\"https:\/\/fundaciocatalunyacultura.cat\/es\/pienso-constantmente-en-las-proximas-generaciones\/\" \/>\n<meta property=\"og:locale\" content=\"es_ES\" \/>\n<meta property=\"og:type\" content=\"article\" \/>\n<meta property=\"og:title\" content=\"&quot;Pienso constantmente en las pr\u00f3ximas generaciones, as\u00ed que me siento muy comprometido con ellos&quot; | Fundaci\u00f3 Catalunya Cultura\" \/>\n<meta property=\"og:description\" content=\"Antoni Esteve\u00a0Cruella, empresari i farmac\u00e8utic,\u00a0President d\u2019Esteve Teijin Healthcare i President i fundador d\u2019AdSalutem Institute for Healthy Sleep, \u00e9s un dels membres del jurat del Premi IMPULSA CULTURA 2019. Podem dir que la cultura \u00e9s\u00a0el fet col\u00b7lectiu\u00a0que compartim i manifestem, \u00e9s el reflex d&#8217;una societat. Qu\u00e8 reflecteix per vost\u00e8 la cultura del nostre pa\u00eds? La cultura [&hellip;]\" \/>\n<meta property=\"og:url\" content=\"https:\/\/fundaciocatalunyacultura.cat\/es\/pienso-constantmente-en-las-proximas-generaciones\/\" \/>\n<meta property=\"og:site_name\" content=\"Fundaci\u00f3 Catalunya Cultura\" \/>\n<meta property=\"article:publisher\" content=\"https:\/\/www.facebook.com\/fundaciocatalunyacultura\/\" \/>\n<meta property=\"article:published_time\" content=\"2019-11-13T00:00:00+00:00\" \/>\n<meta property=\"article:modified_time\" content=\"2021-04-15T15:03:59+00:00\" \/>\n<meta property=\"og:image\" content=\"https:\/\/hundreds-wordpress-uploads.s3.amazonaws.com\/fundacio-catalunya-cultura\/uploads\/2019\/11\/antoni-esteve.jpeg\" \/>\n<meta name=\"author\" content=\"fundacio\" \/>\n<meta name=\"twitter:card\" content=\"summary_large_image\" \/>\n<meta name=\"twitter:creator\" content=\"@fcatcultura\" \/>\n<meta name=\"twitter:site\" content=\"@fcatcultura\" \/>\n<meta name=\"twitter:label1\" content=\"Escrito por\" \/>\n\t<meta name=\"twitter:data1\" content=\"fundacio\" \/>\n\t<meta name=\"twitter:label2\" content=\"Tiempo de lectura\" \/>\n\t<meta name=\"twitter:data2\" content=\"3 minutos\" \/>\n<script type=\"application\/ld+json\" class=\"yoast-schema-graph\">{\"@context\":\"https:\/\/schema.org\",\"@graph\":[{\"@type\":\"Article\",\"@id\":\"https:\/\/fundaciocatalunyacultura.cat\/es\/pienso-constantmente-en-las-proximas-generaciones\/#article\",\"isPartOf\":{\"@id\":\"https:\/\/fundaciocatalunyacultura.cat\/es\/pienso-constantmente-en-las-proximas-generaciones\/\"},\"author\":{\"name\":\"fundacio\",\"@id\":\"https:\/\/www.fundaciocatalunyacultura.cat\/es\/#\/schema\/person\/f30f60b8448aa2c1761a644f652a4744\"},\"headline\":\"\u00abPienso constantmente en las pr\u00f3ximas generaciones, as\u00ed que me siento muy comprometido con ellos\u00bb\",\"datePublished\":\"2019-11-13T00:00:00+00:00\",\"dateModified\":\"2021-04-15T15:03:59+00:00\",\"mainEntityOfPage\":{\"@id\":\"https:\/\/fundaciocatalunyacultura.cat\/es\/pienso-constantmente-en-las-proximas-generaciones\/\"},\"wordCount\":530,\"publisher\":{\"@id\":\"https:\/\/www.fundaciocatalunyacultura.cat\/es\/#organization\"},\"image\":{\"@id\":\"https:\/\/fundaciocatalunyacultura.cat\/es\/pienso-constantmente-en-las-proximas-generaciones\/#primaryimage\"},\"thumbnailUrl\":\"https:\/\/hundreds-wordpress-uploads.s3.amazonaws.com\/fundacio-catalunya-cultura\/uploads\/2019\/11\/antoni-esteve.jpeg\",\"articleSection\":[\"Entrevistas\"],\"inLanguage\":\"es\"},{\"@type\":\"WebPage\",\"@id\":\"https:\/\/fundaciocatalunyacultura.cat\/es\/pienso-constantmente-en-las-proximas-generaciones\/\",\"url\":\"https:\/\/fundaciocatalunyacultura.cat\/es\/pienso-constantmente-en-las-proximas-generaciones\/\",\"name\":\"\\\"Pienso constantmente en las pr\u00f3ximas generaciones, as\u00ed que me siento muy comprometido con ellos\\\" | Fundaci\u00f3 Catalunya Cultura\",\"isPartOf\":{\"@id\":\"https:\/\/www.fundaciocatalunyacultura.cat\/es\/#website\"},\"primaryImageOfPage\":{\"@id\":\"https:\/\/fundaciocatalunyacultura.cat\/es\/pienso-constantmente-en-las-proximas-generaciones\/#primaryimage\"},\"image\":{\"@id\":\"https:\/\/fundaciocatalunyacultura.cat\/es\/pienso-constantmente-en-las-proximas-generaciones\/#primaryimage\"},\"thumbnailUrl\":\"https:\/\/hundreds-wordpress-uploads.s3.amazonaws.com\/fundacio-catalunya-cultura\/uploads\/2019\/11\/antoni-esteve.jpeg\",\"datePublished\":\"2019-11-13T00:00:00+00:00\",\"dateModified\":\"2021-04-15T15:03:59+00:00\",\"breadcrumb\":{\"@id\":\"https:\/\/fundaciocatalunyacultura.cat\/es\/pienso-constantmente-en-las-proximas-generaciones\/#breadcrumb\"},\"inLanguage\":\"es\",\"potentialAction\":[{\"@type\":\"ReadAction\",\"target\":[\"https:\/\/fundaciocatalunyacultura.cat\/es\/pienso-constantmente-en-las-proximas-generaciones\/\"]}]},{\"@type\":\"ImageObject\",\"inLanguage\":\"es\",\"@id\":\"https:\/\/fundaciocatalunyacultura.cat\/es\/pienso-constantmente-en-las-proximas-generaciones\/#primaryimage\",\"url\":\"https:\/\/hundreds-wordpress-uploads.s3.amazonaws.com\/fundacio-catalunya-cultura\/uploads\/2019\/11\/antoni-esteve.jpeg\",\"contentUrl\":\"https:\/\/hundreds-wordpress-uploads.s3.amazonaws.com\/fundacio-catalunya-cultura\/uploads\/2019\/11\/antoni-esteve.jpeg\"},{\"@type\":\"BreadcrumbList\",\"@id\":\"https:\/\/fundaciocatalunyacultura.cat\/es\/pienso-constantmente-en-las-proximas-generaciones\/#breadcrumb\",\"itemListElement\":[{\"@type\":\"ListItem\",\"position\":1,\"name\":\"Inici\",\"item\":\"https:\/\/www.fundaciocatalunyacultura.cat\/es\/\"},{\"@type\":\"ListItem\",\"position\":2,\"name\":\"\u00abPienso constantmente en las pr\u00f3ximas generaciones, as\u00ed que me siento muy comprometido con ellos\u00bb\"}]},{\"@type\":\"WebSite\",\"@id\":\"https:\/\/www.fundaciocatalunyacultura.cat\/es\/#website\",\"url\":\"https:\/\/www.fundaciocatalunyacultura.cat\/es\/\",\"name\":\"Fundaci\u00f3 Catalunya Cultura\",\"description\":\"\",\"publisher\":{\"@id\":\"https:\/\/www.fundaciocatalunyacultura.cat\/es\/#organization\"},\"potentialAction\":[{\"@type\":\"SearchAction\",\"target\":{\"@type\":\"EntryPoint\",\"urlTemplate\":\"https:\/\/www.fundaciocatalunyacultura.cat\/es\/?s={search_term_string}\"},\"query-input\":{\"@type\":\"PropertyValueSpecification\",\"valueRequired\":true,\"valueName\":\"search_term_string\"}}],\"inLanguage\":\"es\"},{\"@type\":\"Organization\",\"@id\":\"https:\/\/www.fundaciocatalunyacultura.cat\/es\/#organization\",\"name\":\"Fundaci\u00f3 Catalunya Cultura\",\"url\":\"https:\/\/www.fundaciocatalunyacultura.cat\/es\/\",\"logo\":{\"@type\":\"ImageObject\",\"inLanguage\":\"es\",\"@id\":\"https:\/\/www.fundaciocatalunyacultura.cat\/es\/#\/schema\/logo\/image\/\",\"url\":\"https:\/\/hundreds-wordpress-uploads.s3.amazonaws.com\/fundacio-catalunya-cultura\/uploads\/2021\/03\/fcc_logo_blanc-scaled.jpeg\",\"contentUrl\":\"https:\/\/hundreds-wordpress-uploads.s3.amazonaws.com\/fundacio-catalunya-cultura\/uploads\/2021\/03\/fcc_logo_blanc-scaled.jpeg\",\"width\":2560,\"height\":1785,\"caption\":\"Fundaci\u00f3 Catalunya Cultura\"},\"image\":{\"@id\":\"https:\/\/www.fundaciocatalunyacultura.cat\/es\/#\/schema\/logo\/image\/\"},\"sameAs\":[\"https:\/\/www.facebook.com\/fundaciocatalunyacultura\/\",\"https:\/\/x.com\/fcatcultura\",\"https:\/\/www.linkedin.com\/company\/fundaci\u00f3-catalunya-cultura\/\",\"https:\/\/ca.wikipedia.org\/wiki\/Fundaci\u00f3_Catalunya_Cultura\"]},{\"@type\":\"Person\",\"@id\":\"https:\/\/www.fundaciocatalunyacultura.cat\/es\/#\/schema\/person\/f30f60b8448aa2c1761a644f652a4744\",\"name\":\"fundacio\",\"image\":{\"@type\":\"ImageObject\",\"inLanguage\":\"es\",\"@id\":\"https:\/\/www.fundaciocatalunyacultura.cat\/es\/#\/schema\/person\/image\/\",\"url\":\"https:\/\/secure.gravatar.com\/avatar\/fe57a3f139ea81c65a338e37a8064b4e80844f839737532820c9107eb9e1966f?s=96&d=mm&r=g\",\"contentUrl\":\"https:\/\/secure.gravatar.com\/avatar\/fe57a3f139ea81c65a338e37a8064b4e80844f839737532820c9107eb9e1966f?s=96&d=mm&r=g\",\"caption\":\"fundacio\"},\"url\":\"https:\/\/fundaciocatalunyacultura.cat\/es\/author\/fundacio\/\"}]}<\/script>\n<!-- \/ Yoast SEO plugin. -->","yoast_head_json":{"title":"\"Pienso constantmente en las pr\u00f3ximas generaciones, as\u00ed que me siento muy comprometido con ellos\" | Fundaci\u00f3 Catalunya Cultura","robots":{"index":"index","follow":"follow","max-snippet":"max-snippet:-1","max-image-preview":"max-image-preview:large","max-video-preview":"max-video-preview:-1"},"canonical":"https:\/\/fundaciocatalunyacultura.cat\/es\/pienso-constantmente-en-las-proximas-generaciones\/","og_locale":"es_ES","og_type":"article","og_title":"\"Pienso constantmente en las pr\u00f3ximas generaciones, as\u00ed que me siento muy comprometido con ellos\" | Fundaci\u00f3 Catalunya Cultura","og_description":"Antoni Esteve\u00a0Cruella, empresari i farmac\u00e8utic,\u00a0President d\u2019Esteve Teijin Healthcare i President i fundador d\u2019AdSalutem Institute for Healthy Sleep, \u00e9s un dels membres del jurat del Premi IMPULSA CULTURA 2019. Podem dir que la cultura \u00e9s\u00a0el fet col\u00b7lectiu\u00a0que compartim i manifestem, \u00e9s el reflex d&#8217;una societat. Qu\u00e8 reflecteix per vost\u00e8 la cultura del nostre pa\u00eds? La cultura [&hellip;]","og_url":"https:\/\/fundaciocatalunyacultura.cat\/es\/pienso-constantmente-en-las-proximas-generaciones\/","og_site_name":"Fundaci\u00f3 Catalunya Cultura","article_publisher":"https:\/\/www.facebook.com\/fundaciocatalunyacultura\/","article_published_time":"2019-11-13T00:00:00+00:00","article_modified_time":"2021-04-15T15:03:59+00:00","og_image":[{"url":"https:\/\/hundreds-wordpress-uploads.s3.amazonaws.com\/fundacio-catalunya-cultura\/uploads\/2019\/11\/antoni-esteve.jpeg","type":"","width":"","height":""}],"author":"fundacio","twitter_card":"summary_large_image","twitter_creator":"@fcatcultura","twitter_site":"@fcatcultura","twitter_misc":{"Escrito por":"fundacio","Tiempo de lectura":"3 minutos"},"schema":{"@context":"https:\/\/schema.org","@graph":[{"@type":"Article","@id":"https:\/\/fundaciocatalunyacultura.cat\/es\/pienso-constantmente-en-las-proximas-generaciones\/#article","isPartOf":{"@id":"https:\/\/fundaciocatalunyacultura.cat\/es\/pienso-constantmente-en-las-proximas-generaciones\/"},"author":{"name":"fundacio","@id":"https:\/\/www.fundaciocatalunyacultura.cat\/es\/#\/schema\/person\/f30f60b8448aa2c1761a644f652a4744"},"headline":"\u00abPienso constantmente en las pr\u00f3ximas generaciones, as\u00ed que me siento muy comprometido con ellos\u00bb","datePublished":"2019-11-13T00:00:00+00:00","dateModified":"2021-04-15T15:03:59+00:00","mainEntityOfPage":{"@id":"https:\/\/fundaciocatalunyacultura.cat\/es\/pienso-constantmente-en-las-proximas-generaciones\/"},"wordCount":530,"publisher":{"@id":"https:\/\/www.fundaciocatalunyacultura.cat\/es\/#organization"},"image":{"@id":"https:\/\/fundaciocatalunyacultura.cat\/es\/pienso-constantmente-en-las-proximas-generaciones\/#primaryimage"},"thumbnailUrl":"https:\/\/hundreds-wordpress-uploads.s3.amazonaws.com\/fundacio-catalunya-cultura\/uploads\/2019\/11\/antoni-esteve.jpeg","articleSection":["Entrevistas"],"inLanguage":"es"},{"@type":"WebPage","@id":"https:\/\/fundaciocatalunyacultura.cat\/es\/pienso-constantmente-en-las-proximas-generaciones\/","url":"https:\/\/fundaciocatalunyacultura.cat\/es\/pienso-constantmente-en-las-proximas-generaciones\/","name":"\"Pienso constantmente en las pr\u00f3ximas generaciones, as\u00ed que me siento muy comprometido con ellos\" | Fundaci\u00f3 Catalunya Cultura","isPartOf":{"@id":"https:\/\/www.fundaciocatalunyacultura.cat\/es\/#website"},"primaryImageOfPage":{"@id":"https:\/\/fundaciocatalunyacultura.cat\/es\/pienso-constantmente-en-las-proximas-generaciones\/#primaryimage"},"image":{"@id":"https:\/\/fundaciocatalunyacultura.cat\/es\/pienso-constantmente-en-las-proximas-generaciones\/#primaryimage"},"thumbnailUrl":"https:\/\/hundreds-wordpress-uploads.s3.amazonaws.com\/fundacio-catalunya-cultura\/uploads\/2019\/11\/antoni-esteve.jpeg","datePublished":"2019-11-13T00:00:00+00:00","dateModified":"2021-04-15T15:03:59+00:00","breadcrumb":{"@id":"https:\/\/fundaciocatalunyacultura.cat\/es\/pienso-constantmente-en-las-proximas-generaciones\/#breadcrumb"},"inLanguage":"es","potentialAction":[{"@type":"ReadAction","target":["https:\/\/fundaciocatalunyacultura.cat\/es\/pienso-constantmente-en-las-proximas-generaciones\/"]}]},{"@type":"ImageObject","inLanguage":"es","@id":"https:\/\/fundaciocatalunyacultura.cat\/es\/pienso-constantmente-en-las-proximas-generaciones\/#primaryimage","url":"https:\/\/hundreds-wordpress-uploads.s3.amazonaws.com\/fundacio-catalunya-cultura\/uploads\/2019\/11\/antoni-esteve.jpeg","contentUrl":"https:\/\/hundreds-wordpress-uploads.s3.amazonaws.com\/fundacio-catalunya-cultura\/uploads\/2019\/11\/antoni-esteve.jpeg"},{"@type":"BreadcrumbList","@id":"https:\/\/fundaciocatalunyacultura.cat\/es\/pienso-constantmente-en-las-proximas-generaciones\/#breadcrumb","itemListElement":[{"@type":"ListItem","position":1,"name":"Inici","item":"https:\/\/www.fundaciocatalunyacultura.cat\/es\/"},{"@type":"ListItem","position":2,"name":"\u00abPienso constantmente en las pr\u00f3ximas generaciones, as\u00ed que me siento muy comprometido con ellos\u00bb"}]},{"@type":"WebSite","@id":"https:\/\/www.fundaciocatalunyacultura.cat\/es\/#website","url":"https:\/\/www.fundaciocatalunyacultura.cat\/es\/","name":"Fundaci\u00f3 Catalunya Cultura","description":"","publisher":{"@id":"https:\/\/www.fundaciocatalunyacultura.cat\/es\/#organization"},"potentialAction":[{"@type":"SearchAction","target":{"@type":"EntryPoint","urlTemplate":"https:\/\/www.fundaciocatalunyacultura.cat\/es\/?s={search_term_string}"},"query-input":{"@type":"PropertyValueSpecification","valueRequired":true,"valueName":"search_term_string"}}],"inLanguage":"es"},{"@type":"Organization","@id":"https:\/\/www.fundaciocatalunyacultura.cat\/es\/#organization","name":"Fundaci\u00f3 Catalunya Cultura","url":"https:\/\/www.fundaciocatalunyacultura.cat\/es\/","logo":{"@type":"ImageObject","inLanguage":"es","@id":"https:\/\/www.fundaciocatalunyacultura.cat\/es\/#\/schema\/logo\/image\/","url":"https:\/\/hundreds-wordpress-uploads.s3.amazonaws.com\/fundacio-catalunya-cultura\/uploads\/2021\/03\/fcc_logo_blanc-scaled.jpeg","contentUrl":"https:\/\/hundreds-wordpress-uploads.s3.amazonaws.com\/fundacio-catalunya-cultura\/uploads\/2021\/03\/fcc_logo_blanc-scaled.jpeg","width":2560,"height":1785,"caption":"Fundaci\u00f3 Catalunya Cultura"},"image":{"@id":"https:\/\/www.fundaciocatalunyacultura.cat\/es\/#\/schema\/logo\/image\/"},"sameAs":["https:\/\/www.facebook.com\/fundaciocatalunyacultura\/","https:\/\/x.com\/fcatcultura","https:\/\/www.linkedin.com\/company\/fundaci\u00f3-catalunya-cultura\/","https:\/\/ca.wikipedia.org\/wiki\/Fundaci\u00f3_Catalunya_Cultura"]},{"@type":"Person","@id":"https:\/\/www.fundaciocatalunyacultura.cat\/es\/#\/schema\/person\/f30f60b8448aa2c1761a644f652a4744","name":"fundacio","image":{"@type":"ImageObject","inLanguage":"es","@id":"https:\/\/www.fundaciocatalunyacultura.cat\/es\/#\/schema\/person\/image\/","url":"https:\/\/secure.gravatar.com\/avatar\/fe57a3f139ea81c65a338e37a8064b4e80844f839737532820c9107eb9e1966f?s=96&d=mm&r=g","contentUrl":"https:\/\/secure.gravatar.com\/avatar\/fe57a3f139ea81c65a338e37a8064b4e80844f839737532820c9107eb9e1966f?s=96&d=mm&r=g","caption":"fundacio"},"url":"https:\/\/fundaciocatalunyacultura.cat\/es\/author\/fundacio\/"}]}},"_links":{"self":[{"href":"https:\/\/fundaciocatalunyacultura.cat\/es\/wp-json\/wp\/v2\/posts\/4190","targetHints":{"allow":["GET"]}}],"collection":[{"href":"https:\/\/fundaciocatalunyacultura.cat\/es\/wp-json\/wp\/v2\/posts"}],"about":[{"href":"https:\/\/fundaciocatalunyacultura.cat\/es\/wp-json\/wp\/v2\/types\/post"}],"author":[{"embeddable":true,"href":"https:\/\/fundaciocatalunyacultura.cat\/es\/wp-json\/wp\/v2\/users\/1"}],"replies":[{"embeddable":true,"href":"https:\/\/fundaciocatalunyacultura.cat\/es\/wp-json\/wp\/v2\/comments?post=4190"}],"version-history":[{"count":0,"href":"https:\/\/fundaciocatalunyacultura.cat\/es\/wp-json\/wp\/v2\/posts\/4190\/revisions"}],"wp:attachment":[{"href":"https:\/\/fundaciocatalunyacultura.cat\/es\/wp-json\/wp\/v2\/media?parent=4190"}],"wp:term":[{"taxonomy":"category","embeddable":true,"href":"https:\/\/fundaciocatalunyacultura.cat\/es\/wp-json\/wp\/v2\/categories?post=4190"}],"curies":[{"name":"wp","href":"https:\/\/api.w.org\/{rel}","templated":true}]}}