{"id":24697,"date":"2025-05-05T10:56:01","date_gmt":"2025-05-05T10:56:01","guid":{"rendered":"https:\/\/www.fundaciocatalunyacultura.cat\/?p=24697"},"modified":"2025-05-05T10:56:29","modified_gmt":"2025-05-05T10:56:29","slug":"la-consejera-de-cultura-se-reune-con-las-empresas-certificadas-con-el-sello-impulsa-cultura","status":"publish","type":"post","link":"https:\/\/fundaciocatalunyacultura.cat\/es\/la-consejera-de-cultura-se-reune-con-las-empresas-certificadas-con-el-sello-impulsa-cultura\/","title":{"rendered":"La consejera de Cultura se reune con las empresas certificadas con el Sello IMPULSA CULTURA"},"content":{"rendered":"<p>La consejera de Cultura, <strong>S\u00f2nia Hern\u00e1ndez Almod\u00f3var<\/strong>, se ha reunido esta ma\u00f1ana en una recepci\u00f3n institucional con representantes de las empresas certificadas con el <a href=\"https:\/\/www.fundaciocatalunyacultura.cat\/es\/sello\/\"><strong>Sello IMPULSA CULTURA<\/strong><\/a> que otorga la <a href=\"https:\/\/www.fundaciocatalunyacultura.cat\/es\/\"><strong>Fundaci\u00f3 Catalunya Cultura<\/strong><\/a> en colaboraci\u00f3n con la <a href=\"https:\/\/www.udg.edu\/es\/catedres\/rss\">C\u00e1tedra de Responsabilidad Social y Sostenibilidad de la Universitat de Girona.<\/a><\/p>\n<p>Al encuentro han asistido directivos de las <a href=\"https:\/\/www.fundaciocatalunyacultura.cat\/es\/sello\/\"><strong>empresas<\/strong><\/a> distinguidas con el Sello, encabezados por el presidente ejecutivo de la Fundaci\u00f3 Catalunya Cultura y de Fluidra, <strong>Eloi Planes<\/strong>, y la directora de la Fundaci\u00f3n, <strong>Maite Esteve<\/strong>.<\/p>\n<p>La consellera ha reconocido el compromiso firme y activo con la cultura de las empresas que cuentan con el Sello. Por su parte, el presidente ejecutivo de la Fundaci\u00f3 Catalunya Cultura ha hecho referencia a la propuesta de la <a href=\"https:\/\/hundreds-wordpress-uploads.s3.amazonaws.com\/fundacio-catalunya-cultura\/uploads\/2025\/01\/Proposta-FCC-de-Llei-de-mecenatge-de-Catalunya-20.1.25.pdf\">Ley de mecenazgo de Catalu\u00f1a<\/a> impulsada por la Fundaci\u00f3n y ha destacado: \u201cEsperamos que se pueda aprobar en esta legislatura\u201d.<\/p>\n<p>El Sello IMPULSA CULTURA, creado en 2019 por la Fundaci\u00f3 Catalunya Cultura, da la posibilidad de formar parte de una comunidad integrada por empresas comprometidas con el mundo cultural, que apuestan por una econom\u00eda de impacto a largo plazo que va m\u00e1s all\u00e1 del beneficio econ\u00f3mico y que se convierten en un referente de inspiraci\u00f3n para otras entidades.<\/p>\n<p>Hasta ahora, son 24 las empresas que han obtenido el Sello: <strong>Fundaci\u00f3 Banc Sabadell, Fundaci\u00f3 Fluidra, Grup Gir\u00f3, Sorigu\u00e9, DKV, Diari Ara, Fundaci\u00f3 Carmen &amp; Llu\u00eds Bassat, Centre Dental Les Escoles, Codorniu, Parlem, Moventia, Llet Nostra, Agrienergia, Eurofragance, Marc Mart\u00ed, Damm, Kave Home, GCO (Grup Catalana Occident) a trav\u00e9s de la Fundaci\u00f3 Occident, Lluch Essence, HP, La Selva, Aena, Borges International Group y Marlex.<\/strong><\/p>\n<p>Para conseguir la certificaci\u00f3n, una comisi\u00f3n constituida por cuatro miembros de reconocido prestigio en el \u00e1mbito de la cultura y la empresa, con la ayuda de expertos independientes, eval\u00faan las candidaturas de las empresas en funci\u00f3n de tres criterios: el liderazgo organizacional que ejercen en la promoci\u00f3n de la cultura, las acciones de promoci\u00f3n que llevan a cabo, y el impacto social, territorial y comunicativo que tienen dichas actuaciones.<\/p>\n<p><strong>\u00bfA qui\u00e9n se dirige el Sello?<\/strong><\/p>\n<ul>\n<li>A empresas responsables, con prop\u00f3sito de generar valor social y cultural m\u00e1s all\u00e1 de su propia actividad.<\/li>\n<li>A empresas que quieren certificar sus buenas pr\u00e1cticas y dar visibilidad a su impacto.<\/li>\n<li>A empresas con voluntad de sumarse a una comunidad l\u00edder en el compromiso con la cultura.<\/li>\n<\/ul>\n<p>Otra de las iniciativas de la Fundaci\u00f3 Catalunya Cultura para dar visibilidad a las empresas comprometidas con el sector cultural es el <a href=\"https:\/\/www.fundaciocatalunyacultura.cat\/es\/premi-empresa-cultura\/\"><strong>Premio Empresa Cultura<\/strong><\/a>, un galard\u00f3n que se otorga anualmente a empresas que destacan por las actividades que desarrollan a favor de la cultura.<\/p>\n<p>&nbsp;<\/p>\n","protected":false},"excerpt":{"rendered":"<p>La consejera de Cultura, S\u00f2nia Hern\u00e1ndez Almod\u00f3var, se ha reunido esta ma\u00f1ana en una recepci\u00f3n institucional con representantes de las empresas certificadas con el Sello IMPULSA CULTURA que otorga la Fundaci\u00f3 Catalunya Cultura en colaboraci\u00f3n con la C\u00e1tedra de Responsabilidad Social y Sostenibilidad de la Universitat de Girona. Al encuentro han asistido directivos de las [&hellip;]<\/p>\n","protected":false},"author":1,"featured_media":0,"comment_status":"closed","ping_status":"closed","sticky":false,"template":"","format":"standard","meta":{"_acf_changed":false,"footnotes":""},"categories":[44],"class_list":["post-24697","post","type-post","status-publish","format-standard","hentry","category-noticias"],"acf":[],"yoast_head":"<!-- This site is optimized with the Yoast SEO plugin v25.1 - https:\/\/yoast.com\/wordpress\/plugins\/seo\/ -->\n<title>La consejera de Cultura se reune con las empresas certificadas con el Sello IMPULSA CULTURA | Fundaci\u00f3 Catalunya Cultura<\/title>\n<meta name=\"robots\" content=\"index, follow, max-snippet:-1, max-image-preview:large, max-video-preview:-1\" \/>\n<link rel=\"canonical\" href=\"https:\/\/fundaciocatalunyacultura.cat\/es\/la-consejera-de-cultura-se-reune-con-las-empresas-certificadas-con-el-sello-impulsa-cultura\/\" \/>\n<meta property=\"og:locale\" content=\"es_ES\" \/>\n<meta property=\"og:type\" content=\"article\" \/>\n<meta property=\"og:title\" content=\"La consejera de Cultura se reune con las empresas certificadas con el Sello IMPULSA CULTURA | Fundaci\u00f3 Catalunya Cultura\" \/>\n<meta property=\"og:description\" content=\"La consejera de Cultura, S\u00f2nia Hern\u00e1ndez Almod\u00f3var, se ha reunido esta ma\u00f1ana en una recepci\u00f3n institucional con representantes de las empresas certificadas con el Sello IMPULSA CULTURA que otorga la Fundaci\u00f3 Catalunya Cultura en colaboraci\u00f3n con la C\u00e1tedra de Responsabilidad Social y Sostenibilidad de la Universitat de Girona. Al encuentro han asistido directivos de las [&hellip;]\" \/>\n<meta property=\"og:url\" content=\"https:\/\/fundaciocatalunyacultura.cat\/es\/la-consejera-de-cultura-se-reune-con-las-empresas-certificadas-con-el-sello-impulsa-cultura\/\" \/>\n<meta property=\"og:site_name\" content=\"Fundaci\u00f3 Catalunya Cultura\" \/>\n<meta property=\"article:publisher\" content=\"https:\/\/www.facebook.com\/fundaciocatalunyacultura\/\" \/>\n<meta property=\"article:published_time\" content=\"2025-05-05T10:56:01+00:00\" \/>\n<meta property=\"article:modified_time\" content=\"2025-05-05T10:56:29+00:00\" \/>\n<meta name=\"author\" content=\"fundacio\" \/>\n<meta name=\"twitter:card\" content=\"summary_large_image\" \/>\n<meta name=\"twitter:creator\" content=\"@fcatcultura\" \/>\n<meta name=\"twitter:site\" content=\"@fcatcultura\" \/>\n<meta name=\"twitter:label1\" content=\"Escrito por\" \/>\n\t<meta name=\"twitter:data1\" content=\"fundacio\" \/>\n\t<meta name=\"twitter:label2\" content=\"Tiempo de lectura\" \/>\n\t<meta name=\"twitter:data2\" content=\"3 minutos\" \/>\n<script type=\"application\/ld+json\" class=\"yoast-schema-graph\">{\"@context\":\"https:\/\/schema.org\",\"@graph\":[{\"@type\":\"Article\",\"@id\":\"https:\/\/fundaciocatalunyacultura.cat\/es\/la-consejera-de-cultura-se-reune-con-las-empresas-certificadas-con-el-sello-impulsa-cultura\/#article\",\"isPartOf\":{\"@id\":\"https:\/\/fundaciocatalunyacultura.cat\/es\/la-consejera-de-cultura-se-reune-con-las-empresas-certificadas-con-el-sello-impulsa-cultura\/\"},\"author\":{\"name\":\"fundacio\",\"@id\":\"https:\/\/fundaciocatalunyacultura.cat\/#\/schema\/person\/f30f60b8448aa2c1761a644f652a4744\"},\"headline\":\"La consejera de Cultura se reune con las empresas certificadas con el Sello IMPULSA CULTURA\",\"datePublished\":\"2025-05-05T10:56:01+00:00\",\"dateModified\":\"2025-05-05T10:56:29+00:00\",\"mainEntityOfPage\":{\"@id\":\"https:\/\/fundaciocatalunyacultura.cat\/es\/la-consejera-de-cultura-se-reune-con-las-empresas-certificadas-con-el-sello-impulsa-cultura\/\"},\"wordCount\":473,\"publisher\":{\"@id\":\"https:\/\/fundaciocatalunyacultura.cat\/#organization\"},\"articleSection\":[\"Noticias\"],\"inLanguage\":\"es\"},{\"@type\":\"WebPage\",\"@id\":\"https:\/\/fundaciocatalunyacultura.cat\/es\/la-consejera-de-cultura-se-reune-con-las-empresas-certificadas-con-el-sello-impulsa-cultura\/\",\"url\":\"https:\/\/fundaciocatalunyacultura.cat\/es\/la-consejera-de-cultura-se-reune-con-las-empresas-certificadas-con-el-sello-impulsa-cultura\/\",\"name\":\"La consejera de Cultura se reune con las empresas certificadas con el Sello IMPULSA CULTURA | Fundaci\u00f3 Catalunya Cultura\",\"isPartOf\":{\"@id\":\"https:\/\/fundaciocatalunyacultura.cat\/#website\"},\"datePublished\":\"2025-05-05T10:56:01+00:00\",\"dateModified\":\"2025-05-05T10:56:29+00:00\",\"breadcrumb\":{\"@id\":\"https:\/\/fundaciocatalunyacultura.cat\/es\/la-consejera-de-cultura-se-reune-con-las-empresas-certificadas-con-el-sello-impulsa-cultura\/#breadcrumb\"},\"inLanguage\":\"es\",\"potentialAction\":[{\"@type\":\"ReadAction\",\"target\":[\"https:\/\/fundaciocatalunyacultura.cat\/es\/la-consejera-de-cultura-se-reune-con-las-empresas-certificadas-con-el-sello-impulsa-cultura\/\"]}]},{\"@type\":\"BreadcrumbList\",\"@id\":\"https:\/\/fundaciocatalunyacultura.cat\/es\/la-consejera-de-cultura-se-reune-con-las-empresas-certificadas-con-el-sello-impulsa-cultura\/#breadcrumb\",\"itemListElement\":[{\"@type\":\"ListItem\",\"position\":1,\"name\":\"Inici\",\"item\":\"https:\/\/fundaciocatalunyacultura.cat\/es\/\"},{\"@type\":\"ListItem\",\"position\":2,\"name\":\"La consejera de Cultura se reune con las empresas certificadas con el Sello IMPULSA CULTURA\"}]},{\"@type\":\"WebSite\",\"@id\":\"https:\/\/fundaciocatalunyacultura.cat\/#website\",\"url\":\"https:\/\/fundaciocatalunyacultura.cat\/\",\"name\":\"Fundaci\u00f3 Catalunya Cultura\",\"description\":\"\",\"publisher\":{\"@id\":\"https:\/\/fundaciocatalunyacultura.cat\/#organization\"},\"potentialAction\":[{\"@type\":\"SearchAction\",\"target\":{\"@type\":\"EntryPoint\",\"urlTemplate\":\"https:\/\/fundaciocatalunyacultura.cat\/?s={search_term_string}\"},\"query-input\":{\"@type\":\"PropertyValueSpecification\",\"valueRequired\":true,\"valueName\":\"search_term_string\"}}],\"inLanguage\":\"es\"},{\"@type\":\"Organization\",\"@id\":\"https:\/\/fundaciocatalunyacultura.cat\/#organization\",\"name\":\"Fundaci\u00f3 Catalunya Cultura\",\"url\":\"https:\/\/fundaciocatalunyacultura.cat\/\",\"logo\":{\"@type\":\"ImageObject\",\"inLanguage\":\"es\",\"@id\":\"https:\/\/fundaciocatalunyacultura.cat\/#\/schema\/logo\/image\/\",\"url\":\"https:\/\/hundreds-wordpress-uploads.s3.amazonaws.com\/fundacio-catalunya-cultura\/uploads\/2021\/03\/fcc_logo_blanc-scaled.jpeg\",\"contentUrl\":\"https:\/\/hundreds-wordpress-uploads.s3.amazonaws.com\/fundacio-catalunya-cultura\/uploads\/2021\/03\/fcc_logo_blanc-scaled.jpeg\",\"width\":2560,\"height\":1785,\"caption\":\"Fundaci\u00f3 Catalunya Cultura\"},\"image\":{\"@id\":\"https:\/\/fundaciocatalunyacultura.cat\/#\/schema\/logo\/image\/\"},\"sameAs\":[\"https:\/\/www.facebook.com\/fundaciocatalunyacultura\/\",\"https:\/\/x.com\/fcatcultura\",\"https:\/\/www.linkedin.com\/company\/fundaci\u00f3-catalunya-cultura\/\",\"https:\/\/ca.wikipedia.org\/wiki\/Fundaci\u00f3_Catalunya_Cultura\"]},{\"@type\":\"Person\",\"@id\":\"https:\/\/fundaciocatalunyacultura.cat\/#\/schema\/person\/f30f60b8448aa2c1761a644f652a4744\",\"name\":\"fundacio\",\"image\":{\"@type\":\"ImageObject\",\"inLanguage\":\"es\",\"@id\":\"https:\/\/fundaciocatalunyacultura.cat\/#\/schema\/person\/image\/\",\"url\":\"https:\/\/secure.gravatar.com\/avatar\/fe57a3f139ea81c65a338e37a8064b4e80844f839737532820c9107eb9e1966f?s=96&d=mm&r=g\",\"contentUrl\":\"https:\/\/secure.gravatar.com\/avatar\/fe57a3f139ea81c65a338e37a8064b4e80844f839737532820c9107eb9e1966f?s=96&d=mm&r=g\",\"caption\":\"fundacio\"},\"url\":\"https:\/\/fundaciocatalunyacultura.cat\/es\/author\/fundacio\/\"}]}<\/script>\n<!-- \/ Yoast SEO plugin. -->","yoast_head_json":{"title":"La consejera de Cultura se reune con las empresas certificadas con el Sello IMPULSA CULTURA | Fundaci\u00f3 Catalunya Cultura","robots":{"index":"index","follow":"follow","max-snippet":"max-snippet:-1","max-image-preview":"max-image-preview:large","max-video-preview":"max-video-preview:-1"},"canonical":"https:\/\/fundaciocatalunyacultura.cat\/es\/la-consejera-de-cultura-se-reune-con-las-empresas-certificadas-con-el-sello-impulsa-cultura\/","og_locale":"es_ES","og_type":"article","og_title":"La consejera de Cultura se reune con las empresas certificadas con el Sello IMPULSA CULTURA | Fundaci\u00f3 Catalunya Cultura","og_description":"La consejera de Cultura, S\u00f2nia Hern\u00e1ndez Almod\u00f3var, se ha reunido esta ma\u00f1ana en una recepci\u00f3n institucional con representantes de las empresas certificadas con el Sello IMPULSA CULTURA que otorga la Fundaci\u00f3 Catalunya Cultura en colaboraci\u00f3n con la C\u00e1tedra de Responsabilidad Social y Sostenibilidad de la Universitat de Girona. Al encuentro han asistido directivos de las [&hellip;]","og_url":"https:\/\/fundaciocatalunyacultura.cat\/es\/la-consejera-de-cultura-se-reune-con-las-empresas-certificadas-con-el-sello-impulsa-cultura\/","og_site_name":"Fundaci\u00f3 Catalunya Cultura","article_publisher":"https:\/\/www.facebook.com\/fundaciocatalunyacultura\/","article_published_time":"2025-05-05T10:56:01+00:00","article_modified_time":"2025-05-05T10:56:29+00:00","author":"fundacio","twitter_card":"summary_large_image","twitter_creator":"@fcatcultura","twitter_site":"@fcatcultura","twitter_misc":{"Escrito por":"fundacio","Tiempo de lectura":"3 minutos"},"schema":{"@context":"https:\/\/schema.org","@graph":[{"@type":"Article","@id":"https:\/\/fundaciocatalunyacultura.cat\/es\/la-consejera-de-cultura-se-reune-con-las-empresas-certificadas-con-el-sello-impulsa-cultura\/#article","isPartOf":{"@id":"https:\/\/fundaciocatalunyacultura.cat\/es\/la-consejera-de-cultura-se-reune-con-las-empresas-certificadas-con-el-sello-impulsa-cultura\/"},"author":{"name":"fundacio","@id":"https:\/\/fundaciocatalunyacultura.cat\/#\/schema\/person\/f30f60b8448aa2c1761a644f652a4744"},"headline":"La consejera de Cultura se reune con las empresas certificadas con el Sello IMPULSA CULTURA","datePublished":"2025-05-05T10:56:01+00:00","dateModified":"2025-05-05T10:56:29+00:00","mainEntityOfPage":{"@id":"https:\/\/fundaciocatalunyacultura.cat\/es\/la-consejera-de-cultura-se-reune-con-las-empresas-certificadas-con-el-sello-impulsa-cultura\/"},"wordCount":473,"publisher":{"@id":"https:\/\/fundaciocatalunyacultura.cat\/#organization"},"articleSection":["Noticias"],"inLanguage":"es"},{"@type":"WebPage","@id":"https:\/\/fundaciocatalunyacultura.cat\/es\/la-consejera-de-cultura-se-reune-con-las-empresas-certificadas-con-el-sello-impulsa-cultura\/","url":"https:\/\/fundaciocatalunyacultura.cat\/es\/la-consejera-de-cultura-se-reune-con-las-empresas-certificadas-con-el-sello-impulsa-cultura\/","name":"La consejera de Cultura se reune con las empresas certificadas con el Sello IMPULSA CULTURA | Fundaci\u00f3 Catalunya Cultura","isPartOf":{"@id":"https:\/\/fundaciocatalunyacultura.cat\/#website"},"datePublished":"2025-05-05T10:56:01+00:00","dateModified":"2025-05-05T10:56:29+00:00","breadcrumb":{"@id":"https:\/\/fundaciocatalunyacultura.cat\/es\/la-consejera-de-cultura-se-reune-con-las-empresas-certificadas-con-el-sello-impulsa-cultura\/#breadcrumb"},"inLanguage":"es","potentialAction":[{"@type":"ReadAction","target":["https:\/\/fundaciocatalunyacultura.cat\/es\/la-consejera-de-cultura-se-reune-con-las-empresas-certificadas-con-el-sello-impulsa-cultura\/"]}]},{"@type":"BreadcrumbList","@id":"https:\/\/fundaciocatalunyacultura.cat\/es\/la-consejera-de-cultura-se-reune-con-las-empresas-certificadas-con-el-sello-impulsa-cultura\/#breadcrumb","itemListElement":[{"@type":"ListItem","position":1,"name":"Inici","item":"https:\/\/fundaciocatalunyacultura.cat\/es\/"},{"@type":"ListItem","position":2,"name":"La consejera de Cultura se reune con las empresas certificadas con el Sello IMPULSA CULTURA"}]},{"@type":"WebSite","@id":"https:\/\/fundaciocatalunyacultura.cat\/#website","url":"https:\/\/fundaciocatalunyacultura.cat\/","name":"Fundaci\u00f3 Catalunya Cultura","description":"","publisher":{"@id":"https:\/\/fundaciocatalunyacultura.cat\/#organization"},"potentialAction":[{"@type":"SearchAction","target":{"@type":"EntryPoint","urlTemplate":"https:\/\/fundaciocatalunyacultura.cat\/?s={search_term_string}"},"query-input":{"@type":"PropertyValueSpecification","valueRequired":true,"valueName":"search_term_string"}}],"inLanguage":"es"},{"@type":"Organization","@id":"https:\/\/fundaciocatalunyacultura.cat\/#organization","name":"Fundaci\u00f3 Catalunya Cultura","url":"https:\/\/fundaciocatalunyacultura.cat\/","logo":{"@type":"ImageObject","inLanguage":"es","@id":"https:\/\/fundaciocatalunyacultura.cat\/#\/schema\/logo\/image\/","url":"https:\/\/hundreds-wordpress-uploads.s3.amazonaws.com\/fundacio-catalunya-cultura\/uploads\/2021\/03\/fcc_logo_blanc-scaled.jpeg","contentUrl":"https:\/\/hundreds-wordpress-uploads.s3.amazonaws.com\/fundacio-catalunya-cultura\/uploads\/2021\/03\/fcc_logo_blanc-scaled.jpeg","width":2560,"height":1785,"caption":"Fundaci\u00f3 Catalunya Cultura"},"image":{"@id":"https:\/\/fundaciocatalunyacultura.cat\/#\/schema\/logo\/image\/"},"sameAs":["https:\/\/www.facebook.com\/fundaciocatalunyacultura\/","https:\/\/x.com\/fcatcultura","https:\/\/www.linkedin.com\/company\/fundaci\u00f3-catalunya-cultura\/","https:\/\/ca.wikipedia.org\/wiki\/Fundaci\u00f3_Catalunya_Cultura"]},{"@type":"Person","@id":"https:\/\/fundaciocatalunyacultura.cat\/#\/schema\/person\/f30f60b8448aa2c1761a644f652a4744","name":"fundacio","image":{"@type":"ImageObject","inLanguage":"es","@id":"https:\/\/fundaciocatalunyacultura.cat\/#\/schema\/person\/image\/","url":"https:\/\/secure.gravatar.com\/avatar\/fe57a3f139ea81c65a338e37a8064b4e80844f839737532820c9107eb9e1966f?s=96&d=mm&r=g","contentUrl":"https:\/\/secure.gravatar.com\/avatar\/fe57a3f139ea81c65a338e37a8064b4e80844f839737532820c9107eb9e1966f?s=96&d=mm&r=g","caption":"fundacio"},"url":"https:\/\/fundaciocatalunyacultura.cat\/es\/author\/fundacio\/"}]}},"_links":{"self":[{"href":"https:\/\/fundaciocatalunyacultura.cat\/es\/wp-json\/wp\/v2\/posts\/24697","targetHints":{"allow":["GET"]}}],"collection":[{"href":"https:\/\/fundaciocatalunyacultura.cat\/es\/wp-json\/wp\/v2\/posts"}],"about":[{"href":"https:\/\/fundaciocatalunyacultura.cat\/es\/wp-json\/wp\/v2\/types\/post"}],"author":[{"embeddable":true,"href":"https:\/\/fundaciocatalunyacultura.cat\/es\/wp-json\/wp\/v2\/users\/1"}],"replies":[{"embeddable":true,"href":"https:\/\/fundaciocatalunyacultura.cat\/es\/wp-json\/wp\/v2\/comments?post=24697"}],"version-history":[{"count":3,"href":"https:\/\/fundaciocatalunyacultura.cat\/es\/wp-json\/wp\/v2\/posts\/24697\/revisions"}],"predecessor-version":[{"id":24705,"href":"https:\/\/fundaciocatalunyacultura.cat\/es\/wp-json\/wp\/v2\/posts\/24697\/revisions\/24705"}],"wp:attachment":[{"href":"https:\/\/fundaciocatalunyacultura.cat\/es\/wp-json\/wp\/v2\/media?parent=24697"}],"wp:term":[{"taxonomy":"category","embeddable":true,"href":"https:\/\/fundaciocatalunyacultura.cat\/es\/wp-json\/wp\/v2\/categories?post=24697"}],"curies":[{"name":"wp","href":"https:\/\/api.w.org\/{rel}","templated":true}]}}