{"id":24595,"date":"2025-04-22T11:09:54","date_gmt":"2025-04-22T11:09:54","guid":{"rendered":"https:\/\/www.fundaciocatalunyacultura.cat\/?p=24595"},"modified":"2025-04-22T11:09:54","modified_gmt":"2025-04-22T11:09:54","slug":"marta-grassot-comisaria-de-la-exposicion-mecenazgo-y-cultura-una-historia-compartida-esperamos-que-la-muestra-abra-nuevos-conocimientos-sobre-la-relevancia-que-ha-tenido","status":"publish","type":"post","link":"https:\/\/fundaciocatalunyacultura.cat\/es\/marta-grassot-comisaria-de-la-exposicion-mecenazgo-y-cultura-una-historia-compartida-esperamos-que-la-muestra-abra-nuevos-conocimientos-sobre-la-relevancia-que-ha-tenido\/","title":{"rendered":"Marta Grassot, comisaria de la exposici\u00f3n \u201cMecenazgo y cultura. Una historia compartida\u201d: \u201cEsperamos que la muestra abra nuevos conocimientos sobre la relevancia que ha tenido siempre el mecenazgo\u201d"},"content":{"rendered":"<p><strong>Hasta el 15 de julio, el Foyer del Palau de la M\u00fasica acoge la exposici\u00f3n \u201cMecenazgo y cultura. Una historia compartida\u201d, una muestra organizada por el Centro de Documentaci\u00f3n del Orfe\u00f3 Catal\u00e1n (CEDOC), que pone en valor el papel fundamental del mecenazgo cultural en Catalu\u00f1a desde finales del siglo XIX hasta el d\u00eda de hoy. A trav\u00e9s de ejemplos concretos, explora c\u00f3mo las donaciones, tanto econ\u00f3micas como documentales, han preservado e impulsado el patrimonio cultural del pa\u00eds. As\u00ed mismo, explica la importancia del mecenazgo cultural en Catalu\u00f1a desde finales del siglo XIX hasta hoy d\u00eda, poniendo de relieve el musical y de manera espec\u00edfica el papel del mecenazgo en la construcci\u00f3n del Palau de la M\u00fasica Catalana. Los visitantes pueden ver una amplia selecci\u00f3n de materiales, muchos de los cuales provienen del Centro de Documentaci\u00f3n del Orfe\u00f3 Catal\u00e1n (CEDOC) y tambi\u00e9n otros archivos y bibliotecas.<\/strong><\/p>\n<p><strong>Para conocer m\u00e1s a fondo los contenidos y el proceso detr\u00e1s de esta exposici\u00f3n -tuvimos el honor de participar en su acto de inauguraci\u00f3n -hemos entrevistado su comisaria, Marta Grassot, tambi\u00e9n responsable (CEDOC), qui\u00e9n nos ha explicado c\u00f3mo se ha gestado el proyecto, qu\u00e9 criterios han guiado la selecci\u00f3n de los materiales y como se quiere transmitir al p\u00fablico la relevancia de las aportaciones individuales y colectivas a la cultura catalana.<\/strong><\/p>\n<p><strong>\u2013 \u00bfC\u00f3mo surgi\u00f3 la idea de hacer esta exposici\u00f3n sobre el mecenazgo cultural en Catalu\u00f1a?<\/strong><\/p>\n<p><span style=\"font-weight: 400;\">\u2013 Se pens\u00f3 hacer esta exposici\u00f3n, en un primer momento, para dar a conocer las donaciones y legados que ha recibido el Orfe\u00f3 Catal\u00e1n a lo largo de su historia, sobre todo aquellos que son documentales y que nos hacen depositarios, como instituci\u00f3n, de la historia cultural de nuestro pa\u00eds. Con todo, en el proceso de dise\u00f1o de la exposici\u00f3n nos pareci\u00f3 muy interesante ir m\u00e1s all\u00e1 y hablar de las donaciones actuales con un enfoque m\u00e1s amplio, que hacen posible y enriquecen nuestra instituci\u00f3n. As\u00ed pues, decidimos dedicar la exposici\u00f3n al mecenazgo individual y tambi\u00e9n corporativo en Catalu\u00f1a, centrado especialmente en el mecenazgo cultural y musical.<\/span><\/p>\n<p><strong>\u2013 \u00bfPor qu\u00e9 es importante destacar el papel del mecenazgo en la preservaci\u00f3n e impulso de la cultura catalana?<\/strong><\/p>\n<p><span style=\"font-weight: 400;\">\u2013 En Catalu\u00f1a, cuando hacemos repaso de muchos de sus principales proyectos culturales a lo largo de la historia especialmente a finales del s.XIX y a lo largo del s.XX, nos damos cuenta que a su detr\u00e1s ha habido grandes mecenas individuales. Gracias a ellos se iniciaron proyectos que han sido inspiradores y motivo de orgullo para la historia de proyectos culturales y de la actividad musical. Tenemos grandes referentes hist\u00f3ricos en cuanto a mecenazgo cultural, y creo que han servido de muy buen ejemplo para que actualmente el mecenazgo contin\u00fae vivo en nuestro pa\u00eds.<\/span><\/p>\n<p><strong>\u2013 \u00bfDe donde proviene el fondo documental que se expone? \u00bfQu\u00e9 material se puede ver?<\/strong><\/p>\n<p><span style=\"font-weight: 400;\">\u2013 La documentaci\u00f3n procede del Centro de Documentaci\u00f3n del Orfe\u00f3 Catal\u00e1n, pero tambi\u00e9n procede de otras instituciones y archivos privados. Hay materiales procedentes del Archivo privado Baladia-Llorach y tambi\u00e9n numerosas reproducciones en forma de facs\u00edmil de otras entidades p\u00fablicas como la Biblioteca Nacional de Catalu\u00f1a, el Archivo Nacional de Catalu\u00f1a, el Archivo fotogr\u00e1fico de Barcelona y el Archivo de la Diputaci\u00f3n de Barcelona. Podemos encontrar fotograf\u00edas, correspondencia, libros, folletos, documentos hist\u00f3ricos y tambi\u00e9n objetos.<\/span><\/p>\n<p><img loading=\"lazy\" decoding=\"async\" class=\"aligncenter  wp-image-24542\" src=\"https:\/\/hundreds-wordpress-uploads.s3.amazonaws.com\/fundacio-catalunya-cultura\/uploads\/2025\/04\/IMG_1901.jpeg\" alt=\"\" width=\"597\" height=\"448\" srcset=\"https:\/\/hundreds-wordpress-uploads.s3.amazonaws.com\/fundacio-catalunya-cultura\/uploads\/2025\/04\/IMG_1901.jpeg 2048w, https:\/\/hundreds-wordpress-uploads.s3.amazonaws.com\/fundacio-catalunya-cultura\/uploads\/2025\/04\/IMG_1901-300x225.jpeg 300w, https:\/\/hundreds-wordpress-uploads.s3.amazonaws.com\/fundacio-catalunya-cultura\/uploads\/2025\/04\/IMG_1901-1024x768.jpeg 1024w, https:\/\/hundreds-wordpress-uploads.s3.amazonaws.com\/fundacio-catalunya-cultura\/uploads\/2025\/04\/IMG_1901-768x576.jpeg 768w, https:\/\/hundreds-wordpress-uploads.s3.amazonaws.com\/fundacio-catalunya-cultura\/uploads\/2025\/04\/IMG_1901-1536x1152.jpeg 1536w\" sizes=\"auto, (max-width: 597px) 100vw, 597px\" \/><\/p>\n<p><strong>\u2013 La exposici\u00f3n se centra en algunas figuras particulares e instituciones espec\u00edficas. D\u00edganos algunas que hayan tenido un papel destacado en la cultura catalana y que recoja en la exposici\u00f3n.<\/strong><\/p>\n<p><span style=\"font-weight: 400;\">\u2013 La exposici\u00f3n se ha centrado en especial en el mecenazgo cultural y m\u00e1s espec\u00edficamente en el mecenazgo musical. Se recogen grandes nombres como Francesc Camb\u00f3, muy vinculado al Orfe\u00f3 Catal\u00e1n, y tambi\u00e9n Eusebi G\u00fcell y Rafael Patxot. Adem\u00e1s, tambi\u00e9n encontramos personalidades del mecenazgo musical con una actividad vinculada al Orfe\u00f3 y al Palau como F\u00e8lix Millet i Maristany reavivando la llama del movimiento coral en la posguerra, Llu\u00eds Portabella, impulsor del Patronato Pro M\u00fasica, o el caso del magn\u00edfico proyecto de Josep Bartomeu y la organizaci\u00f3n de conciertos a casa suya, al Jard\u00ed dels Tarongers.<\/span><\/p>\n<p><strong>\u2013 Las donaciones documentales, as\u00ed como las herencias tambi\u00e9n son protagonistas de la exposici\u00f3n. \u00bfC\u00f3mo influyen en la preservaci\u00f3n de la cultura y la investigaci\u00f3n a largo plazo?<\/strong><\/p>\n<p><span style=\"font-weight: 400;\">\u2013 Las donaciones y las herencias en forma de documentos u obras de arte son un aspecto clave para la preservaci\u00f3n de nuestra historia de cualquier tipo, y permiten que esta pueda ser investigada. Todo conocimiento parte de unas fuentes originales que han tenido que ser preservadas por una familia o personalidad concreta, la cual a su vez, ha tenido que legar o dar el fondo a una instituci\u00f3n para que lo catalogue y a continuaci\u00f3n lo abre a los investigadores. Por lo tanto, las donaciones documentales son de primera importancia para la recuperaci\u00f3n de nuestra historia, sea cual sea la relevancia del fondo, todos los documentos, del tipo que sean, siempre nos aportan informaci\u00f3n enriqueciendo la investigaci\u00f3n de cualquier tema.<\/span><\/p>\n<p><strong>\u2013 \u00bfHay ejemplos espec\u00edficos de donaciones que han tenido un impacto importante en la investigaci\u00f3n cultural o hist\u00f3rica?<\/strong><\/p>\n<p><span style=\"font-weight: 400;\">\u2013 S\u00ed, y me gustar\u00eda destacar la donaci\u00f3n de Rafael Patxot, que dio al Orfe\u00f3 Catal\u00e1n en 1923 la cantidad de 10.000 pesetas para la realizaci\u00f3n del proyecto la Obra del cancionero Popular de Catalu\u00f1a, una empresa cient\u00edfica pionera no solo a nuestro pa\u00eds, sino tambi\u00e9n a nivel europeo en la hora de recoger las canciones populares en todo los pa\u00edses catalanes. Gracias al mecenazgo de Patxot, miles de canciones en todo el territorio de habla catalana se han conservado, conjuntamente con fotograf\u00edas y grabaciones sonoras. <\/span><span style=\"font-weight: 400;\">Por otro lado, fondos musicales de nuestro Centro de Documentaci\u00f3n como el fondo Francesc Pujol o el fondo Llu\u00eds Millet i Pag\u00e8s han sido dos donaciones de gran riqueza para la investigaci\u00f3n musical en Catalu\u00f1a.<\/span><\/p>\n<p><img loading=\"lazy\" decoding=\"async\" class=\"aligncenter  wp-image-24536\" src=\"https:\/\/hundreds-wordpress-uploads.s3.amazonaws.com\/fundacio-catalunya-cultura\/uploads\/2025\/04\/IMG_1905-e1744355043228.jpeg\" alt=\"\" width=\"641\" height=\"395\" \/><\/p>\n<p><strong>\u2013 \u00bfQu\u00e9 per\u00edodos hist\u00f3ricos han tenido m\u00e1s influencia en la pr\u00e1ctica del mecenazgo en Catalu\u00f1a?<\/strong><\/p>\n<p><span style=\"font-weight: 400;\">\u2013 Por un lado, creo que tenemos que distinguir el mecenazgo de grandes personalidades que hicieron contribuciones muy generosas en el impulso de los proyectos culturales, especialmente durante la Renaixen\u00e7a, el modernismo y el novecentismo. Posteriormente, despu\u00e9s de la Guerra Civil y la opresi\u00f3n que vivi\u00f3 durante varias d\u00e9cadas la lengua catalana, florecieron muchos proyectos culturales liderados por algunos mecenas en pro de la lengua catalana y a la vez otros proyectos que hab\u00edan quedado parados durante la guerra. En este sentido, tambi\u00e9n resurgieron con fuerza los movimientos asociativos para la recuperaci\u00f3n de la lengua catalana. Por otro lado, a partir de la d\u00e9cada de 1980 naci\u00f3 con bastante un mecenazgo de tipo corporativo con la aparici\u00f3n de nuevas fundaciones y entidades culturales.<\/span><\/p>\n<p><strong>\u2013 La exposici\u00f3n tambi\u00e9n pone especial \u00e9nfasis en la figura de Isabel Llorach, con motivo del 150.\u00ba cumplea\u00f1os de su nacimiento, que se celebr\u00f3 el 2024. \u00bfQui\u00e9n era Isabel Llorach y por qu\u00e9 destac\u00f3 como mecenas cultural?<\/strong><\/p>\n<p><span style=\"font-weight: 400;\">\u2013 Isabel Llorach estuvo delante de importantes proyectos culturales realizando una eficiente tarea como promotora y mecenas cultural. Fue miembro de la Asociaci\u00f3n Wagneriana, la Asociaci\u00f3n Amics dels Museus, y presidi\u00f3 Conferentia Club, una asociaci\u00f3n cultural que ten\u00eda como objetivo elevar el nivel cultural de la clase alta, mediante conferencias con personalidades de gran prestigio internacional. Isabel Llorach se puso delante de muchas iniciativas y proyectos, despertando y contagiando un af\u00e1n de mejora intelectual entre los grupos sociales barceloneses. Incluso hab\u00eda llegado a organizar en casa suya sesiones acad\u00e9micas y representaciones de obras teatrales.<\/span><\/p>\n<p><strong>\u2013 \u00bfCree que esta exposici\u00f3n contribuir\u00e1 a poner en valor el mecenazgo cultural en Catalu\u00f1a y fomentarlo?<\/strong><\/p>\n<p><span style=\"font-weight: 400;\">\u2013 Es nuestra intenci\u00f3n. Esperamos que la exposici\u00f3n abra nuevos conocimientos sobre la relevancia que ha tenido siempre el mecenazgo, tanto el que viene de grandes personalidades y aportaciones econ\u00f3micas como aquel que llega, a trav\u00e9s de las aportaciones m\u00e1s peque\u00f1as de la sociedad civil. Todas y cada una de ellas han contribuido a la pervivencia de la cultura y al impulso de la investigaci\u00f3n.<\/span><\/p>\n","protected":false},"excerpt":{"rendered":"<p>Hasta el 15 de julio, el Foyer del Palau de la M\u00fasica acoge la exposici\u00f3n \u201cMecenazgo y cultura. Una historia compartida\u201d, una muestra organizada por el Centro de Documentaci\u00f3n del Orfe\u00f3 Catal\u00e1n (CEDOC), que pone en valor el papel fundamental del mecenazgo cultural en Catalu\u00f1a desde finales del siglo XIX hasta el d\u00eda de hoy. [&hellip;]<\/p>\n","protected":false},"author":1,"featured_media":0,"comment_status":"closed","ping_status":"closed","sticky":false,"template":"","format":"standard","meta":{"_acf_changed":false,"footnotes":""},"categories":[44],"class_list":["post-24595","post","type-post","status-publish","format-standard","hentry","category-noticias"],"acf":[],"yoast_head":"<!-- This site is optimized with the Yoast SEO plugin v25.1 - https:\/\/yoast.com\/wordpress\/plugins\/seo\/ -->\n<title>Marta Grassot, comisaria de la exposici\u00f3n \u201cMecenazgo y cultura. Una historia compartida\u201d: \u201cEsperamos que la muestra abra nuevos conocimientos sobre la relevancia que ha tenido siempre el mecenazgo\u201d | Fundaci\u00f3 Catalunya Cultura<\/title>\n<meta name=\"robots\" content=\"index, follow, max-snippet:-1, max-image-preview:large, max-video-preview:-1\" \/>\n<link rel=\"canonical\" href=\"https:\/\/fundaciocatalunyacultura.cat\/es\/marta-grassot-comisaria-de-la-exposicion-mecenazgo-y-cultura-una-historia-compartida-esperamos-que-la-muestra-abra-nuevos-conocimientos-sobre-la-relevancia-que-ha-tenido\/\" \/>\n<meta property=\"og:locale\" content=\"es_ES\" \/>\n<meta property=\"og:type\" content=\"article\" \/>\n<meta property=\"og:title\" content=\"Marta Grassot, comisaria de la exposici\u00f3n \u201cMecenazgo y cultura. Una historia compartida\u201d: \u201cEsperamos que la muestra abra nuevos conocimientos sobre la relevancia que ha tenido siempre el mecenazgo\u201d | Fundaci\u00f3 Catalunya Cultura\" \/>\n<meta property=\"og:description\" content=\"Hasta el 15 de julio, el Foyer del Palau de la M\u00fasica acoge la exposici\u00f3n \u201cMecenazgo y cultura. Una historia compartida\u201d, una muestra organizada por el Centro de Documentaci\u00f3n del Orfe\u00f3 Catal\u00e1n (CEDOC), que pone en valor el papel fundamental del mecenazgo cultural en Catalu\u00f1a desde finales del siglo XIX hasta el d\u00eda de hoy. [&hellip;]\" \/>\n<meta property=\"og:url\" content=\"https:\/\/fundaciocatalunyacultura.cat\/es\/marta-grassot-comisaria-de-la-exposicion-mecenazgo-y-cultura-una-historia-compartida-esperamos-que-la-muestra-abra-nuevos-conocimientos-sobre-la-relevancia-que-ha-tenido\/\" \/>\n<meta property=\"og:site_name\" content=\"Fundaci\u00f3 Catalunya Cultura\" \/>\n<meta property=\"article:publisher\" content=\"https:\/\/www.facebook.com\/fundaciocatalunyacultura\/\" \/>\n<meta property=\"article:published_time\" content=\"2025-04-22T11:09:54+00:00\" \/>\n<meta property=\"og:image\" content=\"https:\/\/hundreds-wordpress-uploads.s3.amazonaws.com\/fundacio-catalunya-cultura\/uploads\/2025\/04\/IMG_1901.jpeg\" \/>\n<meta name=\"author\" content=\"fundacio\" \/>\n<meta name=\"twitter:card\" content=\"summary_large_image\" \/>\n<meta name=\"twitter:creator\" content=\"@fcatcultura\" \/>\n<meta name=\"twitter:site\" content=\"@fcatcultura\" \/>\n<meta name=\"twitter:label1\" content=\"Escrito por\" \/>\n\t<meta name=\"twitter:data1\" content=\"fundacio\" \/>\n\t<meta name=\"twitter:label2\" content=\"Tiempo de lectura\" \/>\n\t<meta name=\"twitter:data2\" content=\"8 minutos\" \/>\n<script type=\"application\/ld+json\" class=\"yoast-schema-graph\">{\"@context\":\"https:\/\/schema.org\",\"@graph\":[{\"@type\":\"Article\",\"@id\":\"https:\/\/fundaciocatalunyacultura.cat\/es\/marta-grassot-comisaria-de-la-exposicion-mecenazgo-y-cultura-una-historia-compartida-esperamos-que-la-muestra-abra-nuevos-conocimientos-sobre-la-relevancia-que-ha-tenido\/#article\",\"isPartOf\":{\"@id\":\"https:\/\/fundaciocatalunyacultura.cat\/es\/marta-grassot-comisaria-de-la-exposicion-mecenazgo-y-cultura-una-historia-compartida-esperamos-que-la-muestra-abra-nuevos-conocimientos-sobre-la-relevancia-que-ha-tenido\/\"},\"author\":{\"name\":\"fundacio\",\"@id\":\"https:\/\/www.fundaciocatalunyacultura.cat\/#\/schema\/person\/f30f60b8448aa2c1761a644f652a4744\"},\"headline\":\"Marta Grassot, comisaria de la exposici\u00f3n \u201cMecenazgo y cultura. Una historia compartida\u201d: \u201cEsperamos que la muestra abra nuevos conocimientos sobre la relevancia que ha tenido siempre el mecenazgo\u201d\",\"datePublished\":\"2025-04-22T11:09:54+00:00\",\"mainEntityOfPage\":{\"@id\":\"https:\/\/fundaciocatalunyacultura.cat\/es\/marta-grassot-comisaria-de-la-exposicion-mecenazgo-y-cultura-una-historia-compartida-esperamos-que-la-muestra-abra-nuevos-conocimientos-sobre-la-relevancia-que-ha-tenido\/\"},\"wordCount\":1456,\"publisher\":{\"@id\":\"https:\/\/www.fundaciocatalunyacultura.cat\/#organization\"},\"image\":{\"@id\":\"https:\/\/fundaciocatalunyacultura.cat\/es\/marta-grassot-comisaria-de-la-exposicion-mecenazgo-y-cultura-una-historia-compartida-esperamos-que-la-muestra-abra-nuevos-conocimientos-sobre-la-relevancia-que-ha-tenido\/#primaryimage\"},\"thumbnailUrl\":\"https:\/\/hundreds-wordpress-uploads.s3.amazonaws.com\/fundacio-catalunya-cultura\/uploads\/2025\/04\/IMG_1901.jpeg\",\"articleSection\":[\"Noticias\"],\"inLanguage\":\"es\"},{\"@type\":\"WebPage\",\"@id\":\"https:\/\/fundaciocatalunyacultura.cat\/es\/marta-grassot-comisaria-de-la-exposicion-mecenazgo-y-cultura-una-historia-compartida-esperamos-que-la-muestra-abra-nuevos-conocimientos-sobre-la-relevancia-que-ha-tenido\/\",\"url\":\"https:\/\/fundaciocatalunyacultura.cat\/es\/marta-grassot-comisaria-de-la-exposicion-mecenazgo-y-cultura-una-historia-compartida-esperamos-que-la-muestra-abra-nuevos-conocimientos-sobre-la-relevancia-que-ha-tenido\/\",\"name\":\"Marta Grassot, comisaria de la exposici\u00f3n \u201cMecenazgo y cultura. Una historia compartida\u201d: \u201cEsperamos que la muestra abra nuevos conocimientos sobre la relevancia que ha tenido siempre el mecenazgo\u201d | Fundaci\u00f3 Catalunya Cultura\",\"isPartOf\":{\"@id\":\"https:\/\/www.fundaciocatalunyacultura.cat\/#website\"},\"primaryImageOfPage\":{\"@id\":\"https:\/\/fundaciocatalunyacultura.cat\/es\/marta-grassot-comisaria-de-la-exposicion-mecenazgo-y-cultura-una-historia-compartida-esperamos-que-la-muestra-abra-nuevos-conocimientos-sobre-la-relevancia-que-ha-tenido\/#primaryimage\"},\"image\":{\"@id\":\"https:\/\/fundaciocatalunyacultura.cat\/es\/marta-grassot-comisaria-de-la-exposicion-mecenazgo-y-cultura-una-historia-compartida-esperamos-que-la-muestra-abra-nuevos-conocimientos-sobre-la-relevancia-que-ha-tenido\/#primaryimage\"},\"thumbnailUrl\":\"https:\/\/hundreds-wordpress-uploads.s3.amazonaws.com\/fundacio-catalunya-cultura\/uploads\/2025\/04\/IMG_1901.jpeg\",\"datePublished\":\"2025-04-22T11:09:54+00:00\",\"breadcrumb\":{\"@id\":\"https:\/\/fundaciocatalunyacultura.cat\/es\/marta-grassot-comisaria-de-la-exposicion-mecenazgo-y-cultura-una-historia-compartida-esperamos-que-la-muestra-abra-nuevos-conocimientos-sobre-la-relevancia-que-ha-tenido\/#breadcrumb\"},\"inLanguage\":\"es\",\"potentialAction\":[{\"@type\":\"ReadAction\",\"target\":[\"https:\/\/fundaciocatalunyacultura.cat\/es\/marta-grassot-comisaria-de-la-exposicion-mecenazgo-y-cultura-una-historia-compartida-esperamos-que-la-muestra-abra-nuevos-conocimientos-sobre-la-relevancia-que-ha-tenido\/\"]}]},{\"@type\":\"ImageObject\",\"inLanguage\":\"es\",\"@id\":\"https:\/\/fundaciocatalunyacultura.cat\/es\/marta-grassot-comisaria-de-la-exposicion-mecenazgo-y-cultura-una-historia-compartida-esperamos-que-la-muestra-abra-nuevos-conocimientos-sobre-la-relevancia-que-ha-tenido\/#primaryimage\",\"url\":\"https:\/\/hundreds-wordpress-uploads.s3.amazonaws.com\/fundacio-catalunya-cultura\/uploads\/2025\/04\/IMG_1901.jpeg\",\"contentUrl\":\"https:\/\/hundreds-wordpress-uploads.s3.amazonaws.com\/fundacio-catalunya-cultura\/uploads\/2025\/04\/IMG_1901.jpeg\"},{\"@type\":\"BreadcrumbList\",\"@id\":\"https:\/\/fundaciocatalunyacultura.cat\/es\/marta-grassot-comisaria-de-la-exposicion-mecenazgo-y-cultura-una-historia-compartida-esperamos-que-la-muestra-abra-nuevos-conocimientos-sobre-la-relevancia-que-ha-tenido\/#breadcrumb\",\"itemListElement\":[{\"@type\":\"ListItem\",\"position\":1,\"name\":\"Inici\",\"item\":\"https:\/\/www.fundaciocatalunyacultura.cat\/es\/\"},{\"@type\":\"ListItem\",\"position\":2,\"name\":\"Marta Grassot, comisaria de la exposici\u00f3n \u201cMecenazgo y cultura. Una historia compartida\u201d: \u201cEsperamos que la muestra abra nuevos conocimientos sobre la relevancia que ha tenido siempre el mecenazgo\u201d\"}]},{\"@type\":\"WebSite\",\"@id\":\"https:\/\/www.fundaciocatalunyacultura.cat\/#website\",\"url\":\"https:\/\/www.fundaciocatalunyacultura.cat\/\",\"name\":\"Fundaci\u00f3 Catalunya Cultura\",\"description\":\"\",\"publisher\":{\"@id\":\"https:\/\/www.fundaciocatalunyacultura.cat\/#organization\"},\"potentialAction\":[{\"@type\":\"SearchAction\",\"target\":{\"@type\":\"EntryPoint\",\"urlTemplate\":\"https:\/\/www.fundaciocatalunyacultura.cat\/?s={search_term_string}\"},\"query-input\":{\"@type\":\"PropertyValueSpecification\",\"valueRequired\":true,\"valueName\":\"search_term_string\"}}],\"inLanguage\":\"es\"},{\"@type\":\"Organization\",\"@id\":\"https:\/\/www.fundaciocatalunyacultura.cat\/#organization\",\"name\":\"Fundaci\u00f3 Catalunya Cultura\",\"url\":\"https:\/\/www.fundaciocatalunyacultura.cat\/\",\"logo\":{\"@type\":\"ImageObject\",\"inLanguage\":\"es\",\"@id\":\"https:\/\/www.fundaciocatalunyacultura.cat\/#\/schema\/logo\/image\/\",\"url\":\"https:\/\/hundreds-wordpress-uploads.s3.amazonaws.com\/fundacio-catalunya-cultura\/uploads\/2021\/03\/fcc_logo_blanc-scaled.jpeg\",\"contentUrl\":\"https:\/\/hundreds-wordpress-uploads.s3.amazonaws.com\/fundacio-catalunya-cultura\/uploads\/2021\/03\/fcc_logo_blanc-scaled.jpeg\",\"width\":2560,\"height\":1785,\"caption\":\"Fundaci\u00f3 Catalunya Cultura\"},\"image\":{\"@id\":\"https:\/\/www.fundaciocatalunyacultura.cat\/#\/schema\/logo\/image\/\"},\"sameAs\":[\"https:\/\/www.facebook.com\/fundaciocatalunyacultura\/\",\"https:\/\/x.com\/fcatcultura\",\"https:\/\/www.linkedin.com\/company\/fundaci\u00f3-catalunya-cultura\/\",\"https:\/\/ca.wikipedia.org\/wiki\/Fundaci\u00f3_Catalunya_Cultura\"]},{\"@type\":\"Person\",\"@id\":\"https:\/\/www.fundaciocatalunyacultura.cat\/#\/schema\/person\/f30f60b8448aa2c1761a644f652a4744\",\"name\":\"fundacio\",\"image\":{\"@type\":\"ImageObject\",\"inLanguage\":\"es\",\"@id\":\"https:\/\/www.fundaciocatalunyacultura.cat\/#\/schema\/person\/image\/\",\"url\":\"https:\/\/secure.gravatar.com\/avatar\/fe57a3f139ea81c65a338e37a8064b4e80844f839737532820c9107eb9e1966f?s=96&d=mm&r=g\",\"contentUrl\":\"https:\/\/secure.gravatar.com\/avatar\/fe57a3f139ea81c65a338e37a8064b4e80844f839737532820c9107eb9e1966f?s=96&d=mm&r=g\",\"caption\":\"fundacio\"},\"url\":\"https:\/\/fundaciocatalunyacultura.cat\/es\/author\/fundacio\/\"}]}<\/script>\n<!-- \/ Yoast SEO plugin. -->","yoast_head_json":{"title":"Marta Grassot, comisaria de la exposici\u00f3n \u201cMecenazgo y cultura. Una historia compartida\u201d: \u201cEsperamos que la muestra abra nuevos conocimientos sobre la relevancia que ha tenido siempre el mecenazgo\u201d | Fundaci\u00f3 Catalunya Cultura","robots":{"index":"index","follow":"follow","max-snippet":"max-snippet:-1","max-image-preview":"max-image-preview:large","max-video-preview":"max-video-preview:-1"},"canonical":"https:\/\/fundaciocatalunyacultura.cat\/es\/marta-grassot-comisaria-de-la-exposicion-mecenazgo-y-cultura-una-historia-compartida-esperamos-que-la-muestra-abra-nuevos-conocimientos-sobre-la-relevancia-que-ha-tenido\/","og_locale":"es_ES","og_type":"article","og_title":"Marta Grassot, comisaria de la exposici\u00f3n \u201cMecenazgo y cultura. Una historia compartida\u201d: \u201cEsperamos que la muestra abra nuevos conocimientos sobre la relevancia que ha tenido siempre el mecenazgo\u201d | Fundaci\u00f3 Catalunya Cultura","og_description":"Hasta el 15 de julio, el Foyer del Palau de la M\u00fasica acoge la exposici\u00f3n \u201cMecenazgo y cultura. Una historia compartida\u201d, una muestra organizada por el Centro de Documentaci\u00f3n del Orfe\u00f3 Catal\u00e1n (CEDOC), que pone en valor el papel fundamental del mecenazgo cultural en Catalu\u00f1a desde finales del siglo XIX hasta el d\u00eda de hoy. [&hellip;]","og_url":"https:\/\/fundaciocatalunyacultura.cat\/es\/marta-grassot-comisaria-de-la-exposicion-mecenazgo-y-cultura-una-historia-compartida-esperamos-que-la-muestra-abra-nuevos-conocimientos-sobre-la-relevancia-que-ha-tenido\/","og_site_name":"Fundaci\u00f3 Catalunya Cultura","article_publisher":"https:\/\/www.facebook.com\/fundaciocatalunyacultura\/","article_published_time":"2025-04-22T11:09:54+00:00","og_image":[{"url":"https:\/\/hundreds-wordpress-uploads.s3.amazonaws.com\/fundacio-catalunya-cultura\/uploads\/2025\/04\/IMG_1901.jpeg","type":"","width":"","height":""}],"author":"fundacio","twitter_card":"summary_large_image","twitter_creator":"@fcatcultura","twitter_site":"@fcatcultura","twitter_misc":{"Escrito por":"fundacio","Tiempo de lectura":"8 minutos"},"schema":{"@context":"https:\/\/schema.org","@graph":[{"@type":"Article","@id":"https:\/\/fundaciocatalunyacultura.cat\/es\/marta-grassot-comisaria-de-la-exposicion-mecenazgo-y-cultura-una-historia-compartida-esperamos-que-la-muestra-abra-nuevos-conocimientos-sobre-la-relevancia-que-ha-tenido\/#article","isPartOf":{"@id":"https:\/\/fundaciocatalunyacultura.cat\/es\/marta-grassot-comisaria-de-la-exposicion-mecenazgo-y-cultura-una-historia-compartida-esperamos-que-la-muestra-abra-nuevos-conocimientos-sobre-la-relevancia-que-ha-tenido\/"},"author":{"name":"fundacio","@id":"https:\/\/www.fundaciocatalunyacultura.cat\/#\/schema\/person\/f30f60b8448aa2c1761a644f652a4744"},"headline":"Marta Grassot, comisaria de la exposici\u00f3n \u201cMecenazgo y cultura. Una historia compartida\u201d: \u201cEsperamos que la muestra abra nuevos conocimientos sobre la relevancia que ha tenido siempre el mecenazgo\u201d","datePublished":"2025-04-22T11:09:54+00:00","mainEntityOfPage":{"@id":"https:\/\/fundaciocatalunyacultura.cat\/es\/marta-grassot-comisaria-de-la-exposicion-mecenazgo-y-cultura-una-historia-compartida-esperamos-que-la-muestra-abra-nuevos-conocimientos-sobre-la-relevancia-que-ha-tenido\/"},"wordCount":1456,"publisher":{"@id":"https:\/\/www.fundaciocatalunyacultura.cat\/#organization"},"image":{"@id":"https:\/\/fundaciocatalunyacultura.cat\/es\/marta-grassot-comisaria-de-la-exposicion-mecenazgo-y-cultura-una-historia-compartida-esperamos-que-la-muestra-abra-nuevos-conocimientos-sobre-la-relevancia-que-ha-tenido\/#primaryimage"},"thumbnailUrl":"https:\/\/hundreds-wordpress-uploads.s3.amazonaws.com\/fundacio-catalunya-cultura\/uploads\/2025\/04\/IMG_1901.jpeg","articleSection":["Noticias"],"inLanguage":"es"},{"@type":"WebPage","@id":"https:\/\/fundaciocatalunyacultura.cat\/es\/marta-grassot-comisaria-de-la-exposicion-mecenazgo-y-cultura-una-historia-compartida-esperamos-que-la-muestra-abra-nuevos-conocimientos-sobre-la-relevancia-que-ha-tenido\/","url":"https:\/\/fundaciocatalunyacultura.cat\/es\/marta-grassot-comisaria-de-la-exposicion-mecenazgo-y-cultura-una-historia-compartida-esperamos-que-la-muestra-abra-nuevos-conocimientos-sobre-la-relevancia-que-ha-tenido\/","name":"Marta Grassot, comisaria de la exposici\u00f3n \u201cMecenazgo y cultura. Una historia compartida\u201d: \u201cEsperamos que la muestra abra nuevos conocimientos sobre la relevancia que ha tenido siempre el mecenazgo\u201d | Fundaci\u00f3 Catalunya Cultura","isPartOf":{"@id":"https:\/\/www.fundaciocatalunyacultura.cat\/#website"},"primaryImageOfPage":{"@id":"https:\/\/fundaciocatalunyacultura.cat\/es\/marta-grassot-comisaria-de-la-exposicion-mecenazgo-y-cultura-una-historia-compartida-esperamos-que-la-muestra-abra-nuevos-conocimientos-sobre-la-relevancia-que-ha-tenido\/#primaryimage"},"image":{"@id":"https:\/\/fundaciocatalunyacultura.cat\/es\/marta-grassot-comisaria-de-la-exposicion-mecenazgo-y-cultura-una-historia-compartida-esperamos-que-la-muestra-abra-nuevos-conocimientos-sobre-la-relevancia-que-ha-tenido\/#primaryimage"},"thumbnailUrl":"https:\/\/hundreds-wordpress-uploads.s3.amazonaws.com\/fundacio-catalunya-cultura\/uploads\/2025\/04\/IMG_1901.jpeg","datePublished":"2025-04-22T11:09:54+00:00","breadcrumb":{"@id":"https:\/\/fundaciocatalunyacultura.cat\/es\/marta-grassot-comisaria-de-la-exposicion-mecenazgo-y-cultura-una-historia-compartida-esperamos-que-la-muestra-abra-nuevos-conocimientos-sobre-la-relevancia-que-ha-tenido\/#breadcrumb"},"inLanguage":"es","potentialAction":[{"@type":"ReadAction","target":["https:\/\/fundaciocatalunyacultura.cat\/es\/marta-grassot-comisaria-de-la-exposicion-mecenazgo-y-cultura-una-historia-compartida-esperamos-que-la-muestra-abra-nuevos-conocimientos-sobre-la-relevancia-que-ha-tenido\/"]}]},{"@type":"ImageObject","inLanguage":"es","@id":"https:\/\/fundaciocatalunyacultura.cat\/es\/marta-grassot-comisaria-de-la-exposicion-mecenazgo-y-cultura-una-historia-compartida-esperamos-que-la-muestra-abra-nuevos-conocimientos-sobre-la-relevancia-que-ha-tenido\/#primaryimage","url":"https:\/\/hundreds-wordpress-uploads.s3.amazonaws.com\/fundacio-catalunya-cultura\/uploads\/2025\/04\/IMG_1901.jpeg","contentUrl":"https:\/\/hundreds-wordpress-uploads.s3.amazonaws.com\/fundacio-catalunya-cultura\/uploads\/2025\/04\/IMG_1901.jpeg"},{"@type":"BreadcrumbList","@id":"https:\/\/fundaciocatalunyacultura.cat\/es\/marta-grassot-comisaria-de-la-exposicion-mecenazgo-y-cultura-una-historia-compartida-esperamos-que-la-muestra-abra-nuevos-conocimientos-sobre-la-relevancia-que-ha-tenido\/#breadcrumb","itemListElement":[{"@type":"ListItem","position":1,"name":"Inici","item":"https:\/\/www.fundaciocatalunyacultura.cat\/es\/"},{"@type":"ListItem","position":2,"name":"Marta Grassot, comisaria de la exposici\u00f3n \u201cMecenazgo y cultura. Una historia compartida\u201d: \u201cEsperamos que la muestra abra nuevos conocimientos sobre la relevancia que ha tenido siempre el mecenazgo\u201d"}]},{"@type":"WebSite","@id":"https:\/\/www.fundaciocatalunyacultura.cat\/#website","url":"https:\/\/www.fundaciocatalunyacultura.cat\/","name":"Fundaci\u00f3 Catalunya Cultura","description":"","publisher":{"@id":"https:\/\/www.fundaciocatalunyacultura.cat\/#organization"},"potentialAction":[{"@type":"SearchAction","target":{"@type":"EntryPoint","urlTemplate":"https:\/\/www.fundaciocatalunyacultura.cat\/?s={search_term_string}"},"query-input":{"@type":"PropertyValueSpecification","valueRequired":true,"valueName":"search_term_string"}}],"inLanguage":"es"},{"@type":"Organization","@id":"https:\/\/www.fundaciocatalunyacultura.cat\/#organization","name":"Fundaci\u00f3 Catalunya Cultura","url":"https:\/\/www.fundaciocatalunyacultura.cat\/","logo":{"@type":"ImageObject","inLanguage":"es","@id":"https:\/\/www.fundaciocatalunyacultura.cat\/#\/schema\/logo\/image\/","url":"https:\/\/hundreds-wordpress-uploads.s3.amazonaws.com\/fundacio-catalunya-cultura\/uploads\/2021\/03\/fcc_logo_blanc-scaled.jpeg","contentUrl":"https:\/\/hundreds-wordpress-uploads.s3.amazonaws.com\/fundacio-catalunya-cultura\/uploads\/2021\/03\/fcc_logo_blanc-scaled.jpeg","width":2560,"height":1785,"caption":"Fundaci\u00f3 Catalunya Cultura"},"image":{"@id":"https:\/\/www.fundaciocatalunyacultura.cat\/#\/schema\/logo\/image\/"},"sameAs":["https:\/\/www.facebook.com\/fundaciocatalunyacultura\/","https:\/\/x.com\/fcatcultura","https:\/\/www.linkedin.com\/company\/fundaci\u00f3-catalunya-cultura\/","https:\/\/ca.wikipedia.org\/wiki\/Fundaci\u00f3_Catalunya_Cultura"]},{"@type":"Person","@id":"https:\/\/www.fundaciocatalunyacultura.cat\/#\/schema\/person\/f30f60b8448aa2c1761a644f652a4744","name":"fundacio","image":{"@type":"ImageObject","inLanguage":"es","@id":"https:\/\/www.fundaciocatalunyacultura.cat\/#\/schema\/person\/image\/","url":"https:\/\/secure.gravatar.com\/avatar\/fe57a3f139ea81c65a338e37a8064b4e80844f839737532820c9107eb9e1966f?s=96&d=mm&r=g","contentUrl":"https:\/\/secure.gravatar.com\/avatar\/fe57a3f139ea81c65a338e37a8064b4e80844f839737532820c9107eb9e1966f?s=96&d=mm&r=g","caption":"fundacio"},"url":"https:\/\/fundaciocatalunyacultura.cat\/es\/author\/fundacio\/"}]}},"_links":{"self":[{"href":"https:\/\/fundaciocatalunyacultura.cat\/es\/wp-json\/wp\/v2\/posts\/24595","targetHints":{"allow":["GET"]}}],"collection":[{"href":"https:\/\/fundaciocatalunyacultura.cat\/es\/wp-json\/wp\/v2\/posts"}],"about":[{"href":"https:\/\/fundaciocatalunyacultura.cat\/es\/wp-json\/wp\/v2\/types\/post"}],"author":[{"embeddable":true,"href":"https:\/\/fundaciocatalunyacultura.cat\/es\/wp-json\/wp\/v2\/users\/1"}],"replies":[{"embeddable":true,"href":"https:\/\/fundaciocatalunyacultura.cat\/es\/wp-json\/wp\/v2\/comments?post=24595"}],"version-history":[{"count":4,"href":"https:\/\/fundaciocatalunyacultura.cat\/es\/wp-json\/wp\/v2\/posts\/24595\/revisions"}],"predecessor-version":[{"id":24599,"href":"https:\/\/fundaciocatalunyacultura.cat\/es\/wp-json\/wp\/v2\/posts\/24595\/revisions\/24599"}],"wp:attachment":[{"href":"https:\/\/fundaciocatalunyacultura.cat\/es\/wp-json\/wp\/v2\/media?parent=24595"}],"wp:term":[{"taxonomy":"category","embeddable":true,"href":"https:\/\/fundaciocatalunyacultura.cat\/es\/wp-json\/wp\/v2\/categories?post=24595"}],"curies":[{"name":"wp","href":"https:\/\/api.w.org\/{rel}","templated":true}]}}