{"id":23846,"date":"2025-03-12T08:54:54","date_gmt":"2025-03-12T08:54:54","guid":{"rendered":"https:\/\/www.fundaciocatalunyacultura.cat\/?p=23846"},"modified":"2025-03-31T12:56:22","modified_gmt":"2025-03-31T12:56:22","slug":"ponemos-en-marcha-la-primera-fase-del-programa-impulsa-cultura-de-este-ano","status":"publish","type":"post","link":"https:\/\/fundaciocatalunyacultura.cat\/es\/ponemos-en-marcha-la-primera-fase-del-programa-impulsa-cultura-de-este-ano\/","title":{"rendered":"Ponemos en marcha la primera fase del Programa IMPULSA CULTURA de este a\u00f1o"},"content":{"rendered":"<p>La Antigua F\u00e1brica Estrella Damm ha sido un a\u00f1o m\u00e1s el escenario del encuentro de apertura del <a href=\"https:\/\/www.fundaciocatalunyacultura.cat\/es\/programa-impulsa-cultura\/\"><strong>Programa IMPULSA 2025<\/strong><\/a>. Los 28 proyectos que participar\u00e1n en la primera fase del Programa, que incluye una formaci\u00f3n colectiva tanto presencial como virtual, han presentado sus iniciativas y han respondido a las cuestiones planteadas por la moderadora del acto, Nacha Delpiano. La directora de Brava Artes, el proyecto ganador del <a href=\"https:\/\/www.fundaciocatalunyacultura.cat\/es\/premio-impulsa-cultura\/\"><strong>Premio IMPULSA CULTURA<\/strong><\/a> del a\u00f1o pasado, ha querido subrayar que para su iniciativa, haber formado parte del Programa \u00abha marcado sin duda un antes y un despu\u00e9s\u00bb.<\/p>\n<p><strong>Maite Esteve<\/strong>, directora de la Fundaci\u00f3n, ha dado la bienvenida a los participantes y los ha animado a sacar el m\u00e1ximo provecho de la formaci\u00f3n: \u00abOs pedimos mucha generosidad, implicaci\u00f3n, trabajo y dedicaci\u00f3n. Sacudiremos vuestros proyectos con el apoyo de profesionales que velan por vuestro \u00e9xito.\u00bb. En la misma l\u00ednea se ha pronunciado <strong>Judith Bordas<\/strong>, responsable del Programa, quien tambi\u00e9n ha remarcado: \u00abLa Fundaci\u00f3n es un referente en el sector cultural, empresarial y de mecenazgo\u00bb.<\/p>\n<p>La edici\u00f3n de este a\u00f1o cuenta con un padrino de excepci\u00f3n, <strong>Ramon Agenjo<\/strong>, director y patr\u00f3n de la Fundaci\u00f3n Damm y miembro del Patronato de nuestra Fundaci\u00f3n. En su intervenci\u00f3n ha hecho hincapi\u00e9 en que <strong>las sociedades que apuestan por la cultura son siempre mejores, puesto que ofrecen m\u00e1s igualdad de oportunidades. \u00abLa cultura siempre hace mejor a las personas<\/strong>\u00bb y ha a\u00f1adido: <strong>\u00abEste acompa\u00f1amiento empresarial a los proyectos culturales es fundamental para garantizar su \u00e9xito.\u00bb<\/strong><\/p>\n<p>Cu\u00e1les son los principales retos en la hora de conectar con el p\u00fablico? Qu\u00e9 hacen para conseguir que sus propuestas sean memorables en un mundo saturado de oferta digital? O como act\u00faan para que sus proyectos arraiguen en la comunidad y no se conviertan solo en acontecimientos puntuales? Estas son algunas de las cuestiones que se han puesto sobre la mesa y que han permitido conocer de primera mano las iniciativas que podr\u00e1n optar a los <strong>Premios a la Cultura<\/strong> y al <strong>Premio IMPULSA CULTURA<\/strong> de este a\u00f1o, dotado con <strong>15.000 euros.<\/strong><\/p>\n<p>Las entidades seleccionadas para la fase inicial del Programa pertenecen a diferentes disciplinas y se pueden clasificar en estos \u00e1mbitos de actuaci\u00f3n:<\/p>\n<ul>\n<li><strong>Artes esc\u00e9nicas y m\u00fasica vivo<\/strong><\/li>\n<\/ul>\n<p>Barswingona, Feel Dance Entertainment, GIO Productions, SHAKESPEARE &amp; FRIENDS \u2013 L&#8217;escenari per cr\u00e9ixer i Associaci\u00f3 Orquestra Simf\u00f2nica Segle XXI (OSSXXI).<\/p>\n<ul>\n<li><strong>Cultura digital, tecnolog\u00eda y artes multimedia<\/strong><\/li>\n<\/ul>\n<p>Artiverse, el JARD\u00cd DIGITAL, Lanau7, Nextus, Programa de Cultura UPF-BSM, Senyor Moon y Vibez Festival.<\/p>\n<ul>\n<li><strong>Cultura comunitaria y proyectos territorial<\/strong><\/li>\n<\/ul>\n<p>Cinema rural de consci\u00e8ncia, FASTT, Festival Pr\u00f2leg i Mitj\u00f3.<\/p>\n<ul>\n<li><strong>Arte, salud y bienestar emocional.<\/strong><\/li>\n<\/ul>\n<p>ART I CURA, Girem el full! Llibres contra el c\u00e0ncer, Sin\u00e8rgic i Sons Germans.<\/p>\n<ul>\n<li><strong>Experimentacion art\u00edstica, divulgaci\u00f3n y patrimonio<\/strong><\/li>\n<\/ul>\n<p>AMEBA, Mater Casa Museu, Medistoris.cat, Sottobosco, Teatremusical.cat y T.E.C<\/p>\n<p>Los representantes de los proyectos han puesto el foco en conceptos clave que reflejan sus inquietudes y objetivos, como la <strong>descentralizaci\u00f3n, el impulso de la cultura, la innovaci\u00f3n, la visibilidad, el pensamiento cr\u00edtico, la tecnolog\u00eda, los artistas emergentes, la transformaci\u00f3n, el talento local, la calidad de vida, el bienestar emocional, las tradiciones, el territorio, la creaci\u00f3n comunitaria y la diversidad<\/strong>; conceptos que a la vez reflejan un ecosistema cultural rico, plural y en constante evoluci\u00f3n.<\/p>\n<p>El encuentro ha acabado con un espacio de <em>networking<\/em> para favorecer el conocimiento mutuo y las sinergias entre todos los participantes.<\/p>\n<p>Sin ning\u00fan tipo de duda, nos espera una nueva edici\u00f3n del Programa IMPULSA CULTURA llena de retos apasionantes, oportunidades de aprendizaje, crecimiento personal y profesional, momentos de inspiraci\u00f3n, conexiones y sonrisas compartidas.<\/p>\n<p>&nbsp;<\/p>\n","protected":false},"excerpt":{"rendered":"<p>La Antigua F\u00e1brica Estrella Damm ha sido un a\u00f1o m\u00e1s el escenario del encuentro de apertura del Programa IMPULSA 2025. Los 28 proyectos que participar\u00e1n en la primera fase del Programa, que incluye una formaci\u00f3n colectiva tanto presencial como virtual, han presentado sus iniciativas y han respondido a las cuestiones planteadas por la moderadora del [&hellip;]<\/p>\n","protected":false},"author":1,"featured_media":0,"comment_status":"closed","ping_status":"closed","sticky":false,"template":"","format":"standard","meta":{"_acf_changed":false,"footnotes":""},"categories":[44],"class_list":["post-23846","post","type-post","status-publish","format-standard","hentry","category-noticias"],"acf":[],"yoast_head":"<!-- This site is optimized with the Yoast SEO plugin v25.1 - https:\/\/yoast.com\/wordpress\/plugins\/seo\/ -->\n<title>Ponemos en marcha la primera fase del Programa IMPULSA CULTURA de este a\u00f1o | Fundaci\u00f3 Catalunya Cultura<\/title>\n<meta name=\"robots\" content=\"index, follow, max-snippet:-1, max-image-preview:large, max-video-preview:-1\" \/>\n<link rel=\"canonical\" href=\"https:\/\/fundaciocatalunyacultura.cat\/es\/ponemos-en-marcha-la-primera-fase-del-programa-impulsa-cultura-de-este-ano\/\" \/>\n<meta property=\"og:locale\" content=\"es_ES\" \/>\n<meta property=\"og:type\" content=\"article\" \/>\n<meta property=\"og:title\" content=\"Ponemos en marcha la primera fase del Programa IMPULSA CULTURA de este a\u00f1o | Fundaci\u00f3 Catalunya Cultura\" \/>\n<meta property=\"og:description\" content=\"La Antigua F\u00e1brica Estrella Damm ha sido un a\u00f1o m\u00e1s el escenario del encuentro de apertura del Programa IMPULSA 2025. Los 28 proyectos que participar\u00e1n en la primera fase del Programa, que incluye una formaci\u00f3n colectiva tanto presencial como virtual, han presentado sus iniciativas y han respondido a las cuestiones planteadas por la moderadora del [&hellip;]\" \/>\n<meta property=\"og:url\" content=\"https:\/\/fundaciocatalunyacultura.cat\/es\/ponemos-en-marcha-la-primera-fase-del-programa-impulsa-cultura-de-este-ano\/\" \/>\n<meta property=\"og:site_name\" content=\"Fundaci\u00f3 Catalunya Cultura\" \/>\n<meta property=\"article:publisher\" content=\"https:\/\/www.facebook.com\/fundaciocatalunyacultura\/\" \/>\n<meta property=\"article:published_time\" content=\"2025-03-12T08:54:54+00:00\" \/>\n<meta property=\"article:modified_time\" content=\"2025-03-31T12:56:22+00:00\" \/>\n<meta name=\"author\" content=\"fundacio\" \/>\n<meta name=\"twitter:card\" content=\"summary_large_image\" \/>\n<meta name=\"twitter:creator\" content=\"@fcatcultura\" \/>\n<meta name=\"twitter:site\" content=\"@fcatcultura\" \/>\n<meta name=\"twitter:label1\" content=\"Escrito por\" \/>\n\t<meta name=\"twitter:data1\" content=\"fundacio\" \/>\n\t<meta name=\"twitter:label2\" content=\"Tiempo de lectura\" \/>\n\t<meta name=\"twitter:data2\" content=\"4 minutos\" \/>\n<script type=\"application\/ld+json\" class=\"yoast-schema-graph\">{\"@context\":\"https:\/\/schema.org\",\"@graph\":[{\"@type\":\"Article\",\"@id\":\"https:\/\/fundaciocatalunyacultura.cat\/es\/ponemos-en-marcha-la-primera-fase-del-programa-impulsa-cultura-de-este-ano\/#article\",\"isPartOf\":{\"@id\":\"https:\/\/fundaciocatalunyacultura.cat\/es\/ponemos-en-marcha-la-primera-fase-del-programa-impulsa-cultura-de-este-ano\/\"},\"author\":{\"name\":\"fundacio\",\"@id\":\"https:\/\/www.fundaciocatalunyacultura.cat\/#\/schema\/person\/f30f60b8448aa2c1761a644f652a4744\"},\"headline\":\"Ponemos en marcha la primera fase del Programa IMPULSA CULTURA de este a\u00f1o\",\"datePublished\":\"2025-03-12T08:54:54+00:00\",\"dateModified\":\"2025-03-31T12:56:22+00:00\",\"mainEntityOfPage\":{\"@id\":\"https:\/\/fundaciocatalunyacultura.cat\/es\/ponemos-en-marcha-la-primera-fase-del-programa-impulsa-cultura-de-este-ano\/\"},\"wordCount\":647,\"publisher\":{\"@id\":\"https:\/\/www.fundaciocatalunyacultura.cat\/#organization\"},\"articleSection\":[\"Noticias\"],\"inLanguage\":\"es\"},{\"@type\":\"WebPage\",\"@id\":\"https:\/\/fundaciocatalunyacultura.cat\/es\/ponemos-en-marcha-la-primera-fase-del-programa-impulsa-cultura-de-este-ano\/\",\"url\":\"https:\/\/fundaciocatalunyacultura.cat\/es\/ponemos-en-marcha-la-primera-fase-del-programa-impulsa-cultura-de-este-ano\/\",\"name\":\"Ponemos en marcha la primera fase del Programa IMPULSA CULTURA de este a\u00f1o | Fundaci\u00f3 Catalunya Cultura\",\"isPartOf\":{\"@id\":\"https:\/\/www.fundaciocatalunyacultura.cat\/#website\"},\"datePublished\":\"2025-03-12T08:54:54+00:00\",\"dateModified\":\"2025-03-31T12:56:22+00:00\",\"breadcrumb\":{\"@id\":\"https:\/\/fundaciocatalunyacultura.cat\/es\/ponemos-en-marcha-la-primera-fase-del-programa-impulsa-cultura-de-este-ano\/#breadcrumb\"},\"inLanguage\":\"es\",\"potentialAction\":[{\"@type\":\"ReadAction\",\"target\":[\"https:\/\/fundaciocatalunyacultura.cat\/es\/ponemos-en-marcha-la-primera-fase-del-programa-impulsa-cultura-de-este-ano\/\"]}]},{\"@type\":\"BreadcrumbList\",\"@id\":\"https:\/\/fundaciocatalunyacultura.cat\/es\/ponemos-en-marcha-la-primera-fase-del-programa-impulsa-cultura-de-este-ano\/#breadcrumb\",\"itemListElement\":[{\"@type\":\"ListItem\",\"position\":1,\"name\":\"Inici\",\"item\":\"https:\/\/www.fundaciocatalunyacultura.cat\/es\/\"},{\"@type\":\"ListItem\",\"position\":2,\"name\":\"Ponemos en marcha la primera fase del Programa IMPULSA CULTURA de este a\u00f1o\"}]},{\"@type\":\"WebSite\",\"@id\":\"https:\/\/www.fundaciocatalunyacultura.cat\/#website\",\"url\":\"https:\/\/www.fundaciocatalunyacultura.cat\/\",\"name\":\"Fundaci\u00f3 Catalunya Cultura\",\"description\":\"\",\"publisher\":{\"@id\":\"https:\/\/www.fundaciocatalunyacultura.cat\/#organization\"},\"potentialAction\":[{\"@type\":\"SearchAction\",\"target\":{\"@type\":\"EntryPoint\",\"urlTemplate\":\"https:\/\/www.fundaciocatalunyacultura.cat\/?s={search_term_string}\"},\"query-input\":{\"@type\":\"PropertyValueSpecification\",\"valueRequired\":true,\"valueName\":\"search_term_string\"}}],\"inLanguage\":\"es\"},{\"@type\":\"Organization\",\"@id\":\"https:\/\/www.fundaciocatalunyacultura.cat\/#organization\",\"name\":\"Fundaci\u00f3 Catalunya Cultura\",\"url\":\"https:\/\/www.fundaciocatalunyacultura.cat\/\",\"logo\":{\"@type\":\"ImageObject\",\"inLanguage\":\"es\",\"@id\":\"https:\/\/www.fundaciocatalunyacultura.cat\/#\/schema\/logo\/image\/\",\"url\":\"https:\/\/hundreds-wordpress-uploads.s3.amazonaws.com\/fundacio-catalunya-cultura\/uploads\/2021\/03\/fcc_logo_blanc-scaled.jpeg\",\"contentUrl\":\"https:\/\/hundreds-wordpress-uploads.s3.amazonaws.com\/fundacio-catalunya-cultura\/uploads\/2021\/03\/fcc_logo_blanc-scaled.jpeg\",\"width\":2560,\"height\":1785,\"caption\":\"Fundaci\u00f3 Catalunya Cultura\"},\"image\":{\"@id\":\"https:\/\/www.fundaciocatalunyacultura.cat\/#\/schema\/logo\/image\/\"},\"sameAs\":[\"https:\/\/www.facebook.com\/fundaciocatalunyacultura\/\",\"https:\/\/x.com\/fcatcultura\",\"https:\/\/www.linkedin.com\/company\/fundaci\u00f3-catalunya-cultura\/\",\"https:\/\/ca.wikipedia.org\/wiki\/Fundaci\u00f3_Catalunya_Cultura\"]},{\"@type\":\"Person\",\"@id\":\"https:\/\/www.fundaciocatalunyacultura.cat\/#\/schema\/person\/f30f60b8448aa2c1761a644f652a4744\",\"name\":\"fundacio\",\"image\":{\"@type\":\"ImageObject\",\"inLanguage\":\"es\",\"@id\":\"https:\/\/www.fundaciocatalunyacultura.cat\/#\/schema\/person\/image\/\",\"url\":\"https:\/\/secure.gravatar.com\/avatar\/fe57a3f139ea81c65a338e37a8064b4e80844f839737532820c9107eb9e1966f?s=96&d=mm&r=g\",\"contentUrl\":\"https:\/\/secure.gravatar.com\/avatar\/fe57a3f139ea81c65a338e37a8064b4e80844f839737532820c9107eb9e1966f?s=96&d=mm&r=g\",\"caption\":\"fundacio\"},\"url\":\"https:\/\/fundaciocatalunyacultura.cat\/es\/author\/fundacio\/\"}]}<\/script>\n<!-- \/ Yoast SEO plugin. -->","yoast_head_json":{"title":"Ponemos en marcha la primera fase del Programa IMPULSA CULTURA de este a\u00f1o | Fundaci\u00f3 Catalunya Cultura","robots":{"index":"index","follow":"follow","max-snippet":"max-snippet:-1","max-image-preview":"max-image-preview:large","max-video-preview":"max-video-preview:-1"},"canonical":"https:\/\/fundaciocatalunyacultura.cat\/es\/ponemos-en-marcha-la-primera-fase-del-programa-impulsa-cultura-de-este-ano\/","og_locale":"es_ES","og_type":"article","og_title":"Ponemos en marcha la primera fase del Programa IMPULSA CULTURA de este a\u00f1o | Fundaci\u00f3 Catalunya Cultura","og_description":"La Antigua F\u00e1brica Estrella Damm ha sido un a\u00f1o m\u00e1s el escenario del encuentro de apertura del Programa IMPULSA 2025. Los 28 proyectos que participar\u00e1n en la primera fase del Programa, que incluye una formaci\u00f3n colectiva tanto presencial como virtual, han presentado sus iniciativas y han respondido a las cuestiones planteadas por la moderadora del [&hellip;]","og_url":"https:\/\/fundaciocatalunyacultura.cat\/es\/ponemos-en-marcha-la-primera-fase-del-programa-impulsa-cultura-de-este-ano\/","og_site_name":"Fundaci\u00f3 Catalunya Cultura","article_publisher":"https:\/\/www.facebook.com\/fundaciocatalunyacultura\/","article_published_time":"2025-03-12T08:54:54+00:00","article_modified_time":"2025-03-31T12:56:22+00:00","author":"fundacio","twitter_card":"summary_large_image","twitter_creator":"@fcatcultura","twitter_site":"@fcatcultura","twitter_misc":{"Escrito por":"fundacio","Tiempo de lectura":"4 minutos"},"schema":{"@context":"https:\/\/schema.org","@graph":[{"@type":"Article","@id":"https:\/\/fundaciocatalunyacultura.cat\/es\/ponemos-en-marcha-la-primera-fase-del-programa-impulsa-cultura-de-este-ano\/#article","isPartOf":{"@id":"https:\/\/fundaciocatalunyacultura.cat\/es\/ponemos-en-marcha-la-primera-fase-del-programa-impulsa-cultura-de-este-ano\/"},"author":{"name":"fundacio","@id":"https:\/\/www.fundaciocatalunyacultura.cat\/#\/schema\/person\/f30f60b8448aa2c1761a644f652a4744"},"headline":"Ponemos en marcha la primera fase del Programa IMPULSA CULTURA de este a\u00f1o","datePublished":"2025-03-12T08:54:54+00:00","dateModified":"2025-03-31T12:56:22+00:00","mainEntityOfPage":{"@id":"https:\/\/fundaciocatalunyacultura.cat\/es\/ponemos-en-marcha-la-primera-fase-del-programa-impulsa-cultura-de-este-ano\/"},"wordCount":647,"publisher":{"@id":"https:\/\/www.fundaciocatalunyacultura.cat\/#organization"},"articleSection":["Noticias"],"inLanguage":"es"},{"@type":"WebPage","@id":"https:\/\/fundaciocatalunyacultura.cat\/es\/ponemos-en-marcha-la-primera-fase-del-programa-impulsa-cultura-de-este-ano\/","url":"https:\/\/fundaciocatalunyacultura.cat\/es\/ponemos-en-marcha-la-primera-fase-del-programa-impulsa-cultura-de-este-ano\/","name":"Ponemos en marcha la primera fase del Programa IMPULSA CULTURA de este a\u00f1o | Fundaci\u00f3 Catalunya Cultura","isPartOf":{"@id":"https:\/\/www.fundaciocatalunyacultura.cat\/#website"},"datePublished":"2025-03-12T08:54:54+00:00","dateModified":"2025-03-31T12:56:22+00:00","breadcrumb":{"@id":"https:\/\/fundaciocatalunyacultura.cat\/es\/ponemos-en-marcha-la-primera-fase-del-programa-impulsa-cultura-de-este-ano\/#breadcrumb"},"inLanguage":"es","potentialAction":[{"@type":"ReadAction","target":["https:\/\/fundaciocatalunyacultura.cat\/es\/ponemos-en-marcha-la-primera-fase-del-programa-impulsa-cultura-de-este-ano\/"]}]},{"@type":"BreadcrumbList","@id":"https:\/\/fundaciocatalunyacultura.cat\/es\/ponemos-en-marcha-la-primera-fase-del-programa-impulsa-cultura-de-este-ano\/#breadcrumb","itemListElement":[{"@type":"ListItem","position":1,"name":"Inici","item":"https:\/\/www.fundaciocatalunyacultura.cat\/es\/"},{"@type":"ListItem","position":2,"name":"Ponemos en marcha la primera fase del Programa IMPULSA CULTURA de este a\u00f1o"}]},{"@type":"WebSite","@id":"https:\/\/www.fundaciocatalunyacultura.cat\/#website","url":"https:\/\/www.fundaciocatalunyacultura.cat\/","name":"Fundaci\u00f3 Catalunya Cultura","description":"","publisher":{"@id":"https:\/\/www.fundaciocatalunyacultura.cat\/#organization"},"potentialAction":[{"@type":"SearchAction","target":{"@type":"EntryPoint","urlTemplate":"https:\/\/www.fundaciocatalunyacultura.cat\/?s={search_term_string}"},"query-input":{"@type":"PropertyValueSpecification","valueRequired":true,"valueName":"search_term_string"}}],"inLanguage":"es"},{"@type":"Organization","@id":"https:\/\/www.fundaciocatalunyacultura.cat\/#organization","name":"Fundaci\u00f3 Catalunya Cultura","url":"https:\/\/www.fundaciocatalunyacultura.cat\/","logo":{"@type":"ImageObject","inLanguage":"es","@id":"https:\/\/www.fundaciocatalunyacultura.cat\/#\/schema\/logo\/image\/","url":"https:\/\/hundreds-wordpress-uploads.s3.amazonaws.com\/fundacio-catalunya-cultura\/uploads\/2021\/03\/fcc_logo_blanc-scaled.jpeg","contentUrl":"https:\/\/hundreds-wordpress-uploads.s3.amazonaws.com\/fundacio-catalunya-cultura\/uploads\/2021\/03\/fcc_logo_blanc-scaled.jpeg","width":2560,"height":1785,"caption":"Fundaci\u00f3 Catalunya Cultura"},"image":{"@id":"https:\/\/www.fundaciocatalunyacultura.cat\/#\/schema\/logo\/image\/"},"sameAs":["https:\/\/www.facebook.com\/fundaciocatalunyacultura\/","https:\/\/x.com\/fcatcultura","https:\/\/www.linkedin.com\/company\/fundaci\u00f3-catalunya-cultura\/","https:\/\/ca.wikipedia.org\/wiki\/Fundaci\u00f3_Catalunya_Cultura"]},{"@type":"Person","@id":"https:\/\/www.fundaciocatalunyacultura.cat\/#\/schema\/person\/f30f60b8448aa2c1761a644f652a4744","name":"fundacio","image":{"@type":"ImageObject","inLanguage":"es","@id":"https:\/\/www.fundaciocatalunyacultura.cat\/#\/schema\/person\/image\/","url":"https:\/\/secure.gravatar.com\/avatar\/fe57a3f139ea81c65a338e37a8064b4e80844f839737532820c9107eb9e1966f?s=96&d=mm&r=g","contentUrl":"https:\/\/secure.gravatar.com\/avatar\/fe57a3f139ea81c65a338e37a8064b4e80844f839737532820c9107eb9e1966f?s=96&d=mm&r=g","caption":"fundacio"},"url":"https:\/\/fundaciocatalunyacultura.cat\/es\/author\/fundacio\/"}]}},"_links":{"self":[{"href":"https:\/\/fundaciocatalunyacultura.cat\/es\/wp-json\/wp\/v2\/posts\/23846","targetHints":{"allow":["GET"]}}],"collection":[{"href":"https:\/\/fundaciocatalunyacultura.cat\/es\/wp-json\/wp\/v2\/posts"}],"about":[{"href":"https:\/\/fundaciocatalunyacultura.cat\/es\/wp-json\/wp\/v2\/types\/post"}],"author":[{"embeddable":true,"href":"https:\/\/fundaciocatalunyacultura.cat\/es\/wp-json\/wp\/v2\/users\/1"}],"replies":[{"embeddable":true,"href":"https:\/\/fundaciocatalunyacultura.cat\/es\/wp-json\/wp\/v2\/comments?post=23846"}],"version-history":[{"count":14,"href":"https:\/\/fundaciocatalunyacultura.cat\/es\/wp-json\/wp\/v2\/posts\/23846\/revisions"}],"predecessor-version":[{"id":24505,"href":"https:\/\/fundaciocatalunyacultura.cat\/es\/wp-json\/wp\/v2\/posts\/23846\/revisions\/24505"}],"wp:attachment":[{"href":"https:\/\/fundaciocatalunyacultura.cat\/es\/wp-json\/wp\/v2\/media?parent=23846"}],"wp:term":[{"taxonomy":"category","embeddable":true,"href":"https:\/\/fundaciocatalunyacultura.cat\/es\/wp-json\/wp\/v2\/categories?post=23846"}],"curies":[{"name":"wp","href":"https:\/\/api.w.org\/{rel}","templated":true}]}}