{"id":23817,"date":"2025-03-05T15:06:39","date_gmt":"2025-03-05T15:06:39","guid":{"rendered":"https:\/\/www.fundaciocatalunyacultura.cat\/?p=23817"},"modified":"2025-03-31T12:52:16","modified_gmt":"2025-03-31T12:52:16","slug":"32-proyectos-participaran-en-la-primera-fase-del-programa-impulsa-cultura-2025","status":"publish","type":"post","link":"https:\/\/fundaciocatalunyacultura.cat\/es\/32-proyectos-participaran-en-la-primera-fase-del-programa-impulsa-cultura-2025\/","title":{"rendered":"32 proyectos participar\u00e1n en la primera fase del Programa IMPULSA CULTURA 2025"},"content":{"rendered":"<p><span class=\"AnswerParser_TextContainer__z_Iiv\" data-testid=\"youchat-text\">El Comit\u00e9 Evaluador del <strong>Programa IMPULSA CULTURA 2025 (PIC 2025)<\/strong>, integrado por 7 profesionales expertos en el sector cultural y empresarial, se ha reunido esta ma\u00f1ana en la sede de la Fundaci\u00f3n y ha seleccionado los proyectos culturales que formar\u00e1n parte de la primera fase del Programa de este a\u00f1o.<\/span><\/p>\n<p><span class=\"AnswerParser_TextContainer__z_Iiv\" data-testid=\"youchat-text\">El <strong>Comit\u00e9 de Evaluaci\u00f3n<\/strong> est\u00e1 compuesto por estos profesionales:<\/span><\/p>\n<p><span class=\"AnswerParser_TextContainer__z_Iiv\" data-testid=\"youchat-text\">\u2013<strong>Judith Bordas,<\/strong> responsable del \u00e1rea de Proyectos y Empresa de la Fundaci\u00f3n y del PIC<\/span><\/p>\n<p><span class=\"AnswerParser_TextContainer__z_Iiv\" data-testid=\"youchat-text\">\u2013<strong>Isa Custodio<\/strong>, directora y consultora de Indeed Social Consulting<\/span><\/p>\n<p><span class=\"AnswerParser_TextContainer__z_Iiv\" data-testid=\"youchat-text\">\u2013<strong>Sergi Capell<\/strong>, consultor<\/span><\/p>\n<p><span class=\"AnswerParser_TextContainer__z_Iiv\" data-testid=\"youchat-text\">\u2013<strong>Maite Esteve<\/strong>, directora de la Fundaci\u00f3n<\/span><\/p>\n<p><span class=\"AnswerParser_TextContainer__z_Iiv\" data-testid=\"youchat-text\">\u2013<strong>Xavier Garc\u00eda<\/strong>, consultor<\/span><\/p>\n<p><span class=\"AnswerParser_TextContainer__z_Iiv\" data-testid=\"youchat-text\">\u2013<strong>Alberto Sampablo<\/strong>, consultor<\/span><\/p>\n<p><span class=\"AnswerParser_TextContainer__z_Iiv\" data-testid=\"youchat-text\">\u2013<strong>Pepe Zapata<\/strong>, director de relaciones corporativas del Grupo Focus<\/span><\/p>\n<p>&nbsp;<\/p>\n<p><span class=\"AnswerParser_TextContainer__z_Iiv\" style=\"font-size: 14pt;\" data-testid=\"youchat-text\">Los <strong>27 proyectos<\/strong> que participaran en el Programa de este a\u00f1o son:<\/span><\/p>\n<p><a href=\"https:\/\/www.ameba.cat\/\">AMEBA<\/a><\/p>\n<p><a href=\"https:\/\/www.linkedin.com\/feed\/update\/urn:li:activity:7259482080361807874\/\">ART I CURA<\/a><\/p>\n<p><a href=\"https:\/\/bonitosound.com\/\">Artiverse<\/a><\/p>\n<p><a href=\"https:\/\/www.orquestrasimfonicaseglexxi.com\/\">Asociaci\u00f3n Orquesta Sinf\u00f3nica Siglo XXI (OSSXXI)<\/a><\/p>\n<p><a href=\"https:\/\/www.barswingona.com\/index-cas.html\">Barswingona<\/a><\/p>\n<p>Cine rural de conciencia a la fresca<\/p>\n<p><a href=\"https:\/\/eljardidigital.cat\/\">EL JARD\u00cd DIGITAL<\/a><\/p>\n<p><a href=\"https:\/\/fastemporda.cat\/\">FASTT<\/a><\/p>\n<p><a href=\"https:\/\/entertainment.feeldance.cat\/\">Feel Dance Entertainment \u2013 Ego Femina<\/a><\/p>\n<p><a href=\"https:\/\/www.instagram.com\/festivalproleg\/\">Festival Pr\u00f2leg<\/a><\/p>\n<p><a href=\"https:\/\/www.gio.cat\/\">GIO Productions<\/a><\/p>\n<p><a href=\"https:\/\/dona.clinicbarcelona.org\/giremfull#K15\">Girem Full! Libros contra el c\u00e1ncer<\/a><\/p>\n<p><a href=\"https:\/\/shakespeareandfriends.cat\/\">SHAKESPEARE &amp; FRIENDS \u2013 L&#8217;escenari per cr\u00e9ixer<\/a><\/p>\n<p><a href=\"https:\/\/www.ciasargantana.cat\/menu\/\">Lanau7, laboratorio de arte y tecnolog\u00eda<\/a><\/p>\n<p><a href=\"https:\/\/lesmuses.cat\/\">Les Musss<\/a><\/p>\n<p><a href=\"https:\/\/matercasamuseu.com\/\">Mater Casa Museo \u2013 Tradici\u00f3n y materialidad propia reflejada<\/a><\/p>\n<p><a href=\"https:\/\/www.medistoris.cat\/\">MEDiSTORiS.cat<\/a><\/p>\n<p><a href=\"https:\/\/www.mitjoriudebitlles.com\/\">MITJ\u00d3<\/a><\/p>\n<p><a href=\"https:\/\/nextus.global\/es\">Nextus<\/a><\/p>\n<p><a href=\"https:\/\/www.bsm.upf.edu\/es\">Programa de cultura de la UPF-Barcelona School of Management<\/a><\/p>\n<p><a href=\"https:\/\/srmoon.com\/\">Se\u00f1or Moon<\/a><\/p>\n<p><a href=\"http:\/\/www.neandertal.cat\/\">Sin\u00e8rgic<\/a><\/p>\n<p><a href=\"https:\/\/incognita.cc\/ca\/sons-germans\">Sons Germans<\/a><\/p>\n<p><a href=\"https:\/\/www.instagram.com\/sottobos.co\">Sottobosco<\/a><\/p>\n<p><a href=\"https:\/\/www.instagram.com\/melindroteatre?igsh=MW12Yjc3ZmQ5cHMyYQ%3D%3D\">T.E.C (teatro educativo creativo)<\/a><\/p>\n<p><a href=\"https:\/\/teatremusical.cat\/\">Teatremusical.cat<\/a><\/p>\n<p><a href=\"https:\/\/youztalent.com\/vibez-cat\/\">VIBEZ Festival<\/a><\/p>\n<p>&nbsp;<\/p>\n<p><span class=\"AnswerParser_TextContainer__z_Iiv\" data-testid=\"youchat-text\">El pistoletazo de salida del Programa ser\u00e1 el pr\u00f3ximo martes <strong>11 de marzo<\/strong> con una sesi\u00f3n presencial en la <strong>Antigua F\u00e1brica Estrella Damm<\/strong>.<\/span><\/p>\n<p><strong><span class=\"AnswerParser_TextContainer__z_Iiv\" data-testid=\"youchat-text\">\u00a1Enhorabuena a todos los proyectos seleccionados!<\/span><\/strong><\/p>\n<p><strong><span class=\"AnswerParser_TextContainer__z_Iiv\" data-testid=\"youchat-text\">\u00a1Os damos la bienvenida al Programa IMPULSA CULTURA 2025! Estamos seguros de que este ser\u00e1 el comienzo de una experiencia inolvidable.<\/span><\/strong><\/p>\n","protected":false},"excerpt":{"rendered":"<p>El Comit\u00e9 Evaluador del Programa IMPULSA CULTURA 2025 (PIC 2025), integrado por 7 profesionales expertos en el sector cultural y empresarial, se ha reunido esta ma\u00f1ana en la sede de la Fundaci\u00f3n y ha seleccionado los proyectos culturales que formar\u00e1n parte de la primera fase del Programa de este a\u00f1o. El Comit\u00e9 de Evaluaci\u00f3n est\u00e1 [&hellip;]<\/p>\n","protected":false},"author":1,"featured_media":0,"comment_status":"closed","ping_status":"closed","sticky":false,"template":"","format":"standard","meta":{"_acf_changed":false,"footnotes":""},"categories":[44],"class_list":["post-23817","post","type-post","status-publish","format-standard","hentry","category-noticias"],"acf":[],"yoast_head":"<!-- This site is optimized with the Yoast SEO plugin v25.1 - https:\/\/yoast.com\/wordpress\/plugins\/seo\/ -->\n<title>32 proyectos participar\u00e1n en la primera fase del Programa IMPULSA CULTURA 2025 | Fundaci\u00f3 Catalunya Cultura<\/title>\n<meta name=\"robots\" content=\"index, follow, max-snippet:-1, max-image-preview:large, max-video-preview:-1\" \/>\n<link rel=\"canonical\" href=\"https:\/\/fundaciocatalunyacultura.cat\/es\/32-proyectos-participaran-en-la-primera-fase-del-programa-impulsa-cultura-2025\/\" \/>\n<meta property=\"og:locale\" content=\"es_ES\" \/>\n<meta property=\"og:type\" content=\"article\" \/>\n<meta property=\"og:title\" content=\"32 proyectos participar\u00e1n en la primera fase del Programa IMPULSA CULTURA 2025 | Fundaci\u00f3 Catalunya Cultura\" \/>\n<meta property=\"og:description\" content=\"El Comit\u00e9 Evaluador del Programa IMPULSA CULTURA 2025 (PIC 2025), integrado por 7 profesionales expertos en el sector cultural y empresarial, se ha reunido esta ma\u00f1ana en la sede de la Fundaci\u00f3n y ha seleccionado los proyectos culturales que formar\u00e1n parte de la primera fase del Programa de este a\u00f1o. El Comit\u00e9 de Evaluaci\u00f3n est\u00e1 [&hellip;]\" \/>\n<meta property=\"og:url\" content=\"https:\/\/fundaciocatalunyacultura.cat\/es\/32-proyectos-participaran-en-la-primera-fase-del-programa-impulsa-cultura-2025\/\" \/>\n<meta property=\"og:site_name\" content=\"Fundaci\u00f3 Catalunya Cultura\" \/>\n<meta property=\"article:publisher\" content=\"https:\/\/www.facebook.com\/fundaciocatalunyacultura\/\" \/>\n<meta property=\"article:published_time\" content=\"2025-03-05T15:06:39+00:00\" \/>\n<meta property=\"article:modified_time\" content=\"2025-03-31T12:52:16+00:00\" \/>\n<meta name=\"author\" content=\"fundacio\" \/>\n<meta name=\"twitter:card\" content=\"summary_large_image\" \/>\n<meta name=\"twitter:creator\" content=\"@fcatcultura\" \/>\n<meta name=\"twitter:site\" content=\"@fcatcultura\" \/>\n<meta name=\"twitter:label1\" content=\"Escrito por\" \/>\n\t<meta name=\"twitter:data1\" content=\"fundacio\" \/>\n\t<meta name=\"twitter:label2\" content=\"Tiempo de lectura\" \/>\n\t<meta name=\"twitter:data2\" content=\"2 minutos\" \/>\n<script type=\"application\/ld+json\" class=\"yoast-schema-graph\">{\"@context\":\"https:\/\/schema.org\",\"@graph\":[{\"@type\":\"Article\",\"@id\":\"https:\/\/fundaciocatalunyacultura.cat\/es\/32-proyectos-participaran-en-la-primera-fase-del-programa-impulsa-cultura-2025\/#article\",\"isPartOf\":{\"@id\":\"https:\/\/fundaciocatalunyacultura.cat\/es\/32-proyectos-participaran-en-la-primera-fase-del-programa-impulsa-cultura-2025\/\"},\"author\":{\"name\":\"fundacio\",\"@id\":\"https:\/\/www.fundaciocatalunyacultura.cat\/es\/#\/schema\/person\/f30f60b8448aa2c1761a644f652a4744\"},\"headline\":\"32 proyectos participar\u00e1n en la primera fase del Programa IMPULSA CULTURA 2025\",\"datePublished\":\"2025-03-05T15:06:39+00:00\",\"dateModified\":\"2025-03-31T12:52:16+00:00\",\"mainEntityOfPage\":{\"@id\":\"https:\/\/fundaciocatalunyacultura.cat\/es\/32-proyectos-participaran-en-la-primera-fase-del-programa-impulsa-cultura-2025\/\"},\"wordCount\":286,\"publisher\":{\"@id\":\"https:\/\/www.fundaciocatalunyacultura.cat\/es\/#organization\"},\"articleSection\":[\"Noticias\"],\"inLanguage\":\"es\"},{\"@type\":\"WebPage\",\"@id\":\"https:\/\/fundaciocatalunyacultura.cat\/es\/32-proyectos-participaran-en-la-primera-fase-del-programa-impulsa-cultura-2025\/\",\"url\":\"https:\/\/fundaciocatalunyacultura.cat\/es\/32-proyectos-participaran-en-la-primera-fase-del-programa-impulsa-cultura-2025\/\",\"name\":\"32 proyectos participar\u00e1n en la primera fase del Programa IMPULSA CULTURA 2025 | Fundaci\u00f3 Catalunya Cultura\",\"isPartOf\":{\"@id\":\"https:\/\/www.fundaciocatalunyacultura.cat\/es\/#website\"},\"datePublished\":\"2025-03-05T15:06:39+00:00\",\"dateModified\":\"2025-03-31T12:52:16+00:00\",\"breadcrumb\":{\"@id\":\"https:\/\/fundaciocatalunyacultura.cat\/es\/32-proyectos-participaran-en-la-primera-fase-del-programa-impulsa-cultura-2025\/#breadcrumb\"},\"inLanguage\":\"es\",\"potentialAction\":[{\"@type\":\"ReadAction\",\"target\":[\"https:\/\/fundaciocatalunyacultura.cat\/es\/32-proyectos-participaran-en-la-primera-fase-del-programa-impulsa-cultura-2025\/\"]}]},{\"@type\":\"BreadcrumbList\",\"@id\":\"https:\/\/fundaciocatalunyacultura.cat\/es\/32-proyectos-participaran-en-la-primera-fase-del-programa-impulsa-cultura-2025\/#breadcrumb\",\"itemListElement\":[{\"@type\":\"ListItem\",\"position\":1,\"name\":\"Inici\",\"item\":\"https:\/\/www.fundaciocatalunyacultura.cat\/es\/\"},{\"@type\":\"ListItem\",\"position\":2,\"name\":\"32 proyectos participar\u00e1n en la primera fase del Programa IMPULSA CULTURA 2025\"}]},{\"@type\":\"WebSite\",\"@id\":\"https:\/\/www.fundaciocatalunyacultura.cat\/es\/#website\",\"url\":\"https:\/\/www.fundaciocatalunyacultura.cat\/es\/\",\"name\":\"Fundaci\u00f3 Catalunya Cultura\",\"description\":\"\",\"publisher\":{\"@id\":\"https:\/\/www.fundaciocatalunyacultura.cat\/es\/#organization\"},\"potentialAction\":[{\"@type\":\"SearchAction\",\"target\":{\"@type\":\"EntryPoint\",\"urlTemplate\":\"https:\/\/www.fundaciocatalunyacultura.cat\/es\/?s={search_term_string}\"},\"query-input\":{\"@type\":\"PropertyValueSpecification\",\"valueRequired\":true,\"valueName\":\"search_term_string\"}}],\"inLanguage\":\"es\"},{\"@type\":\"Organization\",\"@id\":\"https:\/\/www.fundaciocatalunyacultura.cat\/es\/#organization\",\"name\":\"Fundaci\u00f3 Catalunya Cultura\",\"url\":\"https:\/\/www.fundaciocatalunyacultura.cat\/es\/\",\"logo\":{\"@type\":\"ImageObject\",\"inLanguage\":\"es\",\"@id\":\"https:\/\/www.fundaciocatalunyacultura.cat\/es\/#\/schema\/logo\/image\/\",\"url\":\"https:\/\/hundreds-wordpress-uploads.s3.amazonaws.com\/fundacio-catalunya-cultura\/uploads\/2021\/03\/fcc_logo_blanc-scaled.jpeg\",\"contentUrl\":\"https:\/\/hundreds-wordpress-uploads.s3.amazonaws.com\/fundacio-catalunya-cultura\/uploads\/2021\/03\/fcc_logo_blanc-scaled.jpeg\",\"width\":2560,\"height\":1785,\"caption\":\"Fundaci\u00f3 Catalunya Cultura\"},\"image\":{\"@id\":\"https:\/\/www.fundaciocatalunyacultura.cat\/es\/#\/schema\/logo\/image\/\"},\"sameAs\":[\"https:\/\/www.facebook.com\/fundaciocatalunyacultura\/\",\"https:\/\/x.com\/fcatcultura\",\"https:\/\/www.linkedin.com\/company\/fundaci\u00f3-catalunya-cultura\/\",\"https:\/\/ca.wikipedia.org\/wiki\/Fundaci\u00f3_Catalunya_Cultura\"]},{\"@type\":\"Person\",\"@id\":\"https:\/\/www.fundaciocatalunyacultura.cat\/es\/#\/schema\/person\/f30f60b8448aa2c1761a644f652a4744\",\"name\":\"fundacio\",\"image\":{\"@type\":\"ImageObject\",\"inLanguage\":\"es\",\"@id\":\"https:\/\/www.fundaciocatalunyacultura.cat\/es\/#\/schema\/person\/image\/\",\"url\":\"https:\/\/secure.gravatar.com\/avatar\/fe57a3f139ea81c65a338e37a8064b4e80844f839737532820c9107eb9e1966f?s=96&d=mm&r=g\",\"contentUrl\":\"https:\/\/secure.gravatar.com\/avatar\/fe57a3f139ea81c65a338e37a8064b4e80844f839737532820c9107eb9e1966f?s=96&d=mm&r=g\",\"caption\":\"fundacio\"},\"url\":\"https:\/\/fundaciocatalunyacultura.cat\/es\/author\/fundacio\/\"}]}<\/script>\n<!-- \/ Yoast SEO plugin. -->","yoast_head_json":{"title":"32 proyectos participar\u00e1n en la primera fase del Programa IMPULSA CULTURA 2025 | Fundaci\u00f3 Catalunya Cultura","robots":{"index":"index","follow":"follow","max-snippet":"max-snippet:-1","max-image-preview":"max-image-preview:large","max-video-preview":"max-video-preview:-1"},"canonical":"https:\/\/fundaciocatalunyacultura.cat\/es\/32-proyectos-participaran-en-la-primera-fase-del-programa-impulsa-cultura-2025\/","og_locale":"es_ES","og_type":"article","og_title":"32 proyectos participar\u00e1n en la primera fase del Programa IMPULSA CULTURA 2025 | Fundaci\u00f3 Catalunya Cultura","og_description":"El Comit\u00e9 Evaluador del Programa IMPULSA CULTURA 2025 (PIC 2025), integrado por 7 profesionales expertos en el sector cultural y empresarial, se ha reunido esta ma\u00f1ana en la sede de la Fundaci\u00f3n y ha seleccionado los proyectos culturales que formar\u00e1n parte de la primera fase del Programa de este a\u00f1o. El Comit\u00e9 de Evaluaci\u00f3n est\u00e1 [&hellip;]","og_url":"https:\/\/fundaciocatalunyacultura.cat\/es\/32-proyectos-participaran-en-la-primera-fase-del-programa-impulsa-cultura-2025\/","og_site_name":"Fundaci\u00f3 Catalunya Cultura","article_publisher":"https:\/\/www.facebook.com\/fundaciocatalunyacultura\/","article_published_time":"2025-03-05T15:06:39+00:00","article_modified_time":"2025-03-31T12:52:16+00:00","author":"fundacio","twitter_card":"summary_large_image","twitter_creator":"@fcatcultura","twitter_site":"@fcatcultura","twitter_misc":{"Escrito por":"fundacio","Tiempo de lectura":"2 minutos"},"schema":{"@context":"https:\/\/schema.org","@graph":[{"@type":"Article","@id":"https:\/\/fundaciocatalunyacultura.cat\/es\/32-proyectos-participaran-en-la-primera-fase-del-programa-impulsa-cultura-2025\/#article","isPartOf":{"@id":"https:\/\/fundaciocatalunyacultura.cat\/es\/32-proyectos-participaran-en-la-primera-fase-del-programa-impulsa-cultura-2025\/"},"author":{"name":"fundacio","@id":"https:\/\/www.fundaciocatalunyacultura.cat\/es\/#\/schema\/person\/f30f60b8448aa2c1761a644f652a4744"},"headline":"32 proyectos participar\u00e1n en la primera fase del Programa IMPULSA CULTURA 2025","datePublished":"2025-03-05T15:06:39+00:00","dateModified":"2025-03-31T12:52:16+00:00","mainEntityOfPage":{"@id":"https:\/\/fundaciocatalunyacultura.cat\/es\/32-proyectos-participaran-en-la-primera-fase-del-programa-impulsa-cultura-2025\/"},"wordCount":286,"publisher":{"@id":"https:\/\/www.fundaciocatalunyacultura.cat\/es\/#organization"},"articleSection":["Noticias"],"inLanguage":"es"},{"@type":"WebPage","@id":"https:\/\/fundaciocatalunyacultura.cat\/es\/32-proyectos-participaran-en-la-primera-fase-del-programa-impulsa-cultura-2025\/","url":"https:\/\/fundaciocatalunyacultura.cat\/es\/32-proyectos-participaran-en-la-primera-fase-del-programa-impulsa-cultura-2025\/","name":"32 proyectos participar\u00e1n en la primera fase del Programa IMPULSA CULTURA 2025 | Fundaci\u00f3 Catalunya Cultura","isPartOf":{"@id":"https:\/\/www.fundaciocatalunyacultura.cat\/es\/#website"},"datePublished":"2025-03-05T15:06:39+00:00","dateModified":"2025-03-31T12:52:16+00:00","breadcrumb":{"@id":"https:\/\/fundaciocatalunyacultura.cat\/es\/32-proyectos-participaran-en-la-primera-fase-del-programa-impulsa-cultura-2025\/#breadcrumb"},"inLanguage":"es","potentialAction":[{"@type":"ReadAction","target":["https:\/\/fundaciocatalunyacultura.cat\/es\/32-proyectos-participaran-en-la-primera-fase-del-programa-impulsa-cultura-2025\/"]}]},{"@type":"BreadcrumbList","@id":"https:\/\/fundaciocatalunyacultura.cat\/es\/32-proyectos-participaran-en-la-primera-fase-del-programa-impulsa-cultura-2025\/#breadcrumb","itemListElement":[{"@type":"ListItem","position":1,"name":"Inici","item":"https:\/\/www.fundaciocatalunyacultura.cat\/es\/"},{"@type":"ListItem","position":2,"name":"32 proyectos participar\u00e1n en la primera fase del Programa IMPULSA CULTURA 2025"}]},{"@type":"WebSite","@id":"https:\/\/www.fundaciocatalunyacultura.cat\/es\/#website","url":"https:\/\/www.fundaciocatalunyacultura.cat\/es\/","name":"Fundaci\u00f3 Catalunya Cultura","description":"","publisher":{"@id":"https:\/\/www.fundaciocatalunyacultura.cat\/es\/#organization"},"potentialAction":[{"@type":"SearchAction","target":{"@type":"EntryPoint","urlTemplate":"https:\/\/www.fundaciocatalunyacultura.cat\/es\/?s={search_term_string}"},"query-input":{"@type":"PropertyValueSpecification","valueRequired":true,"valueName":"search_term_string"}}],"inLanguage":"es"},{"@type":"Organization","@id":"https:\/\/www.fundaciocatalunyacultura.cat\/es\/#organization","name":"Fundaci\u00f3 Catalunya Cultura","url":"https:\/\/www.fundaciocatalunyacultura.cat\/es\/","logo":{"@type":"ImageObject","inLanguage":"es","@id":"https:\/\/www.fundaciocatalunyacultura.cat\/es\/#\/schema\/logo\/image\/","url":"https:\/\/hundreds-wordpress-uploads.s3.amazonaws.com\/fundacio-catalunya-cultura\/uploads\/2021\/03\/fcc_logo_blanc-scaled.jpeg","contentUrl":"https:\/\/hundreds-wordpress-uploads.s3.amazonaws.com\/fundacio-catalunya-cultura\/uploads\/2021\/03\/fcc_logo_blanc-scaled.jpeg","width":2560,"height":1785,"caption":"Fundaci\u00f3 Catalunya Cultura"},"image":{"@id":"https:\/\/www.fundaciocatalunyacultura.cat\/es\/#\/schema\/logo\/image\/"},"sameAs":["https:\/\/www.facebook.com\/fundaciocatalunyacultura\/","https:\/\/x.com\/fcatcultura","https:\/\/www.linkedin.com\/company\/fundaci\u00f3-catalunya-cultura\/","https:\/\/ca.wikipedia.org\/wiki\/Fundaci\u00f3_Catalunya_Cultura"]},{"@type":"Person","@id":"https:\/\/www.fundaciocatalunyacultura.cat\/es\/#\/schema\/person\/f30f60b8448aa2c1761a644f652a4744","name":"fundacio","image":{"@type":"ImageObject","inLanguage":"es","@id":"https:\/\/www.fundaciocatalunyacultura.cat\/es\/#\/schema\/person\/image\/","url":"https:\/\/secure.gravatar.com\/avatar\/fe57a3f139ea81c65a338e37a8064b4e80844f839737532820c9107eb9e1966f?s=96&d=mm&r=g","contentUrl":"https:\/\/secure.gravatar.com\/avatar\/fe57a3f139ea81c65a338e37a8064b4e80844f839737532820c9107eb9e1966f?s=96&d=mm&r=g","caption":"fundacio"},"url":"https:\/\/fundaciocatalunyacultura.cat\/es\/author\/fundacio\/"}]}},"_links":{"self":[{"href":"https:\/\/fundaciocatalunyacultura.cat\/es\/wp-json\/wp\/v2\/posts\/23817","targetHints":{"allow":["GET"]}}],"collection":[{"href":"https:\/\/fundaciocatalunyacultura.cat\/es\/wp-json\/wp\/v2\/posts"}],"about":[{"href":"https:\/\/fundaciocatalunyacultura.cat\/es\/wp-json\/wp\/v2\/types\/post"}],"author":[{"embeddable":true,"href":"https:\/\/fundaciocatalunyacultura.cat\/es\/wp-json\/wp\/v2\/users\/1"}],"replies":[{"embeddable":true,"href":"https:\/\/fundaciocatalunyacultura.cat\/es\/wp-json\/wp\/v2\/comments?post=23817"}],"version-history":[{"count":7,"href":"https:\/\/fundaciocatalunyacultura.cat\/es\/wp-json\/wp\/v2\/posts\/23817\/revisions"}],"predecessor-version":[{"id":24503,"href":"https:\/\/fundaciocatalunyacultura.cat\/es\/wp-json\/wp\/v2\/posts\/23817\/revisions\/24503"}],"wp:attachment":[{"href":"https:\/\/fundaciocatalunyacultura.cat\/es\/wp-json\/wp\/v2\/media?parent=23817"}],"wp:term":[{"taxonomy":"category","embeddable":true,"href":"https:\/\/fundaciocatalunyacultura.cat\/es\/wp-json\/wp\/v2\/categories?post=23817"}],"curies":[{"name":"wp","href":"https:\/\/api.w.org\/{rel}","templated":true}]}}