{"id":23527,"date":"2025-02-19T11:12:21","date_gmt":"2025-02-19T11:12:21","guid":{"rendered":"https:\/\/www.fundaciocatalunyacultura.cat\/?p=23527"},"modified":"2025-02-20T10:02:33","modified_gmt":"2025-02-20T10:02:33","slug":"ey-y-la-agencia-mut-nuevos-miembros-de-la-fundacion","status":"publish","type":"post","link":"https:\/\/fundaciocatalunyacultura.cat\/es\/ey-y-la-agencia-mut-nuevos-miembros-de-la-fundacion\/","title":{"rendered":"La Fundaci\u00f3n EY y la agencia MUT, nuevos miembros de la Fundaci\u00f3n"},"content":{"rendered":"<p>La Fundaci\u00f3n contin\u00faa creciendo con nuevas empresas que se han incorporado a los \u00f3rganos de gobierno. La Fundaci\u00f3n <strong>EY<\/strong>, se ha sumado como nuevo miembro del <strong>Patronato<\/strong>, el \u00f3rgano de gobernanza y administraci\u00f3n de nuestra entidad. La Fundaci\u00f3n EY estar\u00e1 representada por Xavier Trias, socio director de la compa\u00f1\u00eda en Catalu\u00f1a y responsable de Consultor\u00eda Tecnol\u00f3gica en EY Espa\u00f1a. Con la integraci\u00f3n de EY, ya son 14 las empresas que forman parte del Patronato.<\/p>\n<p>EY es l\u00edder mundial en servicios de auditor\u00eda, fiscalidad, asesoramiento en transacciones y consultor\u00eda. Los an\u00e1lisis y los servicios de calidad que ofrecen ayudan a crear confianza en los mercados de capitales y las econom\u00edas de todo el mundo. Desarrollan l\u00edderes destacados que trabajan en equipo para cumplir los compromisos adquiridos con sus grupos de inter\u00e9s. Con esto, crean valor sostenible a largo plazo para sus profesionales, sus clientes y para la sociedad en general.<\/p>\n<p>Por otro lado, el Consejo de Mecenazgo ha integrado la agencia <strong>MUT<\/strong> como nuevo miembro. El fundador y CEO de la empresa, Nacho G\u00f3mez, asumir\u00e1 la representaci\u00f3n de la agencia en este \u00f3rgano de gobierno de la Fundaci\u00f3n. MUT, fundada el 2011 y formada por m\u00e1s de 40 profesionales, es una agencia creativa de acontecimientos de impacto positivo que aplica una metodolog\u00eda propia para generar m\u00e1s valor para el planeta, la sociedad y sus clientes en cada proyecto: la Creatividad Positiva.<\/p>\n<p>La incorporaci\u00f3n de la Fundaci\u00f3 EY y MUT como miembros integrantes de la Fundaci\u00f3n se ha hecho oficial en la \u00faltima <strong>reuni\u00f3n del Patronato<\/strong> que se ha celebrado este mi\u00e9rcoles en el <strong>Ateneu Barcelon\u00e8s.<\/strong><\/p>\n<p>Celebramos que cada a\u00f1o la Fundaci\u00f3n sume nuevos apoyos que consoliden firmes alianzas entre el mundo empresarial y el cultural con el objetivo de impulsar la cultura en Catalu\u00f1a.<\/p>\n","protected":false},"excerpt":{"rendered":"<p>La Fundaci\u00f3n contin\u00faa creciendo con nuevas empresas que se han incorporado a los \u00f3rganos de gobierno. La Fundaci\u00f3n EY, se ha sumado como nuevo miembro del Patronato, el \u00f3rgano de gobernanza y administraci\u00f3n de nuestra entidad. La Fundaci\u00f3n EY estar\u00e1 representada por Xavier Trias, socio director de la compa\u00f1\u00eda en Catalu\u00f1a y responsable de Consultor\u00eda [&hellip;]<\/p>\n","protected":false},"author":1,"featured_media":0,"comment_status":"closed","ping_status":"closed","sticky":false,"template":"","format":"standard","meta":{"_acf_changed":false,"footnotes":""},"categories":[44],"class_list":["post-23527","post","type-post","status-publish","format-standard","hentry","category-noticias"],"acf":[],"yoast_head":"<!-- This site is optimized with the Yoast SEO plugin v25.1 - https:\/\/yoast.com\/wordpress\/plugins\/seo\/ -->\n<title>La Fundaci\u00f3n EY y la agencia MUT, nuevos miembros de la Fundaci\u00f3n | Fundaci\u00f3 Catalunya Cultura<\/title>\n<meta name=\"robots\" content=\"index, follow, max-snippet:-1, max-image-preview:large, max-video-preview:-1\" \/>\n<link rel=\"canonical\" href=\"https:\/\/fundaciocatalunyacultura.cat\/es\/ey-y-la-agencia-mut-nuevos-miembros-de-la-fundacion\/\" \/>\n<meta property=\"og:locale\" content=\"es_ES\" \/>\n<meta property=\"og:type\" content=\"article\" \/>\n<meta property=\"og:title\" content=\"La Fundaci\u00f3n EY y la agencia MUT, nuevos miembros de la Fundaci\u00f3n | Fundaci\u00f3 Catalunya Cultura\" \/>\n<meta property=\"og:description\" content=\"La Fundaci\u00f3n contin\u00faa creciendo con nuevas empresas que se han incorporado a los \u00f3rganos de gobierno. La Fundaci\u00f3n EY, se ha sumado como nuevo miembro del Patronato, el \u00f3rgano de gobernanza y administraci\u00f3n de nuestra entidad. La Fundaci\u00f3n EY estar\u00e1 representada por Xavier Trias, socio director de la compa\u00f1\u00eda en Catalu\u00f1a y responsable de Consultor\u00eda [&hellip;]\" \/>\n<meta property=\"og:url\" content=\"https:\/\/fundaciocatalunyacultura.cat\/es\/ey-y-la-agencia-mut-nuevos-miembros-de-la-fundacion\/\" \/>\n<meta property=\"og:site_name\" content=\"Fundaci\u00f3 Catalunya Cultura\" \/>\n<meta property=\"article:publisher\" content=\"https:\/\/www.facebook.com\/fundaciocatalunyacultura\/\" \/>\n<meta property=\"article:published_time\" content=\"2025-02-19T11:12:21+00:00\" \/>\n<meta property=\"article:modified_time\" content=\"2025-02-20T10:02:33+00:00\" \/>\n<meta name=\"author\" content=\"fundacio\" \/>\n<meta name=\"twitter:card\" content=\"summary_large_image\" \/>\n<meta name=\"twitter:creator\" content=\"@fcatcultura\" \/>\n<meta name=\"twitter:site\" content=\"@fcatcultura\" \/>\n<meta name=\"twitter:label1\" content=\"Escrito por\" \/>\n\t<meta name=\"twitter:data1\" content=\"fundacio\" \/>\n\t<meta name=\"twitter:label2\" content=\"Tiempo de lectura\" \/>\n\t<meta name=\"twitter:data2\" content=\"2 minutos\" \/>\n<script type=\"application\/ld+json\" class=\"yoast-schema-graph\">{\"@context\":\"https:\/\/schema.org\",\"@graph\":[{\"@type\":\"Article\",\"@id\":\"https:\/\/fundaciocatalunyacultura.cat\/es\/ey-y-la-agencia-mut-nuevos-miembros-de-la-fundacion\/#article\",\"isPartOf\":{\"@id\":\"https:\/\/fundaciocatalunyacultura.cat\/es\/ey-y-la-agencia-mut-nuevos-miembros-de-la-fundacion\/\"},\"author\":{\"name\":\"fundacio\",\"@id\":\"https:\/\/fundaciocatalunyacultura.cat\/#\/schema\/person\/f30f60b8448aa2c1761a644f652a4744\"},\"headline\":\"La Fundaci\u00f3n EY y la agencia MUT, nuevos miembros de la Fundaci\u00f3n\",\"datePublished\":\"2025-02-19T11:12:21+00:00\",\"dateModified\":\"2025-02-20T10:02:33+00:00\",\"mainEntityOfPage\":{\"@id\":\"https:\/\/fundaciocatalunyacultura.cat\/es\/ey-y-la-agencia-mut-nuevos-miembros-de-la-fundacion\/\"},\"wordCount\":336,\"publisher\":{\"@id\":\"https:\/\/fundaciocatalunyacultura.cat\/#organization\"},\"articleSection\":[\"Noticias\"],\"inLanguage\":\"es\"},{\"@type\":\"WebPage\",\"@id\":\"https:\/\/fundaciocatalunyacultura.cat\/es\/ey-y-la-agencia-mut-nuevos-miembros-de-la-fundacion\/\",\"url\":\"https:\/\/fundaciocatalunyacultura.cat\/es\/ey-y-la-agencia-mut-nuevos-miembros-de-la-fundacion\/\",\"name\":\"La Fundaci\u00f3n EY y la agencia MUT, nuevos miembros de la Fundaci\u00f3n | Fundaci\u00f3 Catalunya Cultura\",\"isPartOf\":{\"@id\":\"https:\/\/fundaciocatalunyacultura.cat\/#website\"},\"datePublished\":\"2025-02-19T11:12:21+00:00\",\"dateModified\":\"2025-02-20T10:02:33+00:00\",\"breadcrumb\":{\"@id\":\"https:\/\/fundaciocatalunyacultura.cat\/es\/ey-y-la-agencia-mut-nuevos-miembros-de-la-fundacion\/#breadcrumb\"},\"inLanguage\":\"es\",\"potentialAction\":[{\"@type\":\"ReadAction\",\"target\":[\"https:\/\/fundaciocatalunyacultura.cat\/es\/ey-y-la-agencia-mut-nuevos-miembros-de-la-fundacion\/\"]}]},{\"@type\":\"BreadcrumbList\",\"@id\":\"https:\/\/fundaciocatalunyacultura.cat\/es\/ey-y-la-agencia-mut-nuevos-miembros-de-la-fundacion\/#breadcrumb\",\"itemListElement\":[{\"@type\":\"ListItem\",\"position\":1,\"name\":\"Inici\",\"item\":\"https:\/\/fundaciocatalunyacultura.cat\/es\/\"},{\"@type\":\"ListItem\",\"position\":2,\"name\":\"La Fundaci\u00f3n EY y la agencia MUT, nuevos miembros de la Fundaci\u00f3n\"}]},{\"@type\":\"WebSite\",\"@id\":\"https:\/\/fundaciocatalunyacultura.cat\/#website\",\"url\":\"https:\/\/fundaciocatalunyacultura.cat\/\",\"name\":\"Fundaci\u00f3 Catalunya Cultura\",\"description\":\"\",\"publisher\":{\"@id\":\"https:\/\/fundaciocatalunyacultura.cat\/#organization\"},\"potentialAction\":[{\"@type\":\"SearchAction\",\"target\":{\"@type\":\"EntryPoint\",\"urlTemplate\":\"https:\/\/fundaciocatalunyacultura.cat\/?s={search_term_string}\"},\"query-input\":{\"@type\":\"PropertyValueSpecification\",\"valueRequired\":true,\"valueName\":\"search_term_string\"}}],\"inLanguage\":\"es\"},{\"@type\":\"Organization\",\"@id\":\"https:\/\/fundaciocatalunyacultura.cat\/#organization\",\"name\":\"Fundaci\u00f3 Catalunya Cultura\",\"url\":\"https:\/\/fundaciocatalunyacultura.cat\/\",\"logo\":{\"@type\":\"ImageObject\",\"inLanguage\":\"es\",\"@id\":\"https:\/\/fundaciocatalunyacultura.cat\/#\/schema\/logo\/image\/\",\"url\":\"https:\/\/hundreds-wordpress-uploads.s3.amazonaws.com\/fundacio-catalunya-cultura\/uploads\/2021\/03\/fcc_logo_blanc-scaled.jpeg\",\"contentUrl\":\"https:\/\/hundreds-wordpress-uploads.s3.amazonaws.com\/fundacio-catalunya-cultura\/uploads\/2021\/03\/fcc_logo_blanc-scaled.jpeg\",\"width\":2560,\"height\":1785,\"caption\":\"Fundaci\u00f3 Catalunya Cultura\"},\"image\":{\"@id\":\"https:\/\/fundaciocatalunyacultura.cat\/#\/schema\/logo\/image\/\"},\"sameAs\":[\"https:\/\/www.facebook.com\/fundaciocatalunyacultura\/\",\"https:\/\/x.com\/fcatcultura\",\"https:\/\/www.linkedin.com\/company\/fundaci\u00f3-catalunya-cultura\/\",\"https:\/\/ca.wikipedia.org\/wiki\/Fundaci\u00f3_Catalunya_Cultura\"]},{\"@type\":\"Person\",\"@id\":\"https:\/\/fundaciocatalunyacultura.cat\/#\/schema\/person\/f30f60b8448aa2c1761a644f652a4744\",\"name\":\"fundacio\",\"image\":{\"@type\":\"ImageObject\",\"inLanguage\":\"es\",\"@id\":\"https:\/\/fundaciocatalunyacultura.cat\/#\/schema\/person\/image\/\",\"url\":\"https:\/\/secure.gravatar.com\/avatar\/fe57a3f139ea81c65a338e37a8064b4e80844f839737532820c9107eb9e1966f?s=96&d=mm&r=g\",\"contentUrl\":\"https:\/\/secure.gravatar.com\/avatar\/fe57a3f139ea81c65a338e37a8064b4e80844f839737532820c9107eb9e1966f?s=96&d=mm&r=g\",\"caption\":\"fundacio\"},\"url\":\"https:\/\/fundaciocatalunyacultura.cat\/es\/author\/fundacio\/\"}]}<\/script>\n<!-- \/ Yoast SEO plugin. -->","yoast_head_json":{"title":"La Fundaci\u00f3n EY y la agencia MUT, nuevos miembros de la Fundaci\u00f3n | Fundaci\u00f3 Catalunya Cultura","robots":{"index":"index","follow":"follow","max-snippet":"max-snippet:-1","max-image-preview":"max-image-preview:large","max-video-preview":"max-video-preview:-1"},"canonical":"https:\/\/fundaciocatalunyacultura.cat\/es\/ey-y-la-agencia-mut-nuevos-miembros-de-la-fundacion\/","og_locale":"es_ES","og_type":"article","og_title":"La Fundaci\u00f3n EY y la agencia MUT, nuevos miembros de la Fundaci\u00f3n | Fundaci\u00f3 Catalunya Cultura","og_description":"La Fundaci\u00f3n contin\u00faa creciendo con nuevas empresas que se han incorporado a los \u00f3rganos de gobierno. La Fundaci\u00f3n EY, se ha sumado como nuevo miembro del Patronato, el \u00f3rgano de gobernanza y administraci\u00f3n de nuestra entidad. La Fundaci\u00f3n EY estar\u00e1 representada por Xavier Trias, socio director de la compa\u00f1\u00eda en Catalu\u00f1a y responsable de Consultor\u00eda [&hellip;]","og_url":"https:\/\/fundaciocatalunyacultura.cat\/es\/ey-y-la-agencia-mut-nuevos-miembros-de-la-fundacion\/","og_site_name":"Fundaci\u00f3 Catalunya Cultura","article_publisher":"https:\/\/www.facebook.com\/fundaciocatalunyacultura\/","article_published_time":"2025-02-19T11:12:21+00:00","article_modified_time":"2025-02-20T10:02:33+00:00","author":"fundacio","twitter_card":"summary_large_image","twitter_creator":"@fcatcultura","twitter_site":"@fcatcultura","twitter_misc":{"Escrito por":"fundacio","Tiempo de lectura":"2 minutos"},"schema":{"@context":"https:\/\/schema.org","@graph":[{"@type":"Article","@id":"https:\/\/fundaciocatalunyacultura.cat\/es\/ey-y-la-agencia-mut-nuevos-miembros-de-la-fundacion\/#article","isPartOf":{"@id":"https:\/\/fundaciocatalunyacultura.cat\/es\/ey-y-la-agencia-mut-nuevos-miembros-de-la-fundacion\/"},"author":{"name":"fundacio","@id":"https:\/\/fundaciocatalunyacultura.cat\/#\/schema\/person\/f30f60b8448aa2c1761a644f652a4744"},"headline":"La Fundaci\u00f3n EY y la agencia MUT, nuevos miembros de la Fundaci\u00f3n","datePublished":"2025-02-19T11:12:21+00:00","dateModified":"2025-02-20T10:02:33+00:00","mainEntityOfPage":{"@id":"https:\/\/fundaciocatalunyacultura.cat\/es\/ey-y-la-agencia-mut-nuevos-miembros-de-la-fundacion\/"},"wordCount":336,"publisher":{"@id":"https:\/\/fundaciocatalunyacultura.cat\/#organization"},"articleSection":["Noticias"],"inLanguage":"es"},{"@type":"WebPage","@id":"https:\/\/fundaciocatalunyacultura.cat\/es\/ey-y-la-agencia-mut-nuevos-miembros-de-la-fundacion\/","url":"https:\/\/fundaciocatalunyacultura.cat\/es\/ey-y-la-agencia-mut-nuevos-miembros-de-la-fundacion\/","name":"La Fundaci\u00f3n EY y la agencia MUT, nuevos miembros de la Fundaci\u00f3n | Fundaci\u00f3 Catalunya Cultura","isPartOf":{"@id":"https:\/\/fundaciocatalunyacultura.cat\/#website"},"datePublished":"2025-02-19T11:12:21+00:00","dateModified":"2025-02-20T10:02:33+00:00","breadcrumb":{"@id":"https:\/\/fundaciocatalunyacultura.cat\/es\/ey-y-la-agencia-mut-nuevos-miembros-de-la-fundacion\/#breadcrumb"},"inLanguage":"es","potentialAction":[{"@type":"ReadAction","target":["https:\/\/fundaciocatalunyacultura.cat\/es\/ey-y-la-agencia-mut-nuevos-miembros-de-la-fundacion\/"]}]},{"@type":"BreadcrumbList","@id":"https:\/\/fundaciocatalunyacultura.cat\/es\/ey-y-la-agencia-mut-nuevos-miembros-de-la-fundacion\/#breadcrumb","itemListElement":[{"@type":"ListItem","position":1,"name":"Inici","item":"https:\/\/fundaciocatalunyacultura.cat\/es\/"},{"@type":"ListItem","position":2,"name":"La Fundaci\u00f3n EY y la agencia MUT, nuevos miembros de la Fundaci\u00f3n"}]},{"@type":"WebSite","@id":"https:\/\/fundaciocatalunyacultura.cat\/#website","url":"https:\/\/fundaciocatalunyacultura.cat\/","name":"Fundaci\u00f3 Catalunya Cultura","description":"","publisher":{"@id":"https:\/\/fundaciocatalunyacultura.cat\/#organization"},"potentialAction":[{"@type":"SearchAction","target":{"@type":"EntryPoint","urlTemplate":"https:\/\/fundaciocatalunyacultura.cat\/?s={search_term_string}"},"query-input":{"@type":"PropertyValueSpecification","valueRequired":true,"valueName":"search_term_string"}}],"inLanguage":"es"},{"@type":"Organization","@id":"https:\/\/fundaciocatalunyacultura.cat\/#organization","name":"Fundaci\u00f3 Catalunya Cultura","url":"https:\/\/fundaciocatalunyacultura.cat\/","logo":{"@type":"ImageObject","inLanguage":"es","@id":"https:\/\/fundaciocatalunyacultura.cat\/#\/schema\/logo\/image\/","url":"https:\/\/hundreds-wordpress-uploads.s3.amazonaws.com\/fundacio-catalunya-cultura\/uploads\/2021\/03\/fcc_logo_blanc-scaled.jpeg","contentUrl":"https:\/\/hundreds-wordpress-uploads.s3.amazonaws.com\/fundacio-catalunya-cultura\/uploads\/2021\/03\/fcc_logo_blanc-scaled.jpeg","width":2560,"height":1785,"caption":"Fundaci\u00f3 Catalunya Cultura"},"image":{"@id":"https:\/\/fundaciocatalunyacultura.cat\/#\/schema\/logo\/image\/"},"sameAs":["https:\/\/www.facebook.com\/fundaciocatalunyacultura\/","https:\/\/x.com\/fcatcultura","https:\/\/www.linkedin.com\/company\/fundaci\u00f3-catalunya-cultura\/","https:\/\/ca.wikipedia.org\/wiki\/Fundaci\u00f3_Catalunya_Cultura"]},{"@type":"Person","@id":"https:\/\/fundaciocatalunyacultura.cat\/#\/schema\/person\/f30f60b8448aa2c1761a644f652a4744","name":"fundacio","image":{"@type":"ImageObject","inLanguage":"es","@id":"https:\/\/fundaciocatalunyacultura.cat\/#\/schema\/person\/image\/","url":"https:\/\/secure.gravatar.com\/avatar\/fe57a3f139ea81c65a338e37a8064b4e80844f839737532820c9107eb9e1966f?s=96&d=mm&r=g","contentUrl":"https:\/\/secure.gravatar.com\/avatar\/fe57a3f139ea81c65a338e37a8064b4e80844f839737532820c9107eb9e1966f?s=96&d=mm&r=g","caption":"fundacio"},"url":"https:\/\/fundaciocatalunyacultura.cat\/es\/author\/fundacio\/"}]}},"_links":{"self":[{"href":"https:\/\/fundaciocatalunyacultura.cat\/es\/wp-json\/wp\/v2\/posts\/23527","targetHints":{"allow":["GET"]}}],"collection":[{"href":"https:\/\/fundaciocatalunyacultura.cat\/es\/wp-json\/wp\/v2\/posts"}],"about":[{"href":"https:\/\/fundaciocatalunyacultura.cat\/es\/wp-json\/wp\/v2\/types\/post"}],"author":[{"embeddable":true,"href":"https:\/\/fundaciocatalunyacultura.cat\/es\/wp-json\/wp\/v2\/users\/1"}],"replies":[{"embeddable":true,"href":"https:\/\/fundaciocatalunyacultura.cat\/es\/wp-json\/wp\/v2\/comments?post=23527"}],"version-history":[{"count":5,"href":"https:\/\/fundaciocatalunyacultura.cat\/es\/wp-json\/wp\/v2\/posts\/23527\/revisions"}],"predecessor-version":[{"id":23699,"href":"https:\/\/fundaciocatalunyacultura.cat\/es\/wp-json\/wp\/v2\/posts\/23527\/revisions\/23699"}],"wp:attachment":[{"href":"https:\/\/fundaciocatalunyacultura.cat\/es\/wp-json\/wp\/v2\/media?parent=23527"}],"wp:term":[{"taxonomy":"category","embeddable":true,"href":"https:\/\/fundaciocatalunyacultura.cat\/es\/wp-json\/wp\/v2\/categories?post=23527"}],"curies":[{"name":"wp","href":"https:\/\/api.w.org\/{rel}","templated":true}]}}