{"id":23311,"date":"2025-01-31T10:29:56","date_gmt":"2025-01-31T10:29:56","guid":{"rendered":"https:\/\/www.fundaciocatalunyacultura.cat\/?p=23311"},"modified":"2025-01-31T20:10:30","modified_gmt":"2025-01-31T20:10:30","slug":"maite-esteve-a-la-afterwork-del-periodico-todo-el-mundo-puede-ser-mecenas-solo-hace-falta-voluntad-y-corresponsabilidad-con-tu-entorno","status":"publish","type":"post","link":"https:\/\/fundaciocatalunyacultura.cat\/es\/maite-esteve-a-la-afterwork-del-periodico-todo-el-mundo-puede-ser-mecenas-solo-hace-falta-voluntad-y-corresponsabilidad-con-tu-entorno\/","title":{"rendered":"Maite Esteve en el #Afterwork de El Peri\u00f3dico: \u201cTodo el mundo puede ser mecenas. Solo hace falta voluntad y corresponsabilidad con tu entorno\u201d"},"content":{"rendered":"<p>La directora de la Fundaci\u00f3n, <strong>Maite Esteve<\/strong>, ha sido la invitada del primer <strong>#Afterwork<\/strong> de este a\u00f1o de <strong>El Peri\u00f3dico<\/strong>, el ciclo de conferencias que conduce el director del diario, <strong>Albert S\u00e1ez<\/strong>. Cerca de 90 personas asistieron ayer por la tarde a este interesante debate que tuvo lugar en <strong>CASA SEAT<\/strong>, entre ellos representantes del sector cultural, empresarial y de la administraci\u00f3n p\u00fablica<\/p>\n<p>La sesi\u00f3n se centr\u00f3 en el \u00e1mbito del <strong>mecenazgo<\/strong> y en cuestiones de actualidad entorno al marco legislativo que lo regula, como la propuesta de Ley catalana de mecenazgo elaborada por la Fundaci\u00f3n y que recientemente se ha registrado en el Parlamento de Catalu\u00f1a. Adem\u00e1s, Maite Esteve explic\u00f3 las principales l\u00edneas de actuaci\u00f3n que la Fundaci\u00f3n ha desarrollado a lo largo de sus 10 a\u00f1os de historia haciendo especial \u00e9nfasis en el logro de la reforma de la Ley espa\u00f1ola de mecenazgo, en vigor desde el 1 de enero del 2024, y en el acompa\u00f1amiento y formaci\u00f3n que la entidad hace a proyectos culturales mediante el Programa IMPULSA CULTURA.<\/p>\n<h2><\/h2>\n<h2><img loading=\"lazy\" decoding=\"async\" class=\"aligncenter wp-image-23292\" src=\"https:\/\/hundreds-wordpress-uploads.s3.amazonaws.com\/fundacio-catalunya-cultura\/uploads\/2025\/01\/Afterwork-2.jpg\" alt=\"\" width=\"855\" height=\"504\" \/><\/h2>\n<h2><\/h2>\n<p><span style=\"font-size: 18pt;\"><strong>Las 10 frases clave del #Afterwork:<\/strong><\/span><\/p>\n<p>\u2013 \u201cNo hay que ser millonario para ser mecenas. Todo el mundo puede ser mecenas. Solo es\u00a0necesario voluntad y corresponsabilidad con tu entorno\u201d.<\/p>\n<p>\u2013 \u201cEl mecenazgo en el s. XXI lo entiendo como la participaci\u00f3n y la corresponsabilidad ciudadana con el inter\u00e9s general, a cambio de nada, por amor, sencillamente por el inter\u00e9s de mejorar tu entorno\u201d.<\/p>\n<p>\u2013 \u201cEl talento para desarrollarse necesita recursos. El talento con recursos mejora la sociedad, la econom\u00eda, tu entorno, el territorio; el pa\u00eds es mejor. El talento sin recurso provoca la merma de talento o la fuga de talento\u201d.<\/p>\n<p>\u2013 \u201cCatalu\u00f1a ha sido hist\u00f3ricamente una m\u00e1quina de talento. Somos innovadores, creadores y lo hemos sido siempre. No olvidemos a la burgues\u00eda catalana que a finales del s. XIX y principios del s. XX apost\u00f3 por el talento. Todav\u00eda hoy en d\u00eda vivimos de este r\u00e9dito, que todav\u00eda genera muchos recursos\u201d.<\/p>\n<p>\u2013 \u201cLa cultura preserva el pasado, pero siempre es la que te presenta el futuro, se hace preguntas, por eso es inc\u00f3moda, porque te lleva hacia lugares donde otros \u00e1mbitos econ\u00f3micos no te pueden llevar\u201d.<\/p>\n<p>\u2013 \u201cEn Catalu\u00f1a tenemos gente muy potente con el hecho cultural, pero que no se han formado en gesti\u00f3n\u201d.<\/p>\n<p>\u2013 \u201cEn nuestra sociedad el mecenazgo tiene connotaciones negativas. Tenemos que construir desde la empresa y desde la sociedad un reconocimiento y una mirada positiva hacia el mecenazgo\u201d.<\/p>\n<p>\u2013 \u201cCatalu\u00f1a es una de las comunidades aut\u00f3nomas m\u00e1s solidarias de Espa\u00f1a y no tiene una ley propia de mecenazgo. Hace unos d\u00edas se ha registrado la propuesta de Ley catalana de mecenazgo en el Parlamento, que incorpora la figura innovadora del cr\u00e9dito fiscal. Si todo va bien, en un a\u00f1o la podemos tener aprobada. Se tiene que hacer justicia\u201d.<\/p>\n<p>\u2013 \u201cMe encantar\u00eda que Catalu\u00f1a volviera a ser pionera en Europa en mecenazgo\u201d.<\/p>\n<p>\u2013 \u201cEn la Fundaci\u00f3n Catalu\u00f1a Cultura construimos puentes entre el sector cultural y empresarial. Muy a menudo son mundos que no se encuentran y desde la Fundaci\u00f3n buscamos constantemente sinergias entre los dos\u00bb.<\/p>\n","protected":false},"excerpt":{"rendered":"<p>La directora de la Fundaci\u00f3n, Maite Esteve, ha sido la invitada del primer #Afterwork de este a\u00f1o de El Peri\u00f3dico, el ciclo de conferencias que conduce el director del diario, Albert S\u00e1ez. Cerca de 90 personas asistieron ayer por la tarde a este interesante debate que tuvo lugar en CASA SEAT, entre ellos representantes del [&hellip;]<\/p>\n","protected":false},"author":1,"featured_media":0,"comment_status":"closed","ping_status":"closed","sticky":false,"template":"","format":"standard","meta":{"_acf_changed":false,"footnotes":""},"categories":[44],"class_list":["post-23311","post","type-post","status-publish","format-standard","hentry","category-noticias"],"acf":[],"yoast_head":"<!-- This site is optimized with the Yoast SEO plugin v25.1 - https:\/\/yoast.com\/wordpress\/plugins\/seo\/ -->\n<title>Maite Esteve en el #Afterwork de El Peri\u00f3dico: \u201cTodo el mundo puede ser mecenas. Solo hace falta voluntad y corresponsabilidad con tu entorno\u201d | Fundaci\u00f3 Catalunya Cultura<\/title>\n<meta name=\"robots\" content=\"index, follow, max-snippet:-1, max-image-preview:large, max-video-preview:-1\" \/>\n<link rel=\"canonical\" href=\"https:\/\/fundaciocatalunyacultura.cat\/es\/maite-esteve-a-la-afterwork-del-periodico-todo-el-mundo-puede-ser-mecenas-solo-hace-falta-voluntad-y-corresponsabilidad-con-tu-entorno\/\" \/>\n<meta property=\"og:locale\" content=\"es_ES\" \/>\n<meta property=\"og:type\" content=\"article\" \/>\n<meta property=\"og:title\" content=\"Maite Esteve en el #Afterwork de El Peri\u00f3dico: \u201cTodo el mundo puede ser mecenas. Solo hace falta voluntad y corresponsabilidad con tu entorno\u201d | Fundaci\u00f3 Catalunya Cultura\" \/>\n<meta property=\"og:description\" content=\"La directora de la Fundaci\u00f3n, Maite Esteve, ha sido la invitada del primer #Afterwork de este a\u00f1o de El Peri\u00f3dico, el ciclo de conferencias que conduce el director del diario, Albert S\u00e1ez. Cerca de 90 personas asistieron ayer por la tarde a este interesante debate que tuvo lugar en CASA SEAT, entre ellos representantes del [&hellip;]\" \/>\n<meta property=\"og:url\" content=\"https:\/\/fundaciocatalunyacultura.cat\/es\/maite-esteve-a-la-afterwork-del-periodico-todo-el-mundo-puede-ser-mecenas-solo-hace-falta-voluntad-y-corresponsabilidad-con-tu-entorno\/\" \/>\n<meta property=\"og:site_name\" content=\"Fundaci\u00f3 Catalunya Cultura\" \/>\n<meta property=\"article:publisher\" content=\"https:\/\/www.facebook.com\/fundaciocatalunyacultura\/\" \/>\n<meta property=\"article:published_time\" content=\"2025-01-31T10:29:56+00:00\" \/>\n<meta property=\"article:modified_time\" content=\"2025-01-31T20:10:30+00:00\" \/>\n<meta property=\"og:image\" content=\"https:\/\/hundreds-wordpress-uploads.s3.amazonaws.com\/fundacio-catalunya-cultura\/uploads\/2025\/01\/Afterwork-2.jpg\" \/>\n<meta name=\"author\" content=\"fundacio\" \/>\n<meta name=\"twitter:card\" content=\"summary_large_image\" \/>\n<meta name=\"twitter:creator\" content=\"@fcatcultura\" \/>\n<meta name=\"twitter:site\" content=\"@fcatcultura\" \/>\n<meta name=\"twitter:label1\" content=\"Escrito por\" \/>\n\t<meta name=\"twitter:data1\" content=\"fundacio\" \/>\n\t<meta name=\"twitter:label2\" content=\"Tiempo de lectura\" \/>\n\t<meta name=\"twitter:data2\" content=\"3 minutos\" \/>\n<script type=\"application\/ld+json\" class=\"yoast-schema-graph\">{\"@context\":\"https:\/\/schema.org\",\"@graph\":[{\"@type\":\"Article\",\"@id\":\"https:\/\/fundaciocatalunyacultura.cat\/es\/maite-esteve-a-la-afterwork-del-periodico-todo-el-mundo-puede-ser-mecenas-solo-hace-falta-voluntad-y-corresponsabilidad-con-tu-entorno\/#article\",\"isPartOf\":{\"@id\":\"https:\/\/fundaciocatalunyacultura.cat\/es\/maite-esteve-a-la-afterwork-del-periodico-todo-el-mundo-puede-ser-mecenas-solo-hace-falta-voluntad-y-corresponsabilidad-con-tu-entorno\/\"},\"author\":{\"name\":\"fundacio\",\"@id\":\"https:\/\/www.fundaciocatalunyacultura.cat\/#\/schema\/person\/f30f60b8448aa2c1761a644f652a4744\"},\"headline\":\"Maite Esteve en el #Afterwork de El Peri\u00f3dico: \u201cTodo el mundo puede ser mecenas. Solo hace falta voluntad y corresponsabilidad con tu entorno\u201d\",\"datePublished\":\"2025-01-31T10:29:56+00:00\",\"dateModified\":\"2025-01-31T20:10:30+00:00\",\"mainEntityOfPage\":{\"@id\":\"https:\/\/fundaciocatalunyacultura.cat\/es\/maite-esteve-a-la-afterwork-del-periodico-todo-el-mundo-puede-ser-mecenas-solo-hace-falta-voluntad-y-corresponsabilidad-con-tu-entorno\/\"},\"wordCount\":568,\"publisher\":{\"@id\":\"https:\/\/www.fundaciocatalunyacultura.cat\/#organization\"},\"image\":{\"@id\":\"https:\/\/fundaciocatalunyacultura.cat\/es\/maite-esteve-a-la-afterwork-del-periodico-todo-el-mundo-puede-ser-mecenas-solo-hace-falta-voluntad-y-corresponsabilidad-con-tu-entorno\/#primaryimage\"},\"thumbnailUrl\":\"https:\/\/hundreds-wordpress-uploads.s3.amazonaws.com\/fundacio-catalunya-cultura\/uploads\/2025\/01\/Afterwork-2.jpg\",\"articleSection\":[\"Noticias\"],\"inLanguage\":\"es\"},{\"@type\":\"WebPage\",\"@id\":\"https:\/\/fundaciocatalunyacultura.cat\/es\/maite-esteve-a-la-afterwork-del-periodico-todo-el-mundo-puede-ser-mecenas-solo-hace-falta-voluntad-y-corresponsabilidad-con-tu-entorno\/\",\"url\":\"https:\/\/fundaciocatalunyacultura.cat\/es\/maite-esteve-a-la-afterwork-del-periodico-todo-el-mundo-puede-ser-mecenas-solo-hace-falta-voluntad-y-corresponsabilidad-con-tu-entorno\/\",\"name\":\"Maite Esteve en el #Afterwork de El Peri\u00f3dico: \u201cTodo el mundo puede ser mecenas. Solo hace falta voluntad y corresponsabilidad con tu entorno\u201d | Fundaci\u00f3 Catalunya Cultura\",\"isPartOf\":{\"@id\":\"https:\/\/www.fundaciocatalunyacultura.cat\/#website\"},\"primaryImageOfPage\":{\"@id\":\"https:\/\/fundaciocatalunyacultura.cat\/es\/maite-esteve-a-la-afterwork-del-periodico-todo-el-mundo-puede-ser-mecenas-solo-hace-falta-voluntad-y-corresponsabilidad-con-tu-entorno\/#primaryimage\"},\"image\":{\"@id\":\"https:\/\/fundaciocatalunyacultura.cat\/es\/maite-esteve-a-la-afterwork-del-periodico-todo-el-mundo-puede-ser-mecenas-solo-hace-falta-voluntad-y-corresponsabilidad-con-tu-entorno\/#primaryimage\"},\"thumbnailUrl\":\"https:\/\/hundreds-wordpress-uploads.s3.amazonaws.com\/fundacio-catalunya-cultura\/uploads\/2025\/01\/Afterwork-2.jpg\",\"datePublished\":\"2025-01-31T10:29:56+00:00\",\"dateModified\":\"2025-01-31T20:10:30+00:00\",\"breadcrumb\":{\"@id\":\"https:\/\/fundaciocatalunyacultura.cat\/es\/maite-esteve-a-la-afterwork-del-periodico-todo-el-mundo-puede-ser-mecenas-solo-hace-falta-voluntad-y-corresponsabilidad-con-tu-entorno\/#breadcrumb\"},\"inLanguage\":\"es\",\"potentialAction\":[{\"@type\":\"ReadAction\",\"target\":[\"https:\/\/fundaciocatalunyacultura.cat\/es\/maite-esteve-a-la-afterwork-del-periodico-todo-el-mundo-puede-ser-mecenas-solo-hace-falta-voluntad-y-corresponsabilidad-con-tu-entorno\/\"]}]},{\"@type\":\"ImageObject\",\"inLanguage\":\"es\",\"@id\":\"https:\/\/fundaciocatalunyacultura.cat\/es\/maite-esteve-a-la-afterwork-del-periodico-todo-el-mundo-puede-ser-mecenas-solo-hace-falta-voluntad-y-corresponsabilidad-con-tu-entorno\/#primaryimage\",\"url\":\"https:\/\/hundreds-wordpress-uploads.s3.amazonaws.com\/fundacio-catalunya-cultura\/uploads\/2025\/01\/Afterwork-2.jpg\",\"contentUrl\":\"https:\/\/hundreds-wordpress-uploads.s3.amazonaws.com\/fundacio-catalunya-cultura\/uploads\/2025\/01\/Afterwork-2.jpg\"},{\"@type\":\"BreadcrumbList\",\"@id\":\"https:\/\/fundaciocatalunyacultura.cat\/es\/maite-esteve-a-la-afterwork-del-periodico-todo-el-mundo-puede-ser-mecenas-solo-hace-falta-voluntad-y-corresponsabilidad-con-tu-entorno\/#breadcrumb\",\"itemListElement\":[{\"@type\":\"ListItem\",\"position\":1,\"name\":\"Inici\",\"item\":\"https:\/\/www.fundaciocatalunyacultura.cat\/es\/\"},{\"@type\":\"ListItem\",\"position\":2,\"name\":\"Maite Esteve en el #Afterwork de El Peri\u00f3dico: \u201cTodo el mundo puede ser mecenas. Solo hace falta voluntad y corresponsabilidad con tu entorno\u201d\"}]},{\"@type\":\"WebSite\",\"@id\":\"https:\/\/www.fundaciocatalunyacultura.cat\/#website\",\"url\":\"https:\/\/www.fundaciocatalunyacultura.cat\/\",\"name\":\"Fundaci\u00f3 Catalunya Cultura\",\"description\":\"\",\"publisher\":{\"@id\":\"https:\/\/www.fundaciocatalunyacultura.cat\/#organization\"},\"potentialAction\":[{\"@type\":\"SearchAction\",\"target\":{\"@type\":\"EntryPoint\",\"urlTemplate\":\"https:\/\/www.fundaciocatalunyacultura.cat\/?s={search_term_string}\"},\"query-input\":{\"@type\":\"PropertyValueSpecification\",\"valueRequired\":true,\"valueName\":\"search_term_string\"}}],\"inLanguage\":\"es\"},{\"@type\":\"Organization\",\"@id\":\"https:\/\/www.fundaciocatalunyacultura.cat\/#organization\",\"name\":\"Fundaci\u00f3 Catalunya Cultura\",\"url\":\"https:\/\/www.fundaciocatalunyacultura.cat\/\",\"logo\":{\"@type\":\"ImageObject\",\"inLanguage\":\"es\",\"@id\":\"https:\/\/www.fundaciocatalunyacultura.cat\/#\/schema\/logo\/image\/\",\"url\":\"https:\/\/hundreds-wordpress-uploads.s3.amazonaws.com\/fundacio-catalunya-cultura\/uploads\/2021\/03\/fcc_logo_blanc-scaled.jpeg\",\"contentUrl\":\"https:\/\/hundreds-wordpress-uploads.s3.amazonaws.com\/fundacio-catalunya-cultura\/uploads\/2021\/03\/fcc_logo_blanc-scaled.jpeg\",\"width\":2560,\"height\":1785,\"caption\":\"Fundaci\u00f3 Catalunya Cultura\"},\"image\":{\"@id\":\"https:\/\/www.fundaciocatalunyacultura.cat\/#\/schema\/logo\/image\/\"},\"sameAs\":[\"https:\/\/www.facebook.com\/fundaciocatalunyacultura\/\",\"https:\/\/x.com\/fcatcultura\",\"https:\/\/www.linkedin.com\/company\/fundaci\u00f3-catalunya-cultura\/\",\"https:\/\/ca.wikipedia.org\/wiki\/Fundaci\u00f3_Catalunya_Cultura\"]},{\"@type\":\"Person\",\"@id\":\"https:\/\/www.fundaciocatalunyacultura.cat\/#\/schema\/person\/f30f60b8448aa2c1761a644f652a4744\",\"name\":\"fundacio\",\"image\":{\"@type\":\"ImageObject\",\"inLanguage\":\"es\",\"@id\":\"https:\/\/www.fundaciocatalunyacultura.cat\/#\/schema\/person\/image\/\",\"url\":\"https:\/\/secure.gravatar.com\/avatar\/fe57a3f139ea81c65a338e37a8064b4e80844f839737532820c9107eb9e1966f?s=96&d=mm&r=g\",\"contentUrl\":\"https:\/\/secure.gravatar.com\/avatar\/fe57a3f139ea81c65a338e37a8064b4e80844f839737532820c9107eb9e1966f?s=96&d=mm&r=g\",\"caption\":\"fundacio\"},\"url\":\"https:\/\/fundaciocatalunyacultura.cat\/es\/author\/fundacio\/\"}]}<\/script>\n<!-- \/ Yoast SEO plugin. -->","yoast_head_json":{"title":"Maite Esteve en el #Afterwork de El Peri\u00f3dico: \u201cTodo el mundo puede ser mecenas. Solo hace falta voluntad y corresponsabilidad con tu entorno\u201d | Fundaci\u00f3 Catalunya Cultura","robots":{"index":"index","follow":"follow","max-snippet":"max-snippet:-1","max-image-preview":"max-image-preview:large","max-video-preview":"max-video-preview:-1"},"canonical":"https:\/\/fundaciocatalunyacultura.cat\/es\/maite-esteve-a-la-afterwork-del-periodico-todo-el-mundo-puede-ser-mecenas-solo-hace-falta-voluntad-y-corresponsabilidad-con-tu-entorno\/","og_locale":"es_ES","og_type":"article","og_title":"Maite Esteve en el #Afterwork de El Peri\u00f3dico: \u201cTodo el mundo puede ser mecenas. Solo hace falta voluntad y corresponsabilidad con tu entorno\u201d | Fundaci\u00f3 Catalunya Cultura","og_description":"La directora de la Fundaci\u00f3n, Maite Esteve, ha sido la invitada del primer #Afterwork de este a\u00f1o de El Peri\u00f3dico, el ciclo de conferencias que conduce el director del diario, Albert S\u00e1ez. Cerca de 90 personas asistieron ayer por la tarde a este interesante debate que tuvo lugar en CASA SEAT, entre ellos representantes del [&hellip;]","og_url":"https:\/\/fundaciocatalunyacultura.cat\/es\/maite-esteve-a-la-afterwork-del-periodico-todo-el-mundo-puede-ser-mecenas-solo-hace-falta-voluntad-y-corresponsabilidad-con-tu-entorno\/","og_site_name":"Fundaci\u00f3 Catalunya Cultura","article_publisher":"https:\/\/www.facebook.com\/fundaciocatalunyacultura\/","article_published_time":"2025-01-31T10:29:56+00:00","article_modified_time":"2025-01-31T20:10:30+00:00","og_image":[{"url":"https:\/\/hundreds-wordpress-uploads.s3.amazonaws.com\/fundacio-catalunya-cultura\/uploads\/2025\/01\/Afterwork-2.jpg","type":"","width":"","height":""}],"author":"fundacio","twitter_card":"summary_large_image","twitter_creator":"@fcatcultura","twitter_site":"@fcatcultura","twitter_misc":{"Escrito por":"fundacio","Tiempo de lectura":"3 minutos"},"schema":{"@context":"https:\/\/schema.org","@graph":[{"@type":"Article","@id":"https:\/\/fundaciocatalunyacultura.cat\/es\/maite-esteve-a-la-afterwork-del-periodico-todo-el-mundo-puede-ser-mecenas-solo-hace-falta-voluntad-y-corresponsabilidad-con-tu-entorno\/#article","isPartOf":{"@id":"https:\/\/fundaciocatalunyacultura.cat\/es\/maite-esteve-a-la-afterwork-del-periodico-todo-el-mundo-puede-ser-mecenas-solo-hace-falta-voluntad-y-corresponsabilidad-con-tu-entorno\/"},"author":{"name":"fundacio","@id":"https:\/\/www.fundaciocatalunyacultura.cat\/#\/schema\/person\/f30f60b8448aa2c1761a644f652a4744"},"headline":"Maite Esteve en el #Afterwork de El Peri\u00f3dico: \u201cTodo el mundo puede ser mecenas. Solo hace falta voluntad y corresponsabilidad con tu entorno\u201d","datePublished":"2025-01-31T10:29:56+00:00","dateModified":"2025-01-31T20:10:30+00:00","mainEntityOfPage":{"@id":"https:\/\/fundaciocatalunyacultura.cat\/es\/maite-esteve-a-la-afterwork-del-periodico-todo-el-mundo-puede-ser-mecenas-solo-hace-falta-voluntad-y-corresponsabilidad-con-tu-entorno\/"},"wordCount":568,"publisher":{"@id":"https:\/\/www.fundaciocatalunyacultura.cat\/#organization"},"image":{"@id":"https:\/\/fundaciocatalunyacultura.cat\/es\/maite-esteve-a-la-afterwork-del-periodico-todo-el-mundo-puede-ser-mecenas-solo-hace-falta-voluntad-y-corresponsabilidad-con-tu-entorno\/#primaryimage"},"thumbnailUrl":"https:\/\/hundreds-wordpress-uploads.s3.amazonaws.com\/fundacio-catalunya-cultura\/uploads\/2025\/01\/Afterwork-2.jpg","articleSection":["Noticias"],"inLanguage":"es"},{"@type":"WebPage","@id":"https:\/\/fundaciocatalunyacultura.cat\/es\/maite-esteve-a-la-afterwork-del-periodico-todo-el-mundo-puede-ser-mecenas-solo-hace-falta-voluntad-y-corresponsabilidad-con-tu-entorno\/","url":"https:\/\/fundaciocatalunyacultura.cat\/es\/maite-esteve-a-la-afterwork-del-periodico-todo-el-mundo-puede-ser-mecenas-solo-hace-falta-voluntad-y-corresponsabilidad-con-tu-entorno\/","name":"Maite Esteve en el #Afterwork de El Peri\u00f3dico: \u201cTodo el mundo puede ser mecenas. Solo hace falta voluntad y corresponsabilidad con tu entorno\u201d | Fundaci\u00f3 Catalunya Cultura","isPartOf":{"@id":"https:\/\/www.fundaciocatalunyacultura.cat\/#website"},"primaryImageOfPage":{"@id":"https:\/\/fundaciocatalunyacultura.cat\/es\/maite-esteve-a-la-afterwork-del-periodico-todo-el-mundo-puede-ser-mecenas-solo-hace-falta-voluntad-y-corresponsabilidad-con-tu-entorno\/#primaryimage"},"image":{"@id":"https:\/\/fundaciocatalunyacultura.cat\/es\/maite-esteve-a-la-afterwork-del-periodico-todo-el-mundo-puede-ser-mecenas-solo-hace-falta-voluntad-y-corresponsabilidad-con-tu-entorno\/#primaryimage"},"thumbnailUrl":"https:\/\/hundreds-wordpress-uploads.s3.amazonaws.com\/fundacio-catalunya-cultura\/uploads\/2025\/01\/Afterwork-2.jpg","datePublished":"2025-01-31T10:29:56+00:00","dateModified":"2025-01-31T20:10:30+00:00","breadcrumb":{"@id":"https:\/\/fundaciocatalunyacultura.cat\/es\/maite-esteve-a-la-afterwork-del-periodico-todo-el-mundo-puede-ser-mecenas-solo-hace-falta-voluntad-y-corresponsabilidad-con-tu-entorno\/#breadcrumb"},"inLanguage":"es","potentialAction":[{"@type":"ReadAction","target":["https:\/\/fundaciocatalunyacultura.cat\/es\/maite-esteve-a-la-afterwork-del-periodico-todo-el-mundo-puede-ser-mecenas-solo-hace-falta-voluntad-y-corresponsabilidad-con-tu-entorno\/"]}]},{"@type":"ImageObject","inLanguage":"es","@id":"https:\/\/fundaciocatalunyacultura.cat\/es\/maite-esteve-a-la-afterwork-del-periodico-todo-el-mundo-puede-ser-mecenas-solo-hace-falta-voluntad-y-corresponsabilidad-con-tu-entorno\/#primaryimage","url":"https:\/\/hundreds-wordpress-uploads.s3.amazonaws.com\/fundacio-catalunya-cultura\/uploads\/2025\/01\/Afterwork-2.jpg","contentUrl":"https:\/\/hundreds-wordpress-uploads.s3.amazonaws.com\/fundacio-catalunya-cultura\/uploads\/2025\/01\/Afterwork-2.jpg"},{"@type":"BreadcrumbList","@id":"https:\/\/fundaciocatalunyacultura.cat\/es\/maite-esteve-a-la-afterwork-del-periodico-todo-el-mundo-puede-ser-mecenas-solo-hace-falta-voluntad-y-corresponsabilidad-con-tu-entorno\/#breadcrumb","itemListElement":[{"@type":"ListItem","position":1,"name":"Inici","item":"https:\/\/www.fundaciocatalunyacultura.cat\/es\/"},{"@type":"ListItem","position":2,"name":"Maite Esteve en el #Afterwork de El Peri\u00f3dico: \u201cTodo el mundo puede ser mecenas. Solo hace falta voluntad y corresponsabilidad con tu entorno\u201d"}]},{"@type":"WebSite","@id":"https:\/\/www.fundaciocatalunyacultura.cat\/#website","url":"https:\/\/www.fundaciocatalunyacultura.cat\/","name":"Fundaci\u00f3 Catalunya Cultura","description":"","publisher":{"@id":"https:\/\/www.fundaciocatalunyacultura.cat\/#organization"},"potentialAction":[{"@type":"SearchAction","target":{"@type":"EntryPoint","urlTemplate":"https:\/\/www.fundaciocatalunyacultura.cat\/?s={search_term_string}"},"query-input":{"@type":"PropertyValueSpecification","valueRequired":true,"valueName":"search_term_string"}}],"inLanguage":"es"},{"@type":"Organization","@id":"https:\/\/www.fundaciocatalunyacultura.cat\/#organization","name":"Fundaci\u00f3 Catalunya Cultura","url":"https:\/\/www.fundaciocatalunyacultura.cat\/","logo":{"@type":"ImageObject","inLanguage":"es","@id":"https:\/\/www.fundaciocatalunyacultura.cat\/#\/schema\/logo\/image\/","url":"https:\/\/hundreds-wordpress-uploads.s3.amazonaws.com\/fundacio-catalunya-cultura\/uploads\/2021\/03\/fcc_logo_blanc-scaled.jpeg","contentUrl":"https:\/\/hundreds-wordpress-uploads.s3.amazonaws.com\/fundacio-catalunya-cultura\/uploads\/2021\/03\/fcc_logo_blanc-scaled.jpeg","width":2560,"height":1785,"caption":"Fundaci\u00f3 Catalunya Cultura"},"image":{"@id":"https:\/\/www.fundaciocatalunyacultura.cat\/#\/schema\/logo\/image\/"},"sameAs":["https:\/\/www.facebook.com\/fundaciocatalunyacultura\/","https:\/\/x.com\/fcatcultura","https:\/\/www.linkedin.com\/company\/fundaci\u00f3-catalunya-cultura\/","https:\/\/ca.wikipedia.org\/wiki\/Fundaci\u00f3_Catalunya_Cultura"]},{"@type":"Person","@id":"https:\/\/www.fundaciocatalunyacultura.cat\/#\/schema\/person\/f30f60b8448aa2c1761a644f652a4744","name":"fundacio","image":{"@type":"ImageObject","inLanguage":"es","@id":"https:\/\/www.fundaciocatalunyacultura.cat\/#\/schema\/person\/image\/","url":"https:\/\/secure.gravatar.com\/avatar\/fe57a3f139ea81c65a338e37a8064b4e80844f839737532820c9107eb9e1966f?s=96&d=mm&r=g","contentUrl":"https:\/\/secure.gravatar.com\/avatar\/fe57a3f139ea81c65a338e37a8064b4e80844f839737532820c9107eb9e1966f?s=96&d=mm&r=g","caption":"fundacio"},"url":"https:\/\/fundaciocatalunyacultura.cat\/es\/author\/fundacio\/"}]}},"_links":{"self":[{"href":"https:\/\/fundaciocatalunyacultura.cat\/es\/wp-json\/wp\/v2\/posts\/23311","targetHints":{"allow":["GET"]}}],"collection":[{"href":"https:\/\/fundaciocatalunyacultura.cat\/es\/wp-json\/wp\/v2\/posts"}],"about":[{"href":"https:\/\/fundaciocatalunyacultura.cat\/es\/wp-json\/wp\/v2\/types\/post"}],"author":[{"embeddable":true,"href":"https:\/\/fundaciocatalunyacultura.cat\/es\/wp-json\/wp\/v2\/users\/1"}],"replies":[{"embeddable":true,"href":"https:\/\/fundaciocatalunyacultura.cat\/es\/wp-json\/wp\/v2\/comments?post=23311"}],"version-history":[{"count":8,"href":"https:\/\/fundaciocatalunyacultura.cat\/es\/wp-json\/wp\/v2\/posts\/23311\/revisions"}],"predecessor-version":[{"id":23356,"href":"https:\/\/fundaciocatalunyacultura.cat\/es\/wp-json\/wp\/v2\/posts\/23311\/revisions\/23356"}],"wp:attachment":[{"href":"https:\/\/fundaciocatalunyacultura.cat\/es\/wp-json\/wp\/v2\/media?parent=23311"}],"wp:term":[{"taxonomy":"category","embeddable":true,"href":"https:\/\/fundaciocatalunyacultura.cat\/es\/wp-json\/wp\/v2\/categories?post=23311"}],"curies":[{"name":"wp","href":"https:\/\/api.w.org\/{rel}","templated":true}]}}