{"id":22928,"date":"2025-01-23T09:59:40","date_gmt":"2025-01-23T09:59:40","guid":{"rendered":"https:\/\/www.fundaciocatalunyacultura.cat\/?p=22928"},"modified":"2025-01-23T10:04:30","modified_gmt":"2025-01-23T10:04:30","slug":"entrevista-a-rcr-arquitectes-parte-ii-la-arquitectura-no-se-trata-solamente-de-construir-edificios-sino-de-crear-espacios-que-nutran-la-cultura-fomenten-la-comunidad-y-respeten-el-entorn","status":"publish","type":"post","link":"https:\/\/fundaciocatalunyacultura.cat\/es\/entrevista-a-rcr-arquitectes-parte-ii-la-arquitectura-no-se-trata-solamente-de-construir-edificios-sino-de-crear-espacios-que-nutran-la-cultura-fomenten-la-comunidad-y-respeten-el-entorn\/","title":{"rendered":"Entrevista a RCR Arquitectes (parte II): \u201cLa arquitectura no se trata solamente de construir edificios, sino de crear espacios que nutran la cultura, fomenten la comunidad y respeten el entorno\u201d"},"content":{"rendered":"<p><strong>En esta segunda parte de la entrevista a RCR Arquitectes, galardonados <\/strong><strong>con el Premio EMPRESA CULTURA 2024 a la peque\u00f1a empresa, <\/strong><strong>conversamos con los fundadores del estudio de Olot \u2013 Rafael Aranda, <\/strong><strong>Carme Pigem y Ramon Vilalta \u2013 sobre su visi\u00f3n de la arquitectura para <\/strong><strong>contribuir al desarrollo de la sociedad y sobre las acciones que habr\u00eda que <\/strong><strong>implementar para que las peque\u00f1as y medianas empresas se impliquen <\/strong><strong>en el mundo cultural. Adem\u00e1s, nos han explicado cu\u00e1les son sus<\/strong><br \/>\n<strong>principales l\u00edneas de trabajo para fomentar iniciativas culturales y los <\/strong><strong>objetivos de la fundaci\u00f3n que constituyeron en 2013 y que lleva por <\/strong><strong>nombre Bunka, \u201ccultura\u201d en japon\u00e9s.<\/strong><\/p>\n<p>&nbsp;<\/p>\n<p><strong>-Desde el punto de vista de RCR, \u00bfc\u00f3mo contribuye la arquitectura al <\/strong><strong>desarrollo cultural de la sociedad?<\/strong><br \/>\n-Desde la perspectiva de RCR Arquitectes, la arquitectura tiene un papel fundamental en el desarrollo cultural de la sociedad al ser un medio para expresar la identidad y los valores de una comunidad. Aqu\u00ed hay algunas<br \/>\nformas en que contribuyen a este desarrollo:<\/p>\n<ol>\n<li><strong>Identidad<\/strong>: RCR enfatiza la importancia de que la arquitectura refleje la cultura local y la historia de un lugar. Al dise\u00f1ar edificios que resuenen con la identidad de la comunidad, se fortalece el sentido de pertenencia y orgullo entre los habitantes.<\/li>\n<li><strong>Espacios de encuentro:<\/strong> La arquitectura puede crear espacios que fomenten la interacci\u00f3n social y el di\u00e1logo. RCR se enfoca en dise\u00f1ar lugares que inviten a la comunidad a reunirse, compartir y colaborar, lo que enriquece la vida cultural y social.<\/li>\n<li><strong>\u00a0Integraci\u00f3n con el entorno<\/strong>: La sensibilidad hacia el paisaje y el contexto natural es clave en el trabajo de RCR. Al integrar la arquitectura con su entorno, se promueve una relaci\u00f3n m\u00e1s profunda entre las personas y su entorno, lo que puede inspirar un mayor aprecio por la cultura y la naturaleza.<\/li>\n<li><strong>Innovaci\u00f3n y experimentaci\u00f3n:<\/strong> RCR tambi\u00e9n aboga por la innovaci\u00f3n en el dise\u00f1o arquitect\u00f3nico. Al experimentar con nuevas formas, materiales y t\u00e9cnicas, se pueden crear obras que desaf\u00eden las convenciones y estimulen la creatividad, lo que a su vez puede influir en la cultura contempor\u00e1nea.<\/li>\n<li><strong>Educaci\u00f3n y concienciaci\u00f3n<\/strong>: A trav\u00e9s de sus proyectos, RCR busca educar a la sociedad sobre la importancia de la arquitectura y su impacto en la vida cotidiana.<\/li>\n<\/ol>\n<p><img loading=\"lazy\" decoding=\"async\" class=\"aligncenter wp-image-22956\" src=\"https:\/\/hundreds-wordpress-uploads.s3.amazonaws.com\/fundacio-catalunya-cultura\/uploads\/2025\/01\/RCR-arquitectes-II.jpg\" alt=\"\" width=\"592\" height=\"395\" srcset=\"https:\/\/hundreds-wordpress-uploads.s3.amazonaws.com\/fundacio-catalunya-cultura\/uploads\/2025\/01\/RCR-arquitectes-II.jpg 2560w, https:\/\/hundreds-wordpress-uploads.s3.amazonaws.com\/fundacio-catalunya-cultura\/uploads\/2025\/01\/RCR-arquitectes-II-300x200.jpg 300w, https:\/\/hundreds-wordpress-uploads.s3.amazonaws.com\/fundacio-catalunya-cultura\/uploads\/2025\/01\/RCR-arquitectes-II-1024x683.jpg 1024w, https:\/\/hundreds-wordpress-uploads.s3.amazonaws.com\/fundacio-catalunya-cultura\/uploads\/2025\/01\/RCR-arquitectes-II-768x512.jpg 768w, https:\/\/hundreds-wordpress-uploads.s3.amazonaws.com\/fundacio-catalunya-cultura\/uploads\/2025\/01\/RCR-arquitectes-II-1536x1025.jpg 1536w, https:\/\/hundreds-wordpress-uploads.s3.amazonaws.com\/fundacio-catalunya-cultura\/uploads\/2025\/01\/RCR-arquitectes-II-2048x1366.jpg 2048w\" sizes=\"auto, (max-width: 592px) 100vw, 592px\" \/><\/p>\n<p><strong>-\u00bfQu\u00e9 iniciativas que lleva a cabo el estudio para impulsar la cultura <\/strong><strong>destacar\u00edais?<\/strong><br \/>\n-RCR Arquitectes ha llevado a cabo diversas iniciativas destacadas para impulsar la cultura, reflejando el compromiso con la comunidad y el entorno. Aqu\u00ed destacamos algunas:<\/p>\n<p><strong>1. Educaci\u00f3n y Talleres:<\/strong> RCR organiza talleres y conferencias que buscan sensibilizar a las nuevas generaciones sobre la importancia de la arquitectura y la relaci\u00f3n con la cultura y el medio ambiente.<\/p>\n<p>En los <strong>RCR Summer Workshop<\/strong> se une pr\u00e1ctica profesional con teor\u00eda, experiencia e investigaci\u00f3n, creatividad y transversalidad, condensando procesos complejos en un tiempo limitado, de creatividad compartida, para fomentar la capacidad de di\u00e1logo y una experiencia derivada de la observaci\u00f3n y la participaci\u00f3n.<\/p>\n<p>Paralelo al RCR Summer Workshop se desarrolla anualmente el <strong>RCR <\/strong><strong>Programa Obert<\/strong>, que ofrece una selecci\u00f3n interdisciplinaria de conferenciantes de alto nivel que conecta las artes y las ciencias como generadoras de cultura e ideas.<br \/>\nDesde 2018, ofrecemos los <strong>RCR Workshop en La Vila<\/strong>, que combina visitas a obras de RCR Arquitectes, charlas de expertos y la exploraci\u00f3n del cuerpo en el espacio, y ejercicios en torno al despertar de los sentidos, para estimular la creaci\u00f3n de espacios que nos hagan querer tocar, escuchar y sentir el lugar.<\/p>\n<p><strong>2. Exposiciones<\/strong>: RCR ha organizado exposiciones que celebran la arquitectura y el dise\u00f1o, ofreciendo una plataforma para que se discutan ideas y se compartan experiencias culturales.<\/p>\n<p><strong>3. Publicaciones<\/strong>: Desde su fundaci\u00f3n, RCR Bunka ha publicado libros que profundizan en su obra, pero tambi\u00e9n muestran colaboraciones con fot\u00f3grafos que contribuyen al conocimiento colectivo de su obra y pensamiento.<\/p>\n<p><strong>4. RCR La Vila<\/strong> &#8211; Centro de Investigaci\u00f3n: RCR La Vila es el territorio donde RCR est\u00e1 gestando un laboratorio en medio de la naturaleza. Un centro de investigaci\u00f3n abierto, de creatividad compartida, que pueda transformar la conciencia de la percepci\u00f3n de las personas y que lleve a engendrar nuevas relaciones y comportamientos.<\/p>\n<p>&nbsp;<\/p>\n<p><span style=\"font-size: 14pt;\"><strong>\u00abLa Fundaci\u00f3n Bunka tiene por objeto estimular socialmente la <\/strong><\/span><span style=\"font-size: 14pt;\"><strong>valoraci\u00f3n por la arquitectura y el paisaje y, impl\u00edcitamente, las artes y la <\/strong><\/span><span style=\"font-size: 14pt;\"><strong>cultura en general.\u00bb<\/strong><\/span><\/p>\n<p>&nbsp;<\/p>\n<p><strong>-La Fundaci\u00f3n que impuls\u00e1is desde el estudio se llama Bunka, que<\/strong><br \/>\n<strong>precisamente, significa cultura en japon\u00e9s. \u00bfCu\u00e1l es su objetivo?<\/strong><br \/>\n-La Fundaci\u00f3n tiene por objeto estimular socialmente la valoraci\u00f3n por la arquitectura y el paisaje y, impl\u00edcitamente, las artes y la cultura en general. Tambi\u00e9n quiere reunir, inventariar, custodiar y difundir el fondo material, documental y del pensamiento del Fundador y de otros fondos especiales aportados a la fundaci\u00f3n; coordinar las actividades culturales e investigaci\u00f3n asociadas a la actividad de dicha entidad; velar y contribuir a la conservaci\u00f3n del patrimonio arquitect\u00f3nico creado.<\/p>\n<p>Para el cumplimiento de sus fines, la Fundaci\u00f3n, entre otras actividades, promueve, organiza y participa en actividades como exposiciones y ediciones de todo tipo y formatos, becas y ayudas para trabajos, etc.<\/p>\n<p>&nbsp;<\/p>\n<p><strong>-\u00bfQu\u00e9 acciones cre\u00e9is que habr\u00eda que fomentar para que las peque\u00f1as y medianas empresas, que todav\u00eda no lo han hecho, den el paso para implicarse activamente en iniciativas culturales?<\/strong><br \/>\n-Para que las peque\u00f1as y medianas empresas (pymes) se impliquen<br \/>\nactivamente en iniciativas culturales, se podr\u00edan fomentar diversas acciones:<\/p>\n<p><strong>1. Concienciaci\u00f3n y educaci\u00f3n:<\/strong> Organizar talleres y seminarios que expliquen los beneficios de involucrarse en la cultura, como el fortalecimiento de la marca, la mejora de la reputaci\u00f3n y la creaci\u00f3n de lazos con la comunidad.<\/p>\n<p><strong>2. Colaboraciones locales:<\/strong> Facilitar la creaci\u00f3n de alianzas entre pymes y organizaciones culturales locales.<\/p>\n<p><strong>3. Incentivos fiscales:<\/strong> Promover pol\u00edticas que ofrezcan deducciones fiscales o subvenciones a las empresas que apoyen iniciativas culturales, lo que podr\u00eda hacer que la inversi\u00f3n en cultura sea m\u00e1s atractiva.<\/p>\n<p><strong>4. Visibilidad y reconocimiento:<\/strong> Crear plataformas donde se reconozca p\u00fablicamente a las empresas que apoyan la cultura, como premios o menciones en medios locales, lo que podr\u00eda motivar a otras a seguir su ejemplo.<\/p>\n<p><strong>5. Proyectos de responsabilidad social:<\/strong> Integrar la cultura en sus programas de responsabilidad social empresarial (RSE), mostrando c\u00f3mo su apoyo a la cultura puede contribuir al bienestar de la comunidad.<\/p>\n<p><strong>6. Redes de networking:<\/strong> Establecer redes donde las pymes puedan compartir experiencias y buenas pr\u00e1cticas sobre su participaci\u00f3n en iniciativas culturales, fomentando un sentido de comunidad y colaboraci\u00f3n.<\/p>\n<p><strong>7. Facilitar el acceso a recursos:<\/strong> Proporcionar informaci\u00f3n sobre recursos disponibles, como fondos, becas o programas de apoyo, que puedan ayudar a las pymes a involucrarse en proyectos culturales.<\/p>\n<p>Al implementar estas acciones, se puede crear un entorno m\u00e1s propicio para que las pymes se sientan motivadas y capacitadas para dar el paso hacia la implicaci\u00f3n en iniciativas culturales.<\/p>\n<p>&nbsp;<\/p>\n<p>&nbsp;<\/p>\n<p>&nbsp;<\/p>\n<p>&nbsp;<\/p>\n","protected":false},"excerpt":{"rendered":"<p>En esta segunda parte de la entrevista a RCR Arquitectes, galardonados con el Premio EMPRESA CULTURA 2024 a la peque\u00f1a empresa, conversamos con los fundadores del estudio de Olot \u2013 Rafael Aranda, Carme Pigem y Ramon Vilalta \u2013 sobre su visi\u00f3n de la arquitectura para contribuir al desarrollo de la sociedad y sobre las acciones [&hellip;]<\/p>\n","protected":false},"author":1,"featured_media":0,"comment_status":"closed","ping_status":"closed","sticky":false,"template":"","format":"standard","meta":{"_acf_changed":false,"footnotes":""},"categories":[44],"class_list":["post-22928","post","type-post","status-publish","format-standard","hentry","category-noticias"],"acf":[],"yoast_head":"<!-- This site is optimized with the Yoast SEO plugin v25.1 - https:\/\/yoast.com\/wordpress\/plugins\/seo\/ -->\n<title>Entrevista a RCR Arquitectes (parte II): \u201cLa arquitectura no se trata solamente de construir edificios, sino de crear espacios que nutran la cultura, fomenten la comunidad y respeten el entorno\u201d | Fundaci\u00f3 Catalunya Cultura<\/title>\n<meta name=\"robots\" content=\"index, follow, max-snippet:-1, max-image-preview:large, max-video-preview:-1\" \/>\n<link rel=\"canonical\" href=\"https:\/\/fundaciocatalunyacultura.cat\/es\/entrevista-a-rcr-arquitectes-parte-ii-la-arquitectura-no-se-trata-solamente-de-construir-edificios-sino-de-crear-espacios-que-nutran-la-cultura-fomenten-la-comunidad-y-respeten-el-entorn\/\" \/>\n<meta property=\"og:locale\" content=\"es_ES\" \/>\n<meta property=\"og:type\" content=\"article\" \/>\n<meta property=\"og:title\" content=\"Entrevista a RCR Arquitectes (parte II): \u201cLa arquitectura no se trata solamente de construir edificios, sino de crear espacios que nutran la cultura, fomenten la comunidad y respeten el entorno\u201d | Fundaci\u00f3 Catalunya Cultura\" \/>\n<meta property=\"og:description\" content=\"En esta segunda parte de la entrevista a RCR Arquitectes, galardonados con el Premio EMPRESA CULTURA 2024 a la peque\u00f1a empresa, conversamos con los fundadores del estudio de Olot \u2013 Rafael Aranda, Carme Pigem y Ramon Vilalta \u2013 sobre su visi\u00f3n de la arquitectura para contribuir al desarrollo de la sociedad y sobre las acciones [&hellip;]\" \/>\n<meta property=\"og:url\" content=\"https:\/\/fundaciocatalunyacultura.cat\/es\/entrevista-a-rcr-arquitectes-parte-ii-la-arquitectura-no-se-trata-solamente-de-construir-edificios-sino-de-crear-espacios-que-nutran-la-cultura-fomenten-la-comunidad-y-respeten-el-entorn\/\" \/>\n<meta property=\"og:site_name\" content=\"Fundaci\u00f3 Catalunya Cultura\" \/>\n<meta property=\"article:publisher\" content=\"https:\/\/www.facebook.com\/fundaciocatalunyacultura\/\" \/>\n<meta property=\"article:published_time\" content=\"2025-01-23T09:59:40+00:00\" \/>\n<meta property=\"article:modified_time\" content=\"2025-01-23T10:04:30+00:00\" \/>\n<meta property=\"og:image\" content=\"https:\/\/hundreds-wordpress-uploads.s3.amazonaws.com\/fundacio-catalunya-cultura\/uploads\/2025\/01\/RCR-arquitectes-II.jpg\" \/>\n<meta name=\"author\" content=\"fundacio\" \/>\n<meta name=\"twitter:card\" content=\"summary_large_image\" \/>\n<meta name=\"twitter:creator\" content=\"@fcatcultura\" \/>\n<meta name=\"twitter:site\" content=\"@fcatcultura\" \/>\n<meta name=\"twitter:label1\" content=\"Escrito por\" \/>\n\t<meta name=\"twitter:data1\" content=\"fundacio\" \/>\n\t<meta name=\"twitter:label2\" content=\"Tiempo de lectura\" \/>\n\t<meta name=\"twitter:data2\" content=\"7 minutos\" \/>\n<script type=\"application\/ld+json\" class=\"yoast-schema-graph\">{\"@context\":\"https:\/\/schema.org\",\"@graph\":[{\"@type\":\"Article\",\"@id\":\"https:\/\/fundaciocatalunyacultura.cat\/es\/entrevista-a-rcr-arquitectes-parte-ii-la-arquitectura-no-se-trata-solamente-de-construir-edificios-sino-de-crear-espacios-que-nutran-la-cultura-fomenten-la-comunidad-y-respeten-el-entorn\/#article\",\"isPartOf\":{\"@id\":\"https:\/\/fundaciocatalunyacultura.cat\/es\/entrevista-a-rcr-arquitectes-parte-ii-la-arquitectura-no-se-trata-solamente-de-construir-edificios-sino-de-crear-espacios-que-nutran-la-cultura-fomenten-la-comunidad-y-respeten-el-entorn\/\"},\"author\":{\"name\":\"fundacio\",\"@id\":\"https:\/\/www.fundaciocatalunyacultura.cat\/#\/schema\/person\/f30f60b8448aa2c1761a644f652a4744\"},\"headline\":\"Entrevista a RCR Arquitectes (parte II): \u201cLa arquitectura no se trata solamente de construir edificios, sino de crear espacios que nutran la cultura, fomenten la comunidad y respeten el entorno\u201d\",\"datePublished\":\"2025-01-23T09:59:40+00:00\",\"dateModified\":\"2025-01-23T10:04:30+00:00\",\"mainEntityOfPage\":{\"@id\":\"https:\/\/fundaciocatalunyacultura.cat\/es\/entrevista-a-rcr-arquitectes-parte-ii-la-arquitectura-no-se-trata-solamente-de-construir-edificios-sino-de-crear-espacios-que-nutran-la-cultura-fomenten-la-comunidad-y-respeten-el-entorn\/\"},\"wordCount\":1221,\"publisher\":{\"@id\":\"https:\/\/www.fundaciocatalunyacultura.cat\/#organization\"},\"image\":{\"@id\":\"https:\/\/fundaciocatalunyacultura.cat\/es\/entrevista-a-rcr-arquitectes-parte-ii-la-arquitectura-no-se-trata-solamente-de-construir-edificios-sino-de-crear-espacios-que-nutran-la-cultura-fomenten-la-comunidad-y-respeten-el-entorn\/#primaryimage\"},\"thumbnailUrl\":\"https:\/\/hundreds-wordpress-uploads.s3.amazonaws.com\/fundacio-catalunya-cultura\/uploads\/2025\/01\/RCR-arquitectes-II.jpg\",\"articleSection\":[\"Noticias\"],\"inLanguage\":\"es\"},{\"@type\":\"WebPage\",\"@id\":\"https:\/\/fundaciocatalunyacultura.cat\/es\/entrevista-a-rcr-arquitectes-parte-ii-la-arquitectura-no-se-trata-solamente-de-construir-edificios-sino-de-crear-espacios-que-nutran-la-cultura-fomenten-la-comunidad-y-respeten-el-entorn\/\",\"url\":\"https:\/\/fundaciocatalunyacultura.cat\/es\/entrevista-a-rcr-arquitectes-parte-ii-la-arquitectura-no-se-trata-solamente-de-construir-edificios-sino-de-crear-espacios-que-nutran-la-cultura-fomenten-la-comunidad-y-respeten-el-entorn\/\",\"name\":\"Entrevista a RCR Arquitectes (parte II): \u201cLa arquitectura no se trata solamente de construir edificios, sino de crear espacios que nutran la cultura, fomenten la comunidad y respeten el entorno\u201d | Fundaci\u00f3 Catalunya Cultura\",\"isPartOf\":{\"@id\":\"https:\/\/www.fundaciocatalunyacultura.cat\/#website\"},\"primaryImageOfPage\":{\"@id\":\"https:\/\/fundaciocatalunyacultura.cat\/es\/entrevista-a-rcr-arquitectes-parte-ii-la-arquitectura-no-se-trata-solamente-de-construir-edificios-sino-de-crear-espacios-que-nutran-la-cultura-fomenten-la-comunidad-y-respeten-el-entorn\/#primaryimage\"},\"image\":{\"@id\":\"https:\/\/fundaciocatalunyacultura.cat\/es\/entrevista-a-rcr-arquitectes-parte-ii-la-arquitectura-no-se-trata-solamente-de-construir-edificios-sino-de-crear-espacios-que-nutran-la-cultura-fomenten-la-comunidad-y-respeten-el-entorn\/#primaryimage\"},\"thumbnailUrl\":\"https:\/\/hundreds-wordpress-uploads.s3.amazonaws.com\/fundacio-catalunya-cultura\/uploads\/2025\/01\/RCR-arquitectes-II.jpg\",\"datePublished\":\"2025-01-23T09:59:40+00:00\",\"dateModified\":\"2025-01-23T10:04:30+00:00\",\"breadcrumb\":{\"@id\":\"https:\/\/fundaciocatalunyacultura.cat\/es\/entrevista-a-rcr-arquitectes-parte-ii-la-arquitectura-no-se-trata-solamente-de-construir-edificios-sino-de-crear-espacios-que-nutran-la-cultura-fomenten-la-comunidad-y-respeten-el-entorn\/#breadcrumb\"},\"inLanguage\":\"es\",\"potentialAction\":[{\"@type\":\"ReadAction\",\"target\":[\"https:\/\/fundaciocatalunyacultura.cat\/es\/entrevista-a-rcr-arquitectes-parte-ii-la-arquitectura-no-se-trata-solamente-de-construir-edificios-sino-de-crear-espacios-que-nutran-la-cultura-fomenten-la-comunidad-y-respeten-el-entorn\/\"]}]},{\"@type\":\"ImageObject\",\"inLanguage\":\"es\",\"@id\":\"https:\/\/fundaciocatalunyacultura.cat\/es\/entrevista-a-rcr-arquitectes-parte-ii-la-arquitectura-no-se-trata-solamente-de-construir-edificios-sino-de-crear-espacios-que-nutran-la-cultura-fomenten-la-comunidad-y-respeten-el-entorn\/#primaryimage\",\"url\":\"https:\/\/hundreds-wordpress-uploads.s3.amazonaws.com\/fundacio-catalunya-cultura\/uploads\/2025\/01\/RCR-arquitectes-II.jpg\",\"contentUrl\":\"https:\/\/hundreds-wordpress-uploads.s3.amazonaws.com\/fundacio-catalunya-cultura\/uploads\/2025\/01\/RCR-arquitectes-II.jpg\"},{\"@type\":\"BreadcrumbList\",\"@id\":\"https:\/\/fundaciocatalunyacultura.cat\/es\/entrevista-a-rcr-arquitectes-parte-ii-la-arquitectura-no-se-trata-solamente-de-construir-edificios-sino-de-crear-espacios-que-nutran-la-cultura-fomenten-la-comunidad-y-respeten-el-entorn\/#breadcrumb\",\"itemListElement\":[{\"@type\":\"ListItem\",\"position\":1,\"name\":\"Inici\",\"item\":\"https:\/\/www.fundaciocatalunyacultura.cat\/es\/\"},{\"@type\":\"ListItem\",\"position\":2,\"name\":\"Entrevista a RCR Arquitectes (parte II): \u201cLa arquitectura no se trata solamente de construir edificios, sino de crear espacios que nutran la cultura, fomenten la comunidad y respeten el entorno\u201d\"}]},{\"@type\":\"WebSite\",\"@id\":\"https:\/\/www.fundaciocatalunyacultura.cat\/#website\",\"url\":\"https:\/\/www.fundaciocatalunyacultura.cat\/\",\"name\":\"Fundaci\u00f3 Catalunya Cultura\",\"description\":\"\",\"publisher\":{\"@id\":\"https:\/\/www.fundaciocatalunyacultura.cat\/#organization\"},\"potentialAction\":[{\"@type\":\"SearchAction\",\"target\":{\"@type\":\"EntryPoint\",\"urlTemplate\":\"https:\/\/www.fundaciocatalunyacultura.cat\/?s={search_term_string}\"},\"query-input\":{\"@type\":\"PropertyValueSpecification\",\"valueRequired\":true,\"valueName\":\"search_term_string\"}}],\"inLanguage\":\"es\"},{\"@type\":\"Organization\",\"@id\":\"https:\/\/www.fundaciocatalunyacultura.cat\/#organization\",\"name\":\"Fundaci\u00f3 Catalunya Cultura\",\"url\":\"https:\/\/www.fundaciocatalunyacultura.cat\/\",\"logo\":{\"@type\":\"ImageObject\",\"inLanguage\":\"es\",\"@id\":\"https:\/\/www.fundaciocatalunyacultura.cat\/#\/schema\/logo\/image\/\",\"url\":\"https:\/\/hundreds-wordpress-uploads.s3.amazonaws.com\/fundacio-catalunya-cultura\/uploads\/2021\/03\/fcc_logo_blanc-scaled.jpeg\",\"contentUrl\":\"https:\/\/hundreds-wordpress-uploads.s3.amazonaws.com\/fundacio-catalunya-cultura\/uploads\/2021\/03\/fcc_logo_blanc-scaled.jpeg\",\"width\":2560,\"height\":1785,\"caption\":\"Fundaci\u00f3 Catalunya Cultura\"},\"image\":{\"@id\":\"https:\/\/www.fundaciocatalunyacultura.cat\/#\/schema\/logo\/image\/\"},\"sameAs\":[\"https:\/\/www.facebook.com\/fundaciocatalunyacultura\/\",\"https:\/\/x.com\/fcatcultura\",\"https:\/\/www.linkedin.com\/company\/fundaci\u00f3-catalunya-cultura\/\",\"https:\/\/ca.wikipedia.org\/wiki\/Fundaci\u00f3_Catalunya_Cultura\"]},{\"@type\":\"Person\",\"@id\":\"https:\/\/www.fundaciocatalunyacultura.cat\/#\/schema\/person\/f30f60b8448aa2c1761a644f652a4744\",\"name\":\"fundacio\",\"image\":{\"@type\":\"ImageObject\",\"inLanguage\":\"es\",\"@id\":\"https:\/\/www.fundaciocatalunyacultura.cat\/#\/schema\/person\/image\/\",\"url\":\"https:\/\/secure.gravatar.com\/avatar\/fe57a3f139ea81c65a338e37a8064b4e80844f839737532820c9107eb9e1966f?s=96&d=mm&r=g\",\"contentUrl\":\"https:\/\/secure.gravatar.com\/avatar\/fe57a3f139ea81c65a338e37a8064b4e80844f839737532820c9107eb9e1966f?s=96&d=mm&r=g\",\"caption\":\"fundacio\"},\"url\":\"https:\/\/fundaciocatalunyacultura.cat\/es\/author\/fundacio\/\"}]}<\/script>\n<!-- \/ Yoast SEO plugin. -->","yoast_head_json":{"title":"Entrevista a RCR Arquitectes (parte II): \u201cLa arquitectura no se trata solamente de construir edificios, sino de crear espacios que nutran la cultura, fomenten la comunidad y respeten el entorno\u201d | Fundaci\u00f3 Catalunya Cultura","robots":{"index":"index","follow":"follow","max-snippet":"max-snippet:-1","max-image-preview":"max-image-preview:large","max-video-preview":"max-video-preview:-1"},"canonical":"https:\/\/fundaciocatalunyacultura.cat\/es\/entrevista-a-rcr-arquitectes-parte-ii-la-arquitectura-no-se-trata-solamente-de-construir-edificios-sino-de-crear-espacios-que-nutran-la-cultura-fomenten-la-comunidad-y-respeten-el-entorn\/","og_locale":"es_ES","og_type":"article","og_title":"Entrevista a RCR Arquitectes (parte II): \u201cLa arquitectura no se trata solamente de construir edificios, sino de crear espacios que nutran la cultura, fomenten la comunidad y respeten el entorno\u201d | Fundaci\u00f3 Catalunya Cultura","og_description":"En esta segunda parte de la entrevista a RCR Arquitectes, galardonados con el Premio EMPRESA CULTURA 2024 a la peque\u00f1a empresa, conversamos con los fundadores del estudio de Olot \u2013 Rafael Aranda, Carme Pigem y Ramon Vilalta \u2013 sobre su visi\u00f3n de la arquitectura para contribuir al desarrollo de la sociedad y sobre las acciones [&hellip;]","og_url":"https:\/\/fundaciocatalunyacultura.cat\/es\/entrevista-a-rcr-arquitectes-parte-ii-la-arquitectura-no-se-trata-solamente-de-construir-edificios-sino-de-crear-espacios-que-nutran-la-cultura-fomenten-la-comunidad-y-respeten-el-entorn\/","og_site_name":"Fundaci\u00f3 Catalunya Cultura","article_publisher":"https:\/\/www.facebook.com\/fundaciocatalunyacultura\/","article_published_time":"2025-01-23T09:59:40+00:00","article_modified_time":"2025-01-23T10:04:30+00:00","og_image":[{"url":"https:\/\/hundreds-wordpress-uploads.s3.amazonaws.com\/fundacio-catalunya-cultura\/uploads\/2025\/01\/RCR-arquitectes-II.jpg","type":"","width":"","height":""}],"author":"fundacio","twitter_card":"summary_large_image","twitter_creator":"@fcatcultura","twitter_site":"@fcatcultura","twitter_misc":{"Escrito por":"fundacio","Tiempo de lectura":"7 minutos"},"schema":{"@context":"https:\/\/schema.org","@graph":[{"@type":"Article","@id":"https:\/\/fundaciocatalunyacultura.cat\/es\/entrevista-a-rcr-arquitectes-parte-ii-la-arquitectura-no-se-trata-solamente-de-construir-edificios-sino-de-crear-espacios-que-nutran-la-cultura-fomenten-la-comunidad-y-respeten-el-entorn\/#article","isPartOf":{"@id":"https:\/\/fundaciocatalunyacultura.cat\/es\/entrevista-a-rcr-arquitectes-parte-ii-la-arquitectura-no-se-trata-solamente-de-construir-edificios-sino-de-crear-espacios-que-nutran-la-cultura-fomenten-la-comunidad-y-respeten-el-entorn\/"},"author":{"name":"fundacio","@id":"https:\/\/www.fundaciocatalunyacultura.cat\/#\/schema\/person\/f30f60b8448aa2c1761a644f652a4744"},"headline":"Entrevista a RCR Arquitectes (parte II): \u201cLa arquitectura no se trata solamente de construir edificios, sino de crear espacios que nutran la cultura, fomenten la comunidad y respeten el entorno\u201d","datePublished":"2025-01-23T09:59:40+00:00","dateModified":"2025-01-23T10:04:30+00:00","mainEntityOfPage":{"@id":"https:\/\/fundaciocatalunyacultura.cat\/es\/entrevista-a-rcr-arquitectes-parte-ii-la-arquitectura-no-se-trata-solamente-de-construir-edificios-sino-de-crear-espacios-que-nutran-la-cultura-fomenten-la-comunidad-y-respeten-el-entorn\/"},"wordCount":1221,"publisher":{"@id":"https:\/\/www.fundaciocatalunyacultura.cat\/#organization"},"image":{"@id":"https:\/\/fundaciocatalunyacultura.cat\/es\/entrevista-a-rcr-arquitectes-parte-ii-la-arquitectura-no-se-trata-solamente-de-construir-edificios-sino-de-crear-espacios-que-nutran-la-cultura-fomenten-la-comunidad-y-respeten-el-entorn\/#primaryimage"},"thumbnailUrl":"https:\/\/hundreds-wordpress-uploads.s3.amazonaws.com\/fundacio-catalunya-cultura\/uploads\/2025\/01\/RCR-arquitectes-II.jpg","articleSection":["Noticias"],"inLanguage":"es"},{"@type":"WebPage","@id":"https:\/\/fundaciocatalunyacultura.cat\/es\/entrevista-a-rcr-arquitectes-parte-ii-la-arquitectura-no-se-trata-solamente-de-construir-edificios-sino-de-crear-espacios-que-nutran-la-cultura-fomenten-la-comunidad-y-respeten-el-entorn\/","url":"https:\/\/fundaciocatalunyacultura.cat\/es\/entrevista-a-rcr-arquitectes-parte-ii-la-arquitectura-no-se-trata-solamente-de-construir-edificios-sino-de-crear-espacios-que-nutran-la-cultura-fomenten-la-comunidad-y-respeten-el-entorn\/","name":"Entrevista a RCR Arquitectes (parte II): \u201cLa arquitectura no se trata solamente de construir edificios, sino de crear espacios que nutran la cultura, fomenten la comunidad y respeten el entorno\u201d | Fundaci\u00f3 Catalunya Cultura","isPartOf":{"@id":"https:\/\/www.fundaciocatalunyacultura.cat\/#website"},"primaryImageOfPage":{"@id":"https:\/\/fundaciocatalunyacultura.cat\/es\/entrevista-a-rcr-arquitectes-parte-ii-la-arquitectura-no-se-trata-solamente-de-construir-edificios-sino-de-crear-espacios-que-nutran-la-cultura-fomenten-la-comunidad-y-respeten-el-entorn\/#primaryimage"},"image":{"@id":"https:\/\/fundaciocatalunyacultura.cat\/es\/entrevista-a-rcr-arquitectes-parte-ii-la-arquitectura-no-se-trata-solamente-de-construir-edificios-sino-de-crear-espacios-que-nutran-la-cultura-fomenten-la-comunidad-y-respeten-el-entorn\/#primaryimage"},"thumbnailUrl":"https:\/\/hundreds-wordpress-uploads.s3.amazonaws.com\/fundacio-catalunya-cultura\/uploads\/2025\/01\/RCR-arquitectes-II.jpg","datePublished":"2025-01-23T09:59:40+00:00","dateModified":"2025-01-23T10:04:30+00:00","breadcrumb":{"@id":"https:\/\/fundaciocatalunyacultura.cat\/es\/entrevista-a-rcr-arquitectes-parte-ii-la-arquitectura-no-se-trata-solamente-de-construir-edificios-sino-de-crear-espacios-que-nutran-la-cultura-fomenten-la-comunidad-y-respeten-el-entorn\/#breadcrumb"},"inLanguage":"es","potentialAction":[{"@type":"ReadAction","target":["https:\/\/fundaciocatalunyacultura.cat\/es\/entrevista-a-rcr-arquitectes-parte-ii-la-arquitectura-no-se-trata-solamente-de-construir-edificios-sino-de-crear-espacios-que-nutran-la-cultura-fomenten-la-comunidad-y-respeten-el-entorn\/"]}]},{"@type":"ImageObject","inLanguage":"es","@id":"https:\/\/fundaciocatalunyacultura.cat\/es\/entrevista-a-rcr-arquitectes-parte-ii-la-arquitectura-no-se-trata-solamente-de-construir-edificios-sino-de-crear-espacios-que-nutran-la-cultura-fomenten-la-comunidad-y-respeten-el-entorn\/#primaryimage","url":"https:\/\/hundreds-wordpress-uploads.s3.amazonaws.com\/fundacio-catalunya-cultura\/uploads\/2025\/01\/RCR-arquitectes-II.jpg","contentUrl":"https:\/\/hundreds-wordpress-uploads.s3.amazonaws.com\/fundacio-catalunya-cultura\/uploads\/2025\/01\/RCR-arquitectes-II.jpg"},{"@type":"BreadcrumbList","@id":"https:\/\/fundaciocatalunyacultura.cat\/es\/entrevista-a-rcr-arquitectes-parte-ii-la-arquitectura-no-se-trata-solamente-de-construir-edificios-sino-de-crear-espacios-que-nutran-la-cultura-fomenten-la-comunidad-y-respeten-el-entorn\/#breadcrumb","itemListElement":[{"@type":"ListItem","position":1,"name":"Inici","item":"https:\/\/www.fundaciocatalunyacultura.cat\/es\/"},{"@type":"ListItem","position":2,"name":"Entrevista a RCR Arquitectes (parte II): \u201cLa arquitectura no se trata solamente de construir edificios, sino de crear espacios que nutran la cultura, fomenten la comunidad y respeten el entorno\u201d"}]},{"@type":"WebSite","@id":"https:\/\/www.fundaciocatalunyacultura.cat\/#website","url":"https:\/\/www.fundaciocatalunyacultura.cat\/","name":"Fundaci\u00f3 Catalunya Cultura","description":"","publisher":{"@id":"https:\/\/www.fundaciocatalunyacultura.cat\/#organization"},"potentialAction":[{"@type":"SearchAction","target":{"@type":"EntryPoint","urlTemplate":"https:\/\/www.fundaciocatalunyacultura.cat\/?s={search_term_string}"},"query-input":{"@type":"PropertyValueSpecification","valueRequired":true,"valueName":"search_term_string"}}],"inLanguage":"es"},{"@type":"Organization","@id":"https:\/\/www.fundaciocatalunyacultura.cat\/#organization","name":"Fundaci\u00f3 Catalunya Cultura","url":"https:\/\/www.fundaciocatalunyacultura.cat\/","logo":{"@type":"ImageObject","inLanguage":"es","@id":"https:\/\/www.fundaciocatalunyacultura.cat\/#\/schema\/logo\/image\/","url":"https:\/\/hundreds-wordpress-uploads.s3.amazonaws.com\/fundacio-catalunya-cultura\/uploads\/2021\/03\/fcc_logo_blanc-scaled.jpeg","contentUrl":"https:\/\/hundreds-wordpress-uploads.s3.amazonaws.com\/fundacio-catalunya-cultura\/uploads\/2021\/03\/fcc_logo_blanc-scaled.jpeg","width":2560,"height":1785,"caption":"Fundaci\u00f3 Catalunya Cultura"},"image":{"@id":"https:\/\/www.fundaciocatalunyacultura.cat\/#\/schema\/logo\/image\/"},"sameAs":["https:\/\/www.facebook.com\/fundaciocatalunyacultura\/","https:\/\/x.com\/fcatcultura","https:\/\/www.linkedin.com\/company\/fundaci\u00f3-catalunya-cultura\/","https:\/\/ca.wikipedia.org\/wiki\/Fundaci\u00f3_Catalunya_Cultura"]},{"@type":"Person","@id":"https:\/\/www.fundaciocatalunyacultura.cat\/#\/schema\/person\/f30f60b8448aa2c1761a644f652a4744","name":"fundacio","image":{"@type":"ImageObject","inLanguage":"es","@id":"https:\/\/www.fundaciocatalunyacultura.cat\/#\/schema\/person\/image\/","url":"https:\/\/secure.gravatar.com\/avatar\/fe57a3f139ea81c65a338e37a8064b4e80844f839737532820c9107eb9e1966f?s=96&d=mm&r=g","contentUrl":"https:\/\/secure.gravatar.com\/avatar\/fe57a3f139ea81c65a338e37a8064b4e80844f839737532820c9107eb9e1966f?s=96&d=mm&r=g","caption":"fundacio"},"url":"https:\/\/fundaciocatalunyacultura.cat\/es\/author\/fundacio\/"}]}},"_links":{"self":[{"href":"https:\/\/fundaciocatalunyacultura.cat\/es\/wp-json\/wp\/v2\/posts\/22928","targetHints":{"allow":["GET"]}}],"collection":[{"href":"https:\/\/fundaciocatalunyacultura.cat\/es\/wp-json\/wp\/v2\/posts"}],"about":[{"href":"https:\/\/fundaciocatalunyacultura.cat\/es\/wp-json\/wp\/v2\/types\/post"}],"author":[{"embeddable":true,"href":"https:\/\/fundaciocatalunyacultura.cat\/es\/wp-json\/wp\/v2\/users\/1"}],"replies":[{"embeddable":true,"href":"https:\/\/fundaciocatalunyacultura.cat\/es\/wp-json\/wp\/v2\/comments?post=22928"}],"version-history":[{"count":15,"href":"https:\/\/fundaciocatalunyacultura.cat\/es\/wp-json\/wp\/v2\/posts\/22928\/revisions"}],"predecessor-version":[{"id":23153,"href":"https:\/\/fundaciocatalunyacultura.cat\/es\/wp-json\/wp\/v2\/posts\/22928\/revisions\/23153"}],"wp:attachment":[{"href":"https:\/\/fundaciocatalunyacultura.cat\/es\/wp-json\/wp\/v2\/media?parent=22928"}],"wp:term":[{"taxonomy":"category","embeddable":true,"href":"https:\/\/fundaciocatalunyacultura.cat\/es\/wp-json\/wp\/v2\/categories?post=22928"}],"curies":[{"name":"wp","href":"https:\/\/api.w.org\/{rel}","templated":true}]}}