{"id":22096,"date":"2024-10-24T11:26:55","date_gmt":"2024-10-24T11:26:55","guid":{"rendered":"https:\/\/www.fundaciocatalunyacultura.cat\/?p=22096"},"modified":"2024-10-30T10:15:19","modified_gmt":"2024-10-30T10:15:19","slug":"22096","status":"publish","type":"post","link":"https:\/\/fundaciocatalunyacultura.cat\/es\/22096\/","title":{"rendered":"\u00c9xito de La Nit de l&#8217;Empresa i la Cultura, con m\u00e1s de 500 personas acompa\u00f1\u00e1ndonos en la celebraci\u00f3n de nuestro 10\u00ba aniversario"},"content":{"rendered":"<p><strong><span style=\"font-size: 14pt;\">Brava Arts gana el premio IMPULSA CULTURA y SEAT S.A. y RCR Arquitectes, el premio EMPRESA CULTURA 2024<\/span><\/strong><\/p>\n<p>M\u00e1s de 500 personas han asistido este martes al Teatre Lliure de Montju\u00efc a <em>La Nit de l&#8217;Empresa i la Cultura 2024<\/em>, el acto de entrega del Premio IMPULSA CULTURA y EMPRESA CULTURA de este a\u00f1o, y que ha conmemorado los 10 a\u00f1os de la Fundaci\u00f3n<\/p>\n<p>La ceremonia, que ha presentado el actor Bruno Oro, ha contado con la asistencia del presidente del Parlamento de Catalu\u00f1a, el M. Hble. Sr. Josep Rull, de la consejera de Cultura, Hble. Sra. S\u00f2nia Hern\u00e1ndez Almod\u00f3var, y del consejero de Empresa y Trabajo, Hble. Sr. Miquel S\u00e0mper, entre otras autoridades.<\/p>\n<p><strong>Estos han sido los ganadores:<\/strong><\/p>\n<p><strong>Brava Arts, Premio IMPULSA CULTURA 2024<\/strong><\/p>\n<p>El premio IMPULSA CULTURA 2024, con una dotaci\u00f3n econ\u00f3mica de <strong>15.000 euros<\/strong>, ha reca\u00eddo en el proyecto Brava Arts.<\/p>\n<p>En concreto, los miembros del jurado han decidido premiar esta iniciativa por la fuerza del impacto positivo que genera en su territorio y su comunidad de artistas y creativos, ofreciendo espacios de coworking y servicios integrales que fomentan el impulso de nuevos formatos art\u00edsticos. Para ser un Hub de creaci\u00f3n de referencia a la Costa Brava, que promueve el talento local y lo conecta con un p\u00fablico global a trav\u00e9s de la recuperaci\u00f3n de una antigua f\u00e1brica de cer\u00e1mica de la Bisbal, fomentando as\u00ed la descentralizaci\u00f3n cultural.<\/p>\n<p>El jurado tambi\u00e9n ha decidido otorgar una <strong>menci\u00f3n especial en la Escuela Integrada de Danza de Alto Rendimiento<\/strong><\/p>\n<p><img loading=\"lazy\" decoding=\"async\" class=\"aligncenter wp-image-21585\" src=\"https:\/\/hundreds-wordpress-uploads.s3.amazonaws.com\/fundacio-catalunya-cultura\/uploads\/2024\/10\/DSC8410-Mejorado-NR-scaled.jpg\" alt=\"\" width=\"605\" height=\"404\" srcset=\"https:\/\/hundreds-wordpress-uploads.s3.amazonaws.com\/fundacio-catalunya-cultura\/uploads\/2024\/10\/DSC8410-Mejorado-NR-scaled.jpg 2560w, https:\/\/hundreds-wordpress-uploads.s3.amazonaws.com\/fundacio-catalunya-cultura\/uploads\/2024\/10\/DSC8410-Mejorado-NR-300x200.jpg 300w, https:\/\/hundreds-wordpress-uploads.s3.amazonaws.com\/fundacio-catalunya-cultura\/uploads\/2024\/10\/DSC8410-Mejorado-NR-1024x683.jpg 1024w, https:\/\/hundreds-wordpress-uploads.s3.amazonaws.com\/fundacio-catalunya-cultura\/uploads\/2024\/10\/DSC8410-Mejorado-NR-768x513.jpg 768w, https:\/\/hundreds-wordpress-uploads.s3.amazonaws.com\/fundacio-catalunya-cultura\/uploads\/2024\/10\/DSC8410-Mejorado-NR-1536x1025.jpg 1536w, https:\/\/hundreds-wordpress-uploads.s3.amazonaws.com\/fundacio-catalunya-cultura\/uploads\/2024\/10\/DSC8410-Mejorado-NR-2048x1367.jpg 2048w\" sizes=\"auto, (max-width: 605px) 100vw, 605px\" \/><\/p>\n<p><strong>SEAT S.A., Premio EMPRESA CULTURA en la categor\u00eda gran empresa<\/strong><\/p>\n<p><strong>Menci\u00f3n especial para Metalquimia<\/strong><\/p>\n<p>La compa\u00f1\u00eda que ha obtenido el galard\u00f3n en la categor\u00eda grande emprendida ha sido SEAT S.A. por impulsar desde el mundo de la automoci\u00f3n que la cultura es en todas partes y accesible para todo el mundo. El jurado ha valorado su apuesta por la democratizaci\u00f3n cultural, destacando la apertura de CASA SEAT como espacio de \u00e1gora para la ciudad de Barcelona y el apoyo a varias iniciativas musicales y culturales. Con este premio, reconocemos la visi\u00f3n ambiciosa de la empresa y su compromiso para acercar la cultura a todo el mundo.<\/p>\n<p><img loading=\"lazy\" decoding=\"async\" class=\"aligncenter wp-image-21619\" src=\"https:\/\/hundreds-wordpress-uploads.s3.amazonaws.com\/fundacio-catalunya-cultura\/uploads\/2024\/10\/DSC8302-Mejorado-NR-scaled.jpg\" alt=\"\" width=\"611\" height=\"407\" srcset=\"https:\/\/hundreds-wordpress-uploads.s3.amazonaws.com\/fundacio-catalunya-cultura\/uploads\/2024\/10\/DSC8302-Mejorado-NR-scaled.jpg 2560w, https:\/\/hundreds-wordpress-uploads.s3.amazonaws.com\/fundacio-catalunya-cultura\/uploads\/2024\/10\/DSC8302-Mejorado-NR-300x200.jpg 300w, https:\/\/hundreds-wordpress-uploads.s3.amazonaws.com\/fundacio-catalunya-cultura\/uploads\/2024\/10\/DSC8302-Mejorado-NR-1024x683.jpg 1024w, https:\/\/hundreds-wordpress-uploads.s3.amazonaws.com\/fundacio-catalunya-cultura\/uploads\/2024\/10\/DSC8302-Mejorado-NR-768x513.jpg 768w, https:\/\/hundreds-wordpress-uploads.s3.amazonaws.com\/fundacio-catalunya-cultura\/uploads\/2024\/10\/DSC8302-Mejorado-NR-1536x1025.jpg 1536w, https:\/\/hundreds-wordpress-uploads.s3.amazonaws.com\/fundacio-catalunya-cultura\/uploads\/2024\/10\/DSC8302-Mejorado-NR-2048x1367.jpg 2048w\" sizes=\"auto, (max-width: 611px) 100vw, 611px\" \/><\/p>\n<p>El Jurado del Premio, en la categor\u00eda gran empresa, ha querido reconocer y hacer una menci\u00f3n especial a Metalquimia para tener un proyecto cultural fascinante, ambicioso e impactante, y porque su compromiso con la cultura transciende el apoyo y convierte a la marca en creadora de cultura. Menci\u00f3n especial por su rol revolucionario al patrocinio y mecenazgo cultural.<\/p>\n<p><img loading=\"lazy\" decoding=\"async\" class=\"aligncenter wp-image-21627\" src=\"https:\/\/hundreds-wordpress-uploads.s3.amazonaws.com\/fundacio-catalunya-cultura\/uploads\/2024\/10\/DSC8320-Mejorado-NR-scaled.jpg\" alt=\"\" width=\"611\" height=\"408\" srcset=\"https:\/\/hundreds-wordpress-uploads.s3.amazonaws.com\/fundacio-catalunya-cultura\/uploads\/2024\/10\/DSC8320-Mejorado-NR-scaled.jpg 2560w, https:\/\/hundreds-wordpress-uploads.s3.amazonaws.com\/fundacio-catalunya-cultura\/uploads\/2024\/10\/DSC8320-Mejorado-NR-300x200.jpg 300w, https:\/\/hundreds-wordpress-uploads.s3.amazonaws.com\/fundacio-catalunya-cultura\/uploads\/2024\/10\/DSC8320-Mejorado-NR-1024x683.jpg 1024w, https:\/\/hundreds-wordpress-uploads.s3.amazonaws.com\/fundacio-catalunya-cultura\/uploads\/2024\/10\/DSC8320-Mejorado-NR-768x513.jpg 768w, https:\/\/hundreds-wordpress-uploads.s3.amazonaws.com\/fundacio-catalunya-cultura\/uploads\/2024\/10\/DSC8320-Mejorado-NR-1536x1025.jpg 1536w, https:\/\/hundreds-wordpress-uploads.s3.amazonaws.com\/fundacio-catalunya-cultura\/uploads\/2024\/10\/DSC8320-Mejorado-NR-2048x1367.jpg 2048w\" sizes=\"auto, (max-width: 611px) 100vw, 611px\" \/><\/p>\n<p><strong>RCR Arquitectes, Premio EMPRESA CULTURA en la categor\u00eda peque\u00f1a empresa<\/strong><\/p>\n<p>El premio EMPRESA CULTURA a la peque\u00f1a empresa ha reca\u00eddo en RCR Arquitectes por fomentar la simbiosis entre arquitectura y cultura, un principio que la empresa ha defendido desde su nacimiento. La cultura es al alma de RCR, y su actividad de mecenazgo y difusi\u00f3n acerca el arte, la cultura y el territorio de manera transformadora.<\/p>\n<p><img loading=\"lazy\" decoding=\"async\" class=\"aligncenter wp-image-21605\" src=\"https:\/\/hundreds-wordpress-uploads.s3.amazonaws.com\/fundacio-catalunya-cultura\/uploads\/2024\/10\/DSC8282-Mejorado-NR-scaled.jpg\" alt=\"\" width=\"617\" height=\"412\" srcset=\"https:\/\/hundreds-wordpress-uploads.s3.amazonaws.com\/fundacio-catalunya-cultura\/uploads\/2024\/10\/DSC8282-Mejorado-NR-scaled.jpg 2560w, https:\/\/hundreds-wordpress-uploads.s3.amazonaws.com\/fundacio-catalunya-cultura\/uploads\/2024\/10\/DSC8282-Mejorado-NR-300x200.jpg 300w, https:\/\/hundreds-wordpress-uploads.s3.amazonaws.com\/fundacio-catalunya-cultura\/uploads\/2024\/10\/DSC8282-Mejorado-NR-1024x683.jpg 1024w, https:\/\/hundreds-wordpress-uploads.s3.amazonaws.com\/fundacio-catalunya-cultura\/uploads\/2024\/10\/DSC8282-Mejorado-NR-768x513.jpg 768w, https:\/\/hundreds-wordpress-uploads.s3.amazonaws.com\/fundacio-catalunya-cultura\/uploads\/2024\/10\/DSC8282-Mejorado-NR-1536x1025.jpg 1536w, https:\/\/hundreds-wordpress-uploads.s3.amazonaws.com\/fundacio-catalunya-cultura\/uploads\/2024\/10\/DSC8282-Mejorado-NR-2048x1367.jpg 2048w\" sizes=\"auto, (max-width: 617px) 100vw, 617px\" \/><\/p>\n<p>En el acto tambi\u00e9n se han entregado los <strong>Premios a la Cultura<\/strong> que conceden entidades colaboradoras de la Fundaci\u00f3n con el objetivo de impulsar el sector cultural en Catalu\u00f1a.<\/p>\n<p><strong>Premio The New Barcelona Postt para Incite &#8211; Instituto de Ciencia y Teatro<\/strong><\/p>\n<p>La iniciativa merecedora de este galard\u00f3n es Incite-Instituto de Ciencia y Teatro, uno de los 10 proyectos semifinalistas del Premio IMPULSA CULTURA 2024.<br \/>\nEl premio de The New Barcelona Post, valorado en 10.000 euros, consiste en el dise\u00f1o de una estrategia comunicativa de difusi\u00f3n del proyecto. Algunas acciones que se llevar\u00e1n a cabo ser\u00e1n la publicaci\u00f3n de reportajes sobre la propuesta cultural, art\u00edculos de opini\u00f3n o entrevistas a sus responsables.<\/p>\n<p><strong>Premio Barcelona Global para Fun Dan Mondays<\/strong><\/p>\n<p>El proyecto premiado por Barcelona Global es Fun Dan Mondays, que tendr\u00e1 la oportunidad de participar en la Hola Barcelona 25, el acto m\u00e1s importante del a\u00f1o que celebra Barcelona Global.<br \/>\nEl galard\u00f3n permitir\u00e1 acercar y mostrar esta propuesta de proximidad y cultural en la comunidad internacional que ha decidido vivir y trabajar en Barcelona y que la entidad re\u00fane en un acto \u00fanico y multitudinario de gran \u00e9xito.<\/p>\n<p><img loading=\"lazy\" decoding=\"async\" class=\"aligncenter wp-image-21569\" src=\"https:\/\/hundreds-wordpress-uploads.s3.amazonaws.com\/fundacio-catalunya-cultura\/uploads\/2024\/10\/DSC8340-Mejorado-NR-scaled.jpg\" alt=\"\" width=\"632\" height=\"421\" srcset=\"https:\/\/hundreds-wordpress-uploads.s3.amazonaws.com\/fundacio-catalunya-cultura\/uploads\/2024\/10\/DSC8340-Mejorado-NR-scaled.jpg 2560w, https:\/\/hundreds-wordpress-uploads.s3.amazonaws.com\/fundacio-catalunya-cultura\/uploads\/2024\/10\/DSC8340-Mejorado-NR-300x200.jpg 300w, https:\/\/hundreds-wordpress-uploads.s3.amazonaws.com\/fundacio-catalunya-cultura\/uploads\/2024\/10\/DSC8340-Mejorado-NR-1024x683.jpg 1024w, https:\/\/hundreds-wordpress-uploads.s3.amazonaws.com\/fundacio-catalunya-cultura\/uploads\/2024\/10\/DSC8340-Mejorado-NR-768x513.jpg 768w, https:\/\/hundreds-wordpress-uploads.s3.amazonaws.com\/fundacio-catalunya-cultura\/uploads\/2024\/10\/DSC8340-Mejorado-NR-1536x1025.jpg 1536w, https:\/\/hundreds-wordpress-uploads.s3.amazonaws.com\/fundacio-catalunya-cultura\/uploads\/2024\/10\/DSC8340-Mejorado-NR-2048x1367.jpg 2048w\" sizes=\"auto, (max-width: 632px) 100vw, 632px\" \/><\/p>\n<p>Muchas gracias a todas las personas y entidades que hab\u00e9is hecho posible este acontecimiento por vuestro apoyo y vuestro compromiso, y a todos los representantes institucionales que nos acompa\u00f1asteis.<\/p>\n","protected":false},"excerpt":{"rendered":"<p>Brava Arts gana el premio IMPULSA CULTURA y SEAT S.A. y RCR Arquitectes, el premio EMPRESA CULTURA 2024 M\u00e1s de 500 personas han asistido este martes al Teatre Lliure de Montju\u00efc a La Nit de l&#8217;Empresa i la Cultura 2024, el acto de entrega del Premio IMPULSA CULTURA y EMPRESA CULTURA de este a\u00f1o, y [&hellip;]<\/p>\n","protected":false},"author":1,"featured_media":0,"comment_status":"closed","ping_status":"closed","sticky":false,"template":"","format":"standard","meta":{"_acf_changed":false,"footnotes":""},"categories":[44,2],"class_list":["post-22096","post","type-post","status-publish","format-standard","hentry","category-noticias","category-sin-categorizar"],"acf":[],"yoast_head":"<!-- This site is optimized with the Yoast SEO plugin v25.1 - https:\/\/yoast.com\/wordpress\/plugins\/seo\/ -->\n<title>\u00c9xito de La Nit de l&#039;Empresa i la Cultura, con m\u00e1s de 500 personas acompa\u00f1\u00e1ndonos en la celebraci\u00f3n de nuestro 10\u00ba aniversario | Fundaci\u00f3 Catalunya Cultura<\/title>\n<meta name=\"robots\" content=\"index, follow, max-snippet:-1, max-image-preview:large, max-video-preview:-1\" \/>\n<link rel=\"canonical\" href=\"https:\/\/fundaciocatalunyacultura.cat\/es\/22096\/\" \/>\n<meta property=\"og:locale\" content=\"es_ES\" \/>\n<meta property=\"og:type\" content=\"article\" \/>\n<meta property=\"og:title\" content=\"\u00c9xito de La Nit de l&#039;Empresa i la Cultura, con m\u00e1s de 500 personas acompa\u00f1\u00e1ndonos en la celebraci\u00f3n de nuestro 10\u00ba aniversario | Fundaci\u00f3 Catalunya Cultura\" \/>\n<meta property=\"og:description\" content=\"Brava Arts gana el premio IMPULSA CULTURA y SEAT S.A. y RCR Arquitectes, el premio EMPRESA CULTURA 2024 M\u00e1s de 500 personas han asistido este martes al Teatre Lliure de Montju\u00efc a La Nit de l&#8217;Empresa i la Cultura 2024, el acto de entrega del Premio IMPULSA CULTURA y EMPRESA CULTURA de este a\u00f1o, y [&hellip;]\" \/>\n<meta property=\"og:url\" content=\"https:\/\/fundaciocatalunyacultura.cat\/es\/22096\/\" \/>\n<meta property=\"og:site_name\" content=\"Fundaci\u00f3 Catalunya Cultura\" \/>\n<meta property=\"article:publisher\" content=\"https:\/\/www.facebook.com\/fundaciocatalunyacultura\/\" \/>\n<meta property=\"article:published_time\" content=\"2024-10-24T11:26:55+00:00\" \/>\n<meta property=\"article:modified_time\" content=\"2024-10-30T10:15:19+00:00\" \/>\n<meta property=\"og:image\" content=\"https:\/\/hundreds-wordpress-uploads.s3.amazonaws.com\/fundacio-catalunya-cultura\/uploads\/2024\/10\/DSC8410-Mejorado-NR-scaled.jpg\" \/>\n<meta name=\"author\" content=\"fundacio\" \/>\n<meta name=\"twitter:card\" content=\"summary_large_image\" \/>\n<meta name=\"twitter:creator\" content=\"@fcatcultura\" \/>\n<meta name=\"twitter:site\" content=\"@fcatcultura\" \/>\n<meta name=\"twitter:label1\" content=\"Escrito por\" \/>\n\t<meta name=\"twitter:data1\" content=\"fundacio\" \/>\n\t<meta name=\"twitter:label2\" content=\"Tiempo de lectura\" \/>\n\t<meta name=\"twitter:data2\" content=\"5 minutos\" \/>\n<script type=\"application\/ld+json\" class=\"yoast-schema-graph\">{\"@context\":\"https:\/\/schema.org\",\"@graph\":[{\"@type\":\"Article\",\"@id\":\"https:\/\/fundaciocatalunyacultura.cat\/es\/22096\/#article\",\"isPartOf\":{\"@id\":\"https:\/\/fundaciocatalunyacultura.cat\/es\/22096\/\"},\"author\":{\"name\":\"fundacio\",\"@id\":\"https:\/\/www.fundaciocatalunyacultura.cat\/#\/schema\/person\/f30f60b8448aa2c1761a644f652a4744\"},\"headline\":\"\u00c9xito de La Nit de l&#8217;Empresa i la Cultura, con m\u00e1s de 500 personas acompa\u00f1\u00e1ndonos en la celebraci\u00f3n de nuestro 10\u00ba aniversario\",\"datePublished\":\"2024-10-24T11:26:55+00:00\",\"dateModified\":\"2024-10-30T10:15:19+00:00\",\"mainEntityOfPage\":{\"@id\":\"https:\/\/fundaciocatalunyacultura.cat\/es\/22096\/\"},\"wordCount\":767,\"publisher\":{\"@id\":\"https:\/\/www.fundaciocatalunyacultura.cat\/#organization\"},\"image\":{\"@id\":\"https:\/\/fundaciocatalunyacultura.cat\/es\/22096\/#primaryimage\"},\"thumbnailUrl\":\"https:\/\/hundreds-wordpress-uploads.s3.amazonaws.com\/fundacio-catalunya-cultura\/uploads\/2024\/10\/DSC8410-Mejorado-NR-scaled.jpg\",\"articleSection\":[\"Noticias\",\"Sin categorizar\"],\"inLanguage\":\"es\"},{\"@type\":\"WebPage\",\"@id\":\"https:\/\/fundaciocatalunyacultura.cat\/es\/22096\/\",\"url\":\"https:\/\/fundaciocatalunyacultura.cat\/es\/22096\/\",\"name\":\"\u00c9xito de La Nit de l'Empresa i la Cultura, con m\u00e1s de 500 personas acompa\u00f1\u00e1ndonos en la celebraci\u00f3n de nuestro 10\u00ba aniversario | Fundaci\u00f3 Catalunya Cultura\",\"isPartOf\":{\"@id\":\"https:\/\/www.fundaciocatalunyacultura.cat\/#website\"},\"primaryImageOfPage\":{\"@id\":\"https:\/\/fundaciocatalunyacultura.cat\/es\/22096\/#primaryimage\"},\"image\":{\"@id\":\"https:\/\/fundaciocatalunyacultura.cat\/es\/22096\/#primaryimage\"},\"thumbnailUrl\":\"https:\/\/hundreds-wordpress-uploads.s3.amazonaws.com\/fundacio-catalunya-cultura\/uploads\/2024\/10\/DSC8410-Mejorado-NR-scaled.jpg\",\"datePublished\":\"2024-10-24T11:26:55+00:00\",\"dateModified\":\"2024-10-30T10:15:19+00:00\",\"breadcrumb\":{\"@id\":\"https:\/\/fundaciocatalunyacultura.cat\/es\/22096\/#breadcrumb\"},\"inLanguage\":\"es\",\"potentialAction\":[{\"@type\":\"ReadAction\",\"target\":[\"https:\/\/fundaciocatalunyacultura.cat\/es\/22096\/\"]}]},{\"@type\":\"ImageObject\",\"inLanguage\":\"es\",\"@id\":\"https:\/\/fundaciocatalunyacultura.cat\/es\/22096\/#primaryimage\",\"url\":\"https:\/\/hundreds-wordpress-uploads.s3.amazonaws.com\/fundacio-catalunya-cultura\/uploads\/2024\/10\/DSC8410-Mejorado-NR-scaled.jpg\",\"contentUrl\":\"https:\/\/hundreds-wordpress-uploads.s3.amazonaws.com\/fundacio-catalunya-cultura\/uploads\/2024\/10\/DSC8410-Mejorado-NR-scaled.jpg\"},{\"@type\":\"BreadcrumbList\",\"@id\":\"https:\/\/fundaciocatalunyacultura.cat\/es\/22096\/#breadcrumb\",\"itemListElement\":[{\"@type\":\"ListItem\",\"position\":1,\"name\":\"Inici\",\"item\":\"https:\/\/www.fundaciocatalunyacultura.cat\/es\/\"},{\"@type\":\"ListItem\",\"position\":2,\"name\":\"\u00c9xito de La Nit de l&#8217;Empresa i la Cultura, con m\u00e1s de 500 personas acompa\u00f1\u00e1ndonos en la celebraci\u00f3n de nuestro 10\u00ba aniversario\"}]},{\"@type\":\"WebSite\",\"@id\":\"https:\/\/www.fundaciocatalunyacultura.cat\/#website\",\"url\":\"https:\/\/www.fundaciocatalunyacultura.cat\/\",\"name\":\"Fundaci\u00f3 Catalunya Cultura\",\"description\":\"\",\"publisher\":{\"@id\":\"https:\/\/www.fundaciocatalunyacultura.cat\/#organization\"},\"potentialAction\":[{\"@type\":\"SearchAction\",\"target\":{\"@type\":\"EntryPoint\",\"urlTemplate\":\"https:\/\/www.fundaciocatalunyacultura.cat\/?s={search_term_string}\"},\"query-input\":{\"@type\":\"PropertyValueSpecification\",\"valueRequired\":true,\"valueName\":\"search_term_string\"}}],\"inLanguage\":\"es\"},{\"@type\":\"Organization\",\"@id\":\"https:\/\/www.fundaciocatalunyacultura.cat\/#organization\",\"name\":\"Fundaci\u00f3 Catalunya Cultura\",\"url\":\"https:\/\/www.fundaciocatalunyacultura.cat\/\",\"logo\":{\"@type\":\"ImageObject\",\"inLanguage\":\"es\",\"@id\":\"https:\/\/www.fundaciocatalunyacultura.cat\/#\/schema\/logo\/image\/\",\"url\":\"https:\/\/hundreds-wordpress-uploads.s3.amazonaws.com\/fundacio-catalunya-cultura\/uploads\/2021\/03\/fcc_logo_blanc-scaled.jpeg\",\"contentUrl\":\"https:\/\/hundreds-wordpress-uploads.s3.amazonaws.com\/fundacio-catalunya-cultura\/uploads\/2021\/03\/fcc_logo_blanc-scaled.jpeg\",\"width\":2560,\"height\":1785,\"caption\":\"Fundaci\u00f3 Catalunya Cultura\"},\"image\":{\"@id\":\"https:\/\/www.fundaciocatalunyacultura.cat\/#\/schema\/logo\/image\/\"},\"sameAs\":[\"https:\/\/www.facebook.com\/fundaciocatalunyacultura\/\",\"https:\/\/x.com\/fcatcultura\",\"https:\/\/www.linkedin.com\/company\/fundaci\u00f3-catalunya-cultura\/\",\"https:\/\/ca.wikipedia.org\/wiki\/Fundaci\u00f3_Catalunya_Cultura\"]},{\"@type\":\"Person\",\"@id\":\"https:\/\/www.fundaciocatalunyacultura.cat\/#\/schema\/person\/f30f60b8448aa2c1761a644f652a4744\",\"name\":\"fundacio\",\"image\":{\"@type\":\"ImageObject\",\"inLanguage\":\"es\",\"@id\":\"https:\/\/www.fundaciocatalunyacultura.cat\/#\/schema\/person\/image\/\",\"url\":\"https:\/\/secure.gravatar.com\/avatar\/fe57a3f139ea81c65a338e37a8064b4e80844f839737532820c9107eb9e1966f?s=96&d=mm&r=g\",\"contentUrl\":\"https:\/\/secure.gravatar.com\/avatar\/fe57a3f139ea81c65a338e37a8064b4e80844f839737532820c9107eb9e1966f?s=96&d=mm&r=g\",\"caption\":\"fundacio\"},\"url\":\"https:\/\/fundaciocatalunyacultura.cat\/es\/author\/fundacio\/\"}]}<\/script>\n<!-- \/ Yoast SEO plugin. -->","yoast_head_json":{"title":"\u00c9xito de La Nit de l'Empresa i la Cultura, con m\u00e1s de 500 personas acompa\u00f1\u00e1ndonos en la celebraci\u00f3n de nuestro 10\u00ba aniversario | Fundaci\u00f3 Catalunya Cultura","robots":{"index":"index","follow":"follow","max-snippet":"max-snippet:-1","max-image-preview":"max-image-preview:large","max-video-preview":"max-video-preview:-1"},"canonical":"https:\/\/fundaciocatalunyacultura.cat\/es\/22096\/","og_locale":"es_ES","og_type":"article","og_title":"\u00c9xito de La Nit de l'Empresa i la Cultura, con m\u00e1s de 500 personas acompa\u00f1\u00e1ndonos en la celebraci\u00f3n de nuestro 10\u00ba aniversario | Fundaci\u00f3 Catalunya Cultura","og_description":"Brava Arts gana el premio IMPULSA CULTURA y SEAT S.A. y RCR Arquitectes, el premio EMPRESA CULTURA 2024 M\u00e1s de 500 personas han asistido este martes al Teatre Lliure de Montju\u00efc a La Nit de l&#8217;Empresa i la Cultura 2024, el acto de entrega del Premio IMPULSA CULTURA y EMPRESA CULTURA de este a\u00f1o, y [&hellip;]","og_url":"https:\/\/fundaciocatalunyacultura.cat\/es\/22096\/","og_site_name":"Fundaci\u00f3 Catalunya Cultura","article_publisher":"https:\/\/www.facebook.com\/fundaciocatalunyacultura\/","article_published_time":"2024-10-24T11:26:55+00:00","article_modified_time":"2024-10-30T10:15:19+00:00","og_image":[{"url":"https:\/\/hundreds-wordpress-uploads.s3.amazonaws.com\/fundacio-catalunya-cultura\/uploads\/2024\/10\/DSC8410-Mejorado-NR-scaled.jpg","type":"","width":"","height":""}],"author":"fundacio","twitter_card":"summary_large_image","twitter_creator":"@fcatcultura","twitter_site":"@fcatcultura","twitter_misc":{"Escrito por":"fundacio","Tiempo de lectura":"5 minutos"},"schema":{"@context":"https:\/\/schema.org","@graph":[{"@type":"Article","@id":"https:\/\/fundaciocatalunyacultura.cat\/es\/22096\/#article","isPartOf":{"@id":"https:\/\/fundaciocatalunyacultura.cat\/es\/22096\/"},"author":{"name":"fundacio","@id":"https:\/\/www.fundaciocatalunyacultura.cat\/#\/schema\/person\/f30f60b8448aa2c1761a644f652a4744"},"headline":"\u00c9xito de La Nit de l&#8217;Empresa i la Cultura, con m\u00e1s de 500 personas acompa\u00f1\u00e1ndonos en la celebraci\u00f3n de nuestro 10\u00ba aniversario","datePublished":"2024-10-24T11:26:55+00:00","dateModified":"2024-10-30T10:15:19+00:00","mainEntityOfPage":{"@id":"https:\/\/fundaciocatalunyacultura.cat\/es\/22096\/"},"wordCount":767,"publisher":{"@id":"https:\/\/www.fundaciocatalunyacultura.cat\/#organization"},"image":{"@id":"https:\/\/fundaciocatalunyacultura.cat\/es\/22096\/#primaryimage"},"thumbnailUrl":"https:\/\/hundreds-wordpress-uploads.s3.amazonaws.com\/fundacio-catalunya-cultura\/uploads\/2024\/10\/DSC8410-Mejorado-NR-scaled.jpg","articleSection":["Noticias","Sin categorizar"],"inLanguage":"es"},{"@type":"WebPage","@id":"https:\/\/fundaciocatalunyacultura.cat\/es\/22096\/","url":"https:\/\/fundaciocatalunyacultura.cat\/es\/22096\/","name":"\u00c9xito de La Nit de l'Empresa i la Cultura, con m\u00e1s de 500 personas acompa\u00f1\u00e1ndonos en la celebraci\u00f3n de nuestro 10\u00ba aniversario | Fundaci\u00f3 Catalunya Cultura","isPartOf":{"@id":"https:\/\/www.fundaciocatalunyacultura.cat\/#website"},"primaryImageOfPage":{"@id":"https:\/\/fundaciocatalunyacultura.cat\/es\/22096\/#primaryimage"},"image":{"@id":"https:\/\/fundaciocatalunyacultura.cat\/es\/22096\/#primaryimage"},"thumbnailUrl":"https:\/\/hundreds-wordpress-uploads.s3.amazonaws.com\/fundacio-catalunya-cultura\/uploads\/2024\/10\/DSC8410-Mejorado-NR-scaled.jpg","datePublished":"2024-10-24T11:26:55+00:00","dateModified":"2024-10-30T10:15:19+00:00","breadcrumb":{"@id":"https:\/\/fundaciocatalunyacultura.cat\/es\/22096\/#breadcrumb"},"inLanguage":"es","potentialAction":[{"@type":"ReadAction","target":["https:\/\/fundaciocatalunyacultura.cat\/es\/22096\/"]}]},{"@type":"ImageObject","inLanguage":"es","@id":"https:\/\/fundaciocatalunyacultura.cat\/es\/22096\/#primaryimage","url":"https:\/\/hundreds-wordpress-uploads.s3.amazonaws.com\/fundacio-catalunya-cultura\/uploads\/2024\/10\/DSC8410-Mejorado-NR-scaled.jpg","contentUrl":"https:\/\/hundreds-wordpress-uploads.s3.amazonaws.com\/fundacio-catalunya-cultura\/uploads\/2024\/10\/DSC8410-Mejorado-NR-scaled.jpg"},{"@type":"BreadcrumbList","@id":"https:\/\/fundaciocatalunyacultura.cat\/es\/22096\/#breadcrumb","itemListElement":[{"@type":"ListItem","position":1,"name":"Inici","item":"https:\/\/www.fundaciocatalunyacultura.cat\/es\/"},{"@type":"ListItem","position":2,"name":"\u00c9xito de La Nit de l&#8217;Empresa i la Cultura, con m\u00e1s de 500 personas acompa\u00f1\u00e1ndonos en la celebraci\u00f3n de nuestro 10\u00ba aniversario"}]},{"@type":"WebSite","@id":"https:\/\/www.fundaciocatalunyacultura.cat\/#website","url":"https:\/\/www.fundaciocatalunyacultura.cat\/","name":"Fundaci\u00f3 Catalunya Cultura","description":"","publisher":{"@id":"https:\/\/www.fundaciocatalunyacultura.cat\/#organization"},"potentialAction":[{"@type":"SearchAction","target":{"@type":"EntryPoint","urlTemplate":"https:\/\/www.fundaciocatalunyacultura.cat\/?s={search_term_string}"},"query-input":{"@type":"PropertyValueSpecification","valueRequired":true,"valueName":"search_term_string"}}],"inLanguage":"es"},{"@type":"Organization","@id":"https:\/\/www.fundaciocatalunyacultura.cat\/#organization","name":"Fundaci\u00f3 Catalunya Cultura","url":"https:\/\/www.fundaciocatalunyacultura.cat\/","logo":{"@type":"ImageObject","inLanguage":"es","@id":"https:\/\/www.fundaciocatalunyacultura.cat\/#\/schema\/logo\/image\/","url":"https:\/\/hundreds-wordpress-uploads.s3.amazonaws.com\/fundacio-catalunya-cultura\/uploads\/2021\/03\/fcc_logo_blanc-scaled.jpeg","contentUrl":"https:\/\/hundreds-wordpress-uploads.s3.amazonaws.com\/fundacio-catalunya-cultura\/uploads\/2021\/03\/fcc_logo_blanc-scaled.jpeg","width":2560,"height":1785,"caption":"Fundaci\u00f3 Catalunya Cultura"},"image":{"@id":"https:\/\/www.fundaciocatalunyacultura.cat\/#\/schema\/logo\/image\/"},"sameAs":["https:\/\/www.facebook.com\/fundaciocatalunyacultura\/","https:\/\/x.com\/fcatcultura","https:\/\/www.linkedin.com\/company\/fundaci\u00f3-catalunya-cultura\/","https:\/\/ca.wikipedia.org\/wiki\/Fundaci\u00f3_Catalunya_Cultura"]},{"@type":"Person","@id":"https:\/\/www.fundaciocatalunyacultura.cat\/#\/schema\/person\/f30f60b8448aa2c1761a644f652a4744","name":"fundacio","image":{"@type":"ImageObject","inLanguage":"es","@id":"https:\/\/www.fundaciocatalunyacultura.cat\/#\/schema\/person\/image\/","url":"https:\/\/secure.gravatar.com\/avatar\/fe57a3f139ea81c65a338e37a8064b4e80844f839737532820c9107eb9e1966f?s=96&d=mm&r=g","contentUrl":"https:\/\/secure.gravatar.com\/avatar\/fe57a3f139ea81c65a338e37a8064b4e80844f839737532820c9107eb9e1966f?s=96&d=mm&r=g","caption":"fundacio"},"url":"https:\/\/fundaciocatalunyacultura.cat\/es\/author\/fundacio\/"}]}},"_links":{"self":[{"href":"https:\/\/fundaciocatalunyacultura.cat\/es\/wp-json\/wp\/v2\/posts\/22096","targetHints":{"allow":["GET"]}}],"collection":[{"href":"https:\/\/fundaciocatalunyacultura.cat\/es\/wp-json\/wp\/v2\/posts"}],"about":[{"href":"https:\/\/fundaciocatalunyacultura.cat\/es\/wp-json\/wp\/v2\/types\/post"}],"author":[{"embeddable":true,"href":"https:\/\/fundaciocatalunyacultura.cat\/es\/wp-json\/wp\/v2\/users\/1"}],"replies":[{"embeddable":true,"href":"https:\/\/fundaciocatalunyacultura.cat\/es\/wp-json\/wp\/v2\/comments?post=22096"}],"version-history":[{"count":6,"href":"https:\/\/fundaciocatalunyacultura.cat\/es\/wp-json\/wp\/v2\/posts\/22096\/revisions"}],"predecessor-version":[{"id":22303,"href":"https:\/\/fundaciocatalunyacultura.cat\/es\/wp-json\/wp\/v2\/posts\/22096\/revisions\/22303"}],"wp:attachment":[{"href":"https:\/\/fundaciocatalunyacultura.cat\/es\/wp-json\/wp\/v2\/media?parent=22096"}],"wp:term":[{"taxonomy":"category","embeddable":true,"href":"https:\/\/fundaciocatalunyacultura.cat\/es\/wp-json\/wp\/v2\/categories?post=22096"}],"curies":[{"name":"wp","href":"https:\/\/api.w.org\/{rel}","templated":true}]}}