{"id":20143,"date":"2024-06-25T10:32:53","date_gmt":"2024-06-25T10:32:53","guid":{"rendered":"https:\/\/www.fundaciocatalunyacultura.cat\/?p=20143"},"modified":"2024-06-25T10:32:53","modified_gmt":"2024-06-25T10:32:53","slug":"sumamos-un-acuerdo-de-colaboracion-con-rius-consultors","status":"publish","type":"post","link":"https:\/\/fundaciocatalunyacultura.cat\/es\/sumamos-un-acuerdo-de-colaboracion-con-rius-consultors\/","title":{"rendered":"Sumamos un acuerdo de colaboraci\u00f3n con Rius Consultors"},"content":{"rendered":"<p>Con el objetivo de compartir actuaciones para impulsar la cultura en Catalu\u00f1a, la Fundaci\u00f3 Catalunya Cultura ha firmado un convenio de colaboraci\u00f3n con Rius Consultors Associats SLP, una sociedad profesional de asesoramiento empresarial. El acuerdo lo han formalizado nuestra directora, <strong>Maite Esteve<\/strong>, y el director de la empresa, Enric Rius.<\/p>\n<p>El convenio recoge l\u00edneas de cooperaci\u00f3n que contribuyen al fomento del sector cultural. Entre estas iniciativas hay que destacar el asesoramiento por parte de Rius Consultors a entidades vinculadas a la Fundaci\u00f3n para resolver dudas fiscales, entre ellos, los relacionados con los beneficios que ha introducido la reforma de la Ley de Mecenazgo, en vigor desde el pasado 1 de enero.<\/p>\n<p>Con esta alianza, los servicios de Rius Consultors entran a formar parte del Cat\u00e1logo IMPULSA y la Fundaci\u00f3n publicar\u00e1 peri\u00f3dicamente en sus redes sociales y canales corporativos preguntas frecuentes sobre cuestiones fiscales con sus correspondientes respuestas, de manera concisa y clara.<\/p>\n<p>En total, la Fundaci\u00f3n ha establecido 38 alianzas con instituciones y empresas con las cuales trabajamos de manera activa para impulsar la cultura, el talento y la creatividad como v\u00eda de transformaci\u00f3n social y econ\u00f3mica.<\/p>\n","protected":false},"excerpt":{"rendered":"<p>Con el objetivo de compartir actuaciones para impulsar la cultura en Catalu\u00f1a, la Fundaci\u00f3 Catalunya Cultura ha firmado un convenio de colaboraci\u00f3n con Rius Consultors Associats SLP, una sociedad profesional de asesoramiento empresarial. El acuerdo lo han formalizado nuestra directora, Maite Esteve, y el director de la empresa, Enric Rius. El convenio recoge l\u00edneas de [&hellip;]<\/p>\n","protected":false},"author":1,"featured_media":0,"comment_status":"closed","ping_status":"closed","sticky":false,"template":"","format":"standard","meta":{"_acf_changed":false,"footnotes":""},"categories":[44],"class_list":["post-20143","post","type-post","status-publish","format-standard","hentry","category-noticias"],"acf":[],"yoast_head":"<!-- This site is optimized with the Yoast SEO plugin v25.1 - https:\/\/yoast.com\/wordpress\/plugins\/seo\/ -->\n<title>Sumamos un acuerdo de colaboraci\u00f3n con Rius Consultors | Fundaci\u00f3 Catalunya Cultura<\/title>\n<meta name=\"robots\" content=\"index, follow, max-snippet:-1, max-image-preview:large, max-video-preview:-1\" \/>\n<link rel=\"canonical\" href=\"https:\/\/fundaciocatalunyacultura.cat\/es\/sumamos-un-acuerdo-de-colaboracion-con-rius-consultors\/\" \/>\n<meta property=\"og:locale\" content=\"es_ES\" \/>\n<meta property=\"og:type\" content=\"article\" \/>\n<meta property=\"og:title\" content=\"Sumamos un acuerdo de colaboraci\u00f3n con Rius Consultors | Fundaci\u00f3 Catalunya Cultura\" \/>\n<meta property=\"og:description\" content=\"Con el objetivo de compartir actuaciones para impulsar la cultura en Catalu\u00f1a, la Fundaci\u00f3 Catalunya Cultura ha firmado un convenio de colaboraci\u00f3n con Rius Consultors Associats SLP, una sociedad profesional de asesoramiento empresarial. El acuerdo lo han formalizado nuestra directora, Maite Esteve, y el director de la empresa, Enric Rius. El convenio recoge l\u00edneas de [&hellip;]\" \/>\n<meta property=\"og:url\" content=\"https:\/\/fundaciocatalunyacultura.cat\/es\/sumamos-un-acuerdo-de-colaboracion-con-rius-consultors\/\" \/>\n<meta property=\"og:site_name\" content=\"Fundaci\u00f3 Catalunya Cultura\" \/>\n<meta property=\"article:publisher\" content=\"https:\/\/www.facebook.com\/fundaciocatalunyacultura\/\" \/>\n<meta property=\"article:published_time\" content=\"2024-06-25T10:32:53+00:00\" \/>\n<meta name=\"author\" content=\"fundacio\" \/>\n<meta name=\"twitter:card\" content=\"summary_large_image\" \/>\n<meta name=\"twitter:creator\" content=\"@fcatcultura\" \/>\n<meta name=\"twitter:site\" content=\"@fcatcultura\" \/>\n<meta name=\"twitter:label1\" content=\"Escrito por\" \/>\n\t<meta name=\"twitter:data1\" content=\"fundacio\" \/>\n\t<meta name=\"twitter:label2\" content=\"Tiempo de lectura\" \/>\n\t<meta name=\"twitter:data2\" content=\"2 minutos\" \/>\n<script type=\"application\/ld+json\" class=\"yoast-schema-graph\">{\"@context\":\"https:\/\/schema.org\",\"@graph\":[{\"@type\":\"Article\",\"@id\":\"https:\/\/fundaciocatalunyacultura.cat\/es\/sumamos-un-acuerdo-de-colaboracion-con-rius-consultors\/#article\",\"isPartOf\":{\"@id\":\"https:\/\/fundaciocatalunyacultura.cat\/es\/sumamos-un-acuerdo-de-colaboracion-con-rius-consultors\/\"},\"author\":{\"name\":\"fundacio\",\"@id\":\"https:\/\/www.fundaciocatalunyacultura.cat\/es\/#\/schema\/person\/f30f60b8448aa2c1761a644f652a4744\"},\"headline\":\"Sumamos un acuerdo de colaboraci\u00f3n con Rius Consultors\",\"datePublished\":\"2024-06-25T10:32:53+00:00\",\"mainEntityOfPage\":{\"@id\":\"https:\/\/fundaciocatalunyacultura.cat\/es\/sumamos-un-acuerdo-de-colaboracion-con-rius-consultors\/\"},\"wordCount\":206,\"publisher\":{\"@id\":\"https:\/\/www.fundaciocatalunyacultura.cat\/es\/#organization\"},\"articleSection\":[\"Noticias\"],\"inLanguage\":\"es\"},{\"@type\":\"WebPage\",\"@id\":\"https:\/\/fundaciocatalunyacultura.cat\/es\/sumamos-un-acuerdo-de-colaboracion-con-rius-consultors\/\",\"url\":\"https:\/\/fundaciocatalunyacultura.cat\/es\/sumamos-un-acuerdo-de-colaboracion-con-rius-consultors\/\",\"name\":\"Sumamos un acuerdo de colaboraci\u00f3n con Rius Consultors | Fundaci\u00f3 Catalunya Cultura\",\"isPartOf\":{\"@id\":\"https:\/\/www.fundaciocatalunyacultura.cat\/es\/#website\"},\"datePublished\":\"2024-06-25T10:32:53+00:00\",\"breadcrumb\":{\"@id\":\"https:\/\/fundaciocatalunyacultura.cat\/es\/sumamos-un-acuerdo-de-colaboracion-con-rius-consultors\/#breadcrumb\"},\"inLanguage\":\"es\",\"potentialAction\":[{\"@type\":\"ReadAction\",\"target\":[\"https:\/\/fundaciocatalunyacultura.cat\/es\/sumamos-un-acuerdo-de-colaboracion-con-rius-consultors\/\"]}]},{\"@type\":\"BreadcrumbList\",\"@id\":\"https:\/\/fundaciocatalunyacultura.cat\/es\/sumamos-un-acuerdo-de-colaboracion-con-rius-consultors\/#breadcrumb\",\"itemListElement\":[{\"@type\":\"ListItem\",\"position\":1,\"name\":\"Inici\",\"item\":\"https:\/\/www.fundaciocatalunyacultura.cat\/es\/\"},{\"@type\":\"ListItem\",\"position\":2,\"name\":\"Sumamos un acuerdo de colaboraci\u00f3n con Rius Consultors\"}]},{\"@type\":\"WebSite\",\"@id\":\"https:\/\/www.fundaciocatalunyacultura.cat\/es\/#website\",\"url\":\"https:\/\/www.fundaciocatalunyacultura.cat\/es\/\",\"name\":\"Fundaci\u00f3 Catalunya Cultura\",\"description\":\"\",\"publisher\":{\"@id\":\"https:\/\/www.fundaciocatalunyacultura.cat\/es\/#organization\"},\"potentialAction\":[{\"@type\":\"SearchAction\",\"target\":{\"@type\":\"EntryPoint\",\"urlTemplate\":\"https:\/\/www.fundaciocatalunyacultura.cat\/es\/?s={search_term_string}\"},\"query-input\":{\"@type\":\"PropertyValueSpecification\",\"valueRequired\":true,\"valueName\":\"search_term_string\"}}],\"inLanguage\":\"es\"},{\"@type\":\"Organization\",\"@id\":\"https:\/\/www.fundaciocatalunyacultura.cat\/es\/#organization\",\"name\":\"Fundaci\u00f3 Catalunya Cultura\",\"url\":\"https:\/\/www.fundaciocatalunyacultura.cat\/es\/\",\"logo\":{\"@type\":\"ImageObject\",\"inLanguage\":\"es\",\"@id\":\"https:\/\/www.fundaciocatalunyacultura.cat\/es\/#\/schema\/logo\/image\/\",\"url\":\"https:\/\/hundreds-wordpress-uploads.s3.amazonaws.com\/fundacio-catalunya-cultura\/uploads\/2021\/03\/fcc_logo_blanc-scaled.jpeg\",\"contentUrl\":\"https:\/\/hundreds-wordpress-uploads.s3.amazonaws.com\/fundacio-catalunya-cultura\/uploads\/2021\/03\/fcc_logo_blanc-scaled.jpeg\",\"width\":2560,\"height\":1785,\"caption\":\"Fundaci\u00f3 Catalunya Cultura\"},\"image\":{\"@id\":\"https:\/\/www.fundaciocatalunyacultura.cat\/es\/#\/schema\/logo\/image\/\"},\"sameAs\":[\"https:\/\/www.facebook.com\/fundaciocatalunyacultura\/\",\"https:\/\/x.com\/fcatcultura\",\"https:\/\/www.linkedin.com\/company\/fundaci\u00f3-catalunya-cultura\/\",\"https:\/\/ca.wikipedia.org\/wiki\/Fundaci\u00f3_Catalunya_Cultura\"]},{\"@type\":\"Person\",\"@id\":\"https:\/\/www.fundaciocatalunyacultura.cat\/es\/#\/schema\/person\/f30f60b8448aa2c1761a644f652a4744\",\"name\":\"fundacio\",\"image\":{\"@type\":\"ImageObject\",\"inLanguage\":\"es\",\"@id\":\"https:\/\/www.fundaciocatalunyacultura.cat\/es\/#\/schema\/person\/image\/\",\"url\":\"https:\/\/secure.gravatar.com\/avatar\/fe57a3f139ea81c65a338e37a8064b4e80844f839737532820c9107eb9e1966f?s=96&d=mm&r=g\",\"contentUrl\":\"https:\/\/secure.gravatar.com\/avatar\/fe57a3f139ea81c65a338e37a8064b4e80844f839737532820c9107eb9e1966f?s=96&d=mm&r=g\",\"caption\":\"fundacio\"},\"url\":\"https:\/\/fundaciocatalunyacultura.cat\/es\/author\/fundacio\/\"}]}<\/script>\n<!-- \/ Yoast SEO plugin. -->","yoast_head_json":{"title":"Sumamos un acuerdo de colaboraci\u00f3n con Rius Consultors | Fundaci\u00f3 Catalunya Cultura","robots":{"index":"index","follow":"follow","max-snippet":"max-snippet:-1","max-image-preview":"max-image-preview:large","max-video-preview":"max-video-preview:-1"},"canonical":"https:\/\/fundaciocatalunyacultura.cat\/es\/sumamos-un-acuerdo-de-colaboracion-con-rius-consultors\/","og_locale":"es_ES","og_type":"article","og_title":"Sumamos un acuerdo de colaboraci\u00f3n con Rius Consultors | Fundaci\u00f3 Catalunya Cultura","og_description":"Con el objetivo de compartir actuaciones para impulsar la cultura en Catalu\u00f1a, la Fundaci\u00f3 Catalunya Cultura ha firmado un convenio de colaboraci\u00f3n con Rius Consultors Associats SLP, una sociedad profesional de asesoramiento empresarial. El acuerdo lo han formalizado nuestra directora, Maite Esteve, y el director de la empresa, Enric Rius. El convenio recoge l\u00edneas de [&hellip;]","og_url":"https:\/\/fundaciocatalunyacultura.cat\/es\/sumamos-un-acuerdo-de-colaboracion-con-rius-consultors\/","og_site_name":"Fundaci\u00f3 Catalunya Cultura","article_publisher":"https:\/\/www.facebook.com\/fundaciocatalunyacultura\/","article_published_time":"2024-06-25T10:32:53+00:00","author":"fundacio","twitter_card":"summary_large_image","twitter_creator":"@fcatcultura","twitter_site":"@fcatcultura","twitter_misc":{"Escrito por":"fundacio","Tiempo de lectura":"2 minutos"},"schema":{"@context":"https:\/\/schema.org","@graph":[{"@type":"Article","@id":"https:\/\/fundaciocatalunyacultura.cat\/es\/sumamos-un-acuerdo-de-colaboracion-con-rius-consultors\/#article","isPartOf":{"@id":"https:\/\/fundaciocatalunyacultura.cat\/es\/sumamos-un-acuerdo-de-colaboracion-con-rius-consultors\/"},"author":{"name":"fundacio","@id":"https:\/\/www.fundaciocatalunyacultura.cat\/es\/#\/schema\/person\/f30f60b8448aa2c1761a644f652a4744"},"headline":"Sumamos un acuerdo de colaboraci\u00f3n con Rius Consultors","datePublished":"2024-06-25T10:32:53+00:00","mainEntityOfPage":{"@id":"https:\/\/fundaciocatalunyacultura.cat\/es\/sumamos-un-acuerdo-de-colaboracion-con-rius-consultors\/"},"wordCount":206,"publisher":{"@id":"https:\/\/www.fundaciocatalunyacultura.cat\/es\/#organization"},"articleSection":["Noticias"],"inLanguage":"es"},{"@type":"WebPage","@id":"https:\/\/fundaciocatalunyacultura.cat\/es\/sumamos-un-acuerdo-de-colaboracion-con-rius-consultors\/","url":"https:\/\/fundaciocatalunyacultura.cat\/es\/sumamos-un-acuerdo-de-colaboracion-con-rius-consultors\/","name":"Sumamos un acuerdo de colaboraci\u00f3n con Rius Consultors | Fundaci\u00f3 Catalunya Cultura","isPartOf":{"@id":"https:\/\/www.fundaciocatalunyacultura.cat\/es\/#website"},"datePublished":"2024-06-25T10:32:53+00:00","breadcrumb":{"@id":"https:\/\/fundaciocatalunyacultura.cat\/es\/sumamos-un-acuerdo-de-colaboracion-con-rius-consultors\/#breadcrumb"},"inLanguage":"es","potentialAction":[{"@type":"ReadAction","target":["https:\/\/fundaciocatalunyacultura.cat\/es\/sumamos-un-acuerdo-de-colaboracion-con-rius-consultors\/"]}]},{"@type":"BreadcrumbList","@id":"https:\/\/fundaciocatalunyacultura.cat\/es\/sumamos-un-acuerdo-de-colaboracion-con-rius-consultors\/#breadcrumb","itemListElement":[{"@type":"ListItem","position":1,"name":"Inici","item":"https:\/\/www.fundaciocatalunyacultura.cat\/es\/"},{"@type":"ListItem","position":2,"name":"Sumamos un acuerdo de colaboraci\u00f3n con Rius Consultors"}]},{"@type":"WebSite","@id":"https:\/\/www.fundaciocatalunyacultura.cat\/es\/#website","url":"https:\/\/www.fundaciocatalunyacultura.cat\/es\/","name":"Fundaci\u00f3 Catalunya Cultura","description":"","publisher":{"@id":"https:\/\/www.fundaciocatalunyacultura.cat\/es\/#organization"},"potentialAction":[{"@type":"SearchAction","target":{"@type":"EntryPoint","urlTemplate":"https:\/\/www.fundaciocatalunyacultura.cat\/es\/?s={search_term_string}"},"query-input":{"@type":"PropertyValueSpecification","valueRequired":true,"valueName":"search_term_string"}}],"inLanguage":"es"},{"@type":"Organization","@id":"https:\/\/www.fundaciocatalunyacultura.cat\/es\/#organization","name":"Fundaci\u00f3 Catalunya Cultura","url":"https:\/\/www.fundaciocatalunyacultura.cat\/es\/","logo":{"@type":"ImageObject","inLanguage":"es","@id":"https:\/\/www.fundaciocatalunyacultura.cat\/es\/#\/schema\/logo\/image\/","url":"https:\/\/hundreds-wordpress-uploads.s3.amazonaws.com\/fundacio-catalunya-cultura\/uploads\/2021\/03\/fcc_logo_blanc-scaled.jpeg","contentUrl":"https:\/\/hundreds-wordpress-uploads.s3.amazonaws.com\/fundacio-catalunya-cultura\/uploads\/2021\/03\/fcc_logo_blanc-scaled.jpeg","width":2560,"height":1785,"caption":"Fundaci\u00f3 Catalunya Cultura"},"image":{"@id":"https:\/\/www.fundaciocatalunyacultura.cat\/es\/#\/schema\/logo\/image\/"},"sameAs":["https:\/\/www.facebook.com\/fundaciocatalunyacultura\/","https:\/\/x.com\/fcatcultura","https:\/\/www.linkedin.com\/company\/fundaci\u00f3-catalunya-cultura\/","https:\/\/ca.wikipedia.org\/wiki\/Fundaci\u00f3_Catalunya_Cultura"]},{"@type":"Person","@id":"https:\/\/www.fundaciocatalunyacultura.cat\/es\/#\/schema\/person\/f30f60b8448aa2c1761a644f652a4744","name":"fundacio","image":{"@type":"ImageObject","inLanguage":"es","@id":"https:\/\/www.fundaciocatalunyacultura.cat\/es\/#\/schema\/person\/image\/","url":"https:\/\/secure.gravatar.com\/avatar\/fe57a3f139ea81c65a338e37a8064b4e80844f839737532820c9107eb9e1966f?s=96&d=mm&r=g","contentUrl":"https:\/\/secure.gravatar.com\/avatar\/fe57a3f139ea81c65a338e37a8064b4e80844f839737532820c9107eb9e1966f?s=96&d=mm&r=g","caption":"fundacio"},"url":"https:\/\/fundaciocatalunyacultura.cat\/es\/author\/fundacio\/"}]}},"_links":{"self":[{"href":"https:\/\/fundaciocatalunyacultura.cat\/es\/wp-json\/wp\/v2\/posts\/20143","targetHints":{"allow":["GET"]}}],"collection":[{"href":"https:\/\/fundaciocatalunyacultura.cat\/es\/wp-json\/wp\/v2\/posts"}],"about":[{"href":"https:\/\/fundaciocatalunyacultura.cat\/es\/wp-json\/wp\/v2\/types\/post"}],"author":[{"embeddable":true,"href":"https:\/\/fundaciocatalunyacultura.cat\/es\/wp-json\/wp\/v2\/users\/1"}],"replies":[{"embeddable":true,"href":"https:\/\/fundaciocatalunyacultura.cat\/es\/wp-json\/wp\/v2\/comments?post=20143"}],"version-history":[{"count":1,"href":"https:\/\/fundaciocatalunyacultura.cat\/es\/wp-json\/wp\/v2\/posts\/20143\/revisions"}],"predecessor-version":[{"id":20162,"href":"https:\/\/fundaciocatalunyacultura.cat\/es\/wp-json\/wp\/v2\/posts\/20143\/revisions\/20162"}],"wp:attachment":[{"href":"https:\/\/fundaciocatalunyacultura.cat\/es\/wp-json\/wp\/v2\/media?parent=20143"}],"wp:term":[{"taxonomy":"category","embeddable":true,"href":"https:\/\/fundaciocatalunyacultura.cat\/es\/wp-json\/wp\/v2\/categories?post=20143"}],"curies":[{"name":"wp","href":"https:\/\/api.w.org\/{rel}","templated":true}]}}