{"id":16922,"date":"2023-12-22T14:24:51","date_gmt":"2023-12-22T14:24:51","guid":{"rendered":"https:\/\/www.fundaciocatalunyacultura.cat\/?p=16922"},"modified":"2023-12-22T14:27:02","modified_gmt":"2023-12-22T14:27:02","slug":"celebramos-la-aprobacion-de-la-reforma-de-a-ley-de-mecenazgo-mediante-real-decreto-ley","status":"publish","type":"post","link":"https:\/\/fundaciocatalunyacultura.cat\/es\/celebramos-la-aprobacion-de-la-reforma-de-a-ley-de-mecenazgo-mediante-real-decreto-ley\/","title":{"rendered":"Celebramos la aprobaci\u00f3n de la reforma de la Ley de Mecenazgo mediante Real decreto ley"},"content":{"rendered":"<p><strong>Foto<\/strong>: De izquierda a derecha: Helena Solano, responsable de los Servicios jur\u00eddicos de la Coordinadora Catalana de Fundaciones (CCF); Isabel Pe\u00f1alosa, directora de Relaciones Institucionales de la Asociaci\u00f3n Espa\u00f1ola de Fundaciones (AEF); Sergi Miquel, ex-diputado del PdCAT; Maite Esteve, directora de la Fundaci\u00f3 Cataluny Cultura, y Sara P\u00e9rez, gerente de la CCF. Todos ellos asistieron a la sesi\u00f3n de aprobaci\u00f3n de la reforma de la Ley en el Congreso de los Diputados el pasado mas de abril.<\/p>\n<p>El Consejo de Ministros ha aprobado este martes, 19 de diciembre, un <strong>Real decreto ley,<\/strong>\u00a0el cual modifica la <strong>Ley de Mecenazgo vigente desde hace 21 a\u00f1os.<\/strong><\/p>\n<p>La aprobaci\u00f3n de la reforma de esta ley se frustr\u00f3 en la pasada legislatura dos d\u00edas antes de recibir la conformidad del Senado. Despu\u00e9s de ser confirmada en el Congreso con los votos favorables de todos los partidos pol\u00edticos (31 votos) y la abstenci\u00f3n de Vox (5 abstenciones), la reforma se encontraba en tr\u00e1mite en la C\u00e1mara Alta cuando ambas C\u00e1maras se disolvieron por el adelanto electoral del 23J. Ahora, el Gobierno lo ha aprobado este martes como Real decreto ley y entrar\u00e1 en vigor el 1 de enero de 2024. Posteriormente, el Parlamento tendr\u00e1 que validarla.<\/p>\n<p>El marco jur\u00eddico vigente en Espa\u00f1a para el mecenazgo es la <strong>Ley 49\/2002, de 23 de diciembre<\/strong> que, a su vez, actualizaba la Ley 30\/1994, de Fundaciones y de Incentivos Fiscales a la Participaci\u00f3n Privada en Actividades de Inter\u00e9s General, la primera que incorpor\u00f3 el t\u00e9rmino \u201cmecenazgo\u201d.<\/p>\n<p>La directora de la Fundaci\u00f3 Cataluna Cultura, <strong>Maite Esteve<\/strong>, ha destacado: \u201cFeliz por la respuesta a una reivindicaci\u00f3n hist\u00f3rica a una legislaci\u00f3n en materia de mecenazgo que se adapte al s. XXI, m\u00e1s europea y justa que pose en valor la solidaridad y la participaci\u00f3n privada en el inter\u00e9s p\u00fablico. Queda camino para recorrer pero celebramos el avance y agradecemos en tantas personas que desde m\u00faltiples plataformas lo han hecho posible\u201d.<\/p>\n<p>Hay que destacar que conseguir un nuevo marco legal y fiscal de mecenazgo en el Estado que favorezca el compromiso ciudadano y empresarial con la cultura a trav\u00e9s de la filantrop\u00eda y el mecenazgo, ha sido uno de los objetivos principales de la Fundaci\u00f3n desde su creaci\u00f3n. La Fundaci\u00f3n lidera la <strong>Plataforma por el Mecenazgo<\/strong> que engloba m\u00e1s de 180 entidades de los \u00e1mbitos cultural, social y de investigaci\u00f3n e investigaci\u00f3n, que se han sumado a la reivindicaci\u00f3n de la reforma de la Ley, y que tienen en com\u00fan una misma visi\u00f3n en cuanto a la promoci\u00f3n del mecenazgo.<\/p>\n<p>La aprobaci\u00f3n de esta reforma de la ley es el resultado del trabajo colectivo de las entidades no lucrativas, que lleva a\u00f1os reclam\u00e1ndola, y su interlocuci\u00f3n con el Congreso y con el Ministerio de Hacienda y Funci\u00f3n P\u00fablica.<\/p>\n","protected":false},"excerpt":{"rendered":"<p>Foto: De izquierda a derecha: Helena Solano, responsable de los Servicios jur\u00eddicos de la Coordinadora Catalana de Fundaciones (CCF); Isabel Pe\u00f1alosa, directora de Relaciones Institucionales de la Asociaci\u00f3n Espa\u00f1ola de Fundaciones (AEF); Sergi Miquel, ex-diputado del PdCAT; Maite Esteve, directora de la Fundaci\u00f3 Cataluny Cultura, y Sara P\u00e9rez, gerente de la CCF. Todos ellos asistieron [&hellip;]<\/p>\n","protected":false},"author":1,"featured_media":0,"comment_status":"closed","ping_status":"closed","sticky":false,"template":"","format":"standard","meta":{"_acf_changed":false,"footnotes":""},"categories":[44],"class_list":["post-16922","post","type-post","status-publish","format-standard","hentry","category-noticias"],"acf":[],"yoast_head":"<!-- This site is optimized with the Yoast SEO plugin v25.1 - https:\/\/yoast.com\/wordpress\/plugins\/seo\/ -->\n<title>Celebramos la aprobaci\u00f3n de la reforma de la Ley de Mecenazgo mediante Real decreto ley | Fundaci\u00f3 Catalunya Cultura<\/title>\n<meta name=\"robots\" content=\"index, follow, max-snippet:-1, max-image-preview:large, max-video-preview:-1\" \/>\n<link rel=\"canonical\" href=\"https:\/\/fundaciocatalunyacultura.cat\/es\/celebramos-la-aprobacion-de-la-reforma-de-a-ley-de-mecenazgo-mediante-real-decreto-ley\/\" \/>\n<meta property=\"og:locale\" content=\"es_ES\" \/>\n<meta property=\"og:type\" content=\"article\" \/>\n<meta property=\"og:title\" content=\"Celebramos la aprobaci\u00f3n de la reforma de la Ley de Mecenazgo mediante Real decreto ley | Fundaci\u00f3 Catalunya Cultura\" \/>\n<meta property=\"og:description\" content=\"Foto: De izquierda a derecha: Helena Solano, responsable de los Servicios jur\u00eddicos de la Coordinadora Catalana de Fundaciones (CCF); Isabel Pe\u00f1alosa, directora de Relaciones Institucionales de la Asociaci\u00f3n Espa\u00f1ola de Fundaciones (AEF); Sergi Miquel, ex-diputado del PdCAT; Maite Esteve, directora de la Fundaci\u00f3 Cataluny Cultura, y Sara P\u00e9rez, gerente de la CCF. Todos ellos asistieron [&hellip;]\" \/>\n<meta property=\"og:url\" content=\"https:\/\/fundaciocatalunyacultura.cat\/es\/celebramos-la-aprobacion-de-la-reforma-de-a-ley-de-mecenazgo-mediante-real-decreto-ley\/\" \/>\n<meta property=\"og:site_name\" content=\"Fundaci\u00f3 Catalunya Cultura\" \/>\n<meta property=\"article:publisher\" content=\"https:\/\/www.facebook.com\/fundaciocatalunyacultura\/\" \/>\n<meta property=\"article:published_time\" content=\"2023-12-22T14:24:51+00:00\" \/>\n<meta property=\"article:modified_time\" content=\"2023-12-22T14:27:02+00:00\" \/>\n<meta name=\"author\" content=\"fundacio\" \/>\n<meta name=\"twitter:card\" content=\"summary_large_image\" \/>\n<meta name=\"twitter:creator\" content=\"@fcatcultura\" \/>\n<meta name=\"twitter:site\" content=\"@fcatcultura\" \/>\n<meta name=\"twitter:label1\" content=\"Escrito por\" \/>\n\t<meta name=\"twitter:data1\" content=\"fundacio\" \/>\n\t<meta name=\"twitter:label2\" content=\"Tiempo de lectura\" \/>\n\t<meta name=\"twitter:data2\" content=\"3 minutos\" \/>\n<script type=\"application\/ld+json\" class=\"yoast-schema-graph\">{\"@context\":\"https:\/\/schema.org\",\"@graph\":[{\"@type\":\"Article\",\"@id\":\"https:\/\/fundaciocatalunyacultura.cat\/es\/celebramos-la-aprobacion-de-la-reforma-de-a-ley-de-mecenazgo-mediante-real-decreto-ley\/#article\",\"isPartOf\":{\"@id\":\"https:\/\/fundaciocatalunyacultura.cat\/es\/celebramos-la-aprobacion-de-la-reforma-de-a-ley-de-mecenazgo-mediante-real-decreto-ley\/\"},\"author\":{\"name\":\"fundacio\",\"@id\":\"https:\/\/fundaciocatalunyacultura.cat\/#\/schema\/person\/f30f60b8448aa2c1761a644f652a4744\"},\"headline\":\"Celebramos la aprobaci\u00f3n de la reforma de la Ley de Mecenazgo mediante Real decreto ley\",\"datePublished\":\"2023-12-22T14:24:51+00:00\",\"dateModified\":\"2023-12-22T14:27:02+00:00\",\"mainEntityOfPage\":{\"@id\":\"https:\/\/fundaciocatalunyacultura.cat\/es\/celebramos-la-aprobacion-de-la-reforma-de-a-ley-de-mecenazgo-mediante-real-decreto-ley\/\"},\"wordCount\":509,\"publisher\":{\"@id\":\"https:\/\/fundaciocatalunyacultura.cat\/#organization\"},\"articleSection\":[\"Noticias\"],\"inLanguage\":\"es\"},{\"@type\":\"WebPage\",\"@id\":\"https:\/\/fundaciocatalunyacultura.cat\/es\/celebramos-la-aprobacion-de-la-reforma-de-a-ley-de-mecenazgo-mediante-real-decreto-ley\/\",\"url\":\"https:\/\/fundaciocatalunyacultura.cat\/es\/celebramos-la-aprobacion-de-la-reforma-de-a-ley-de-mecenazgo-mediante-real-decreto-ley\/\",\"name\":\"Celebramos la aprobaci\u00f3n de la reforma de la Ley de Mecenazgo mediante Real decreto ley | Fundaci\u00f3 Catalunya Cultura\",\"isPartOf\":{\"@id\":\"https:\/\/fundaciocatalunyacultura.cat\/#website\"},\"datePublished\":\"2023-12-22T14:24:51+00:00\",\"dateModified\":\"2023-12-22T14:27:02+00:00\",\"breadcrumb\":{\"@id\":\"https:\/\/fundaciocatalunyacultura.cat\/es\/celebramos-la-aprobacion-de-la-reforma-de-a-ley-de-mecenazgo-mediante-real-decreto-ley\/#breadcrumb\"},\"inLanguage\":\"es\",\"potentialAction\":[{\"@type\":\"ReadAction\",\"target\":[\"https:\/\/fundaciocatalunyacultura.cat\/es\/celebramos-la-aprobacion-de-la-reforma-de-a-ley-de-mecenazgo-mediante-real-decreto-ley\/\"]}]},{\"@type\":\"BreadcrumbList\",\"@id\":\"https:\/\/fundaciocatalunyacultura.cat\/es\/celebramos-la-aprobacion-de-la-reforma-de-a-ley-de-mecenazgo-mediante-real-decreto-ley\/#breadcrumb\",\"itemListElement\":[{\"@type\":\"ListItem\",\"position\":1,\"name\":\"Inici\",\"item\":\"https:\/\/fundaciocatalunyacultura.cat\/es\/\"},{\"@type\":\"ListItem\",\"position\":2,\"name\":\"Celebramos la aprobaci\u00f3n de la reforma de la Ley de Mecenazgo mediante Real decreto ley\"}]},{\"@type\":\"WebSite\",\"@id\":\"https:\/\/fundaciocatalunyacultura.cat\/#website\",\"url\":\"https:\/\/fundaciocatalunyacultura.cat\/\",\"name\":\"Fundaci\u00f3 Catalunya Cultura\",\"description\":\"\",\"publisher\":{\"@id\":\"https:\/\/fundaciocatalunyacultura.cat\/#organization\"},\"potentialAction\":[{\"@type\":\"SearchAction\",\"target\":{\"@type\":\"EntryPoint\",\"urlTemplate\":\"https:\/\/fundaciocatalunyacultura.cat\/?s={search_term_string}\"},\"query-input\":{\"@type\":\"PropertyValueSpecification\",\"valueRequired\":true,\"valueName\":\"search_term_string\"}}],\"inLanguage\":\"es\"},{\"@type\":\"Organization\",\"@id\":\"https:\/\/fundaciocatalunyacultura.cat\/#organization\",\"name\":\"Fundaci\u00f3 Catalunya Cultura\",\"url\":\"https:\/\/fundaciocatalunyacultura.cat\/\",\"logo\":{\"@type\":\"ImageObject\",\"inLanguage\":\"es\",\"@id\":\"https:\/\/fundaciocatalunyacultura.cat\/#\/schema\/logo\/image\/\",\"url\":\"https:\/\/hundreds-wordpress-uploads.s3.amazonaws.com\/fundacio-catalunya-cultura\/uploads\/2021\/03\/fcc_logo_blanc-scaled.jpeg\",\"contentUrl\":\"https:\/\/hundreds-wordpress-uploads.s3.amazonaws.com\/fundacio-catalunya-cultura\/uploads\/2021\/03\/fcc_logo_blanc-scaled.jpeg\",\"width\":2560,\"height\":1785,\"caption\":\"Fundaci\u00f3 Catalunya Cultura\"},\"image\":{\"@id\":\"https:\/\/fundaciocatalunyacultura.cat\/#\/schema\/logo\/image\/\"},\"sameAs\":[\"https:\/\/www.facebook.com\/fundaciocatalunyacultura\/\",\"https:\/\/x.com\/fcatcultura\",\"https:\/\/www.linkedin.com\/company\/fundaci\u00f3-catalunya-cultura\/\",\"https:\/\/ca.wikipedia.org\/wiki\/Fundaci\u00f3_Catalunya_Cultura\"]},{\"@type\":\"Person\",\"@id\":\"https:\/\/fundaciocatalunyacultura.cat\/#\/schema\/person\/f30f60b8448aa2c1761a644f652a4744\",\"name\":\"fundacio\",\"image\":{\"@type\":\"ImageObject\",\"inLanguage\":\"es\",\"@id\":\"https:\/\/fundaciocatalunyacultura.cat\/#\/schema\/person\/image\/\",\"url\":\"https:\/\/secure.gravatar.com\/avatar\/fe57a3f139ea81c65a338e37a8064b4e80844f839737532820c9107eb9e1966f?s=96&d=mm&r=g\",\"contentUrl\":\"https:\/\/secure.gravatar.com\/avatar\/fe57a3f139ea81c65a338e37a8064b4e80844f839737532820c9107eb9e1966f?s=96&d=mm&r=g\",\"caption\":\"fundacio\"},\"url\":\"https:\/\/fundaciocatalunyacultura.cat\/es\/author\/fundacio\/\"}]}<\/script>\n<!-- \/ Yoast SEO plugin. -->","yoast_head_json":{"title":"Celebramos la aprobaci\u00f3n de la reforma de la Ley de Mecenazgo mediante Real decreto ley | Fundaci\u00f3 Catalunya Cultura","robots":{"index":"index","follow":"follow","max-snippet":"max-snippet:-1","max-image-preview":"max-image-preview:large","max-video-preview":"max-video-preview:-1"},"canonical":"https:\/\/fundaciocatalunyacultura.cat\/es\/celebramos-la-aprobacion-de-la-reforma-de-a-ley-de-mecenazgo-mediante-real-decreto-ley\/","og_locale":"es_ES","og_type":"article","og_title":"Celebramos la aprobaci\u00f3n de la reforma de la Ley de Mecenazgo mediante Real decreto ley | Fundaci\u00f3 Catalunya Cultura","og_description":"Foto: De izquierda a derecha: Helena Solano, responsable de los Servicios jur\u00eddicos de la Coordinadora Catalana de Fundaciones (CCF); Isabel Pe\u00f1alosa, directora de Relaciones Institucionales de la Asociaci\u00f3n Espa\u00f1ola de Fundaciones (AEF); Sergi Miquel, ex-diputado del PdCAT; Maite Esteve, directora de la Fundaci\u00f3 Cataluny Cultura, y Sara P\u00e9rez, gerente de la CCF. Todos ellos asistieron [&hellip;]","og_url":"https:\/\/fundaciocatalunyacultura.cat\/es\/celebramos-la-aprobacion-de-la-reforma-de-a-ley-de-mecenazgo-mediante-real-decreto-ley\/","og_site_name":"Fundaci\u00f3 Catalunya Cultura","article_publisher":"https:\/\/www.facebook.com\/fundaciocatalunyacultura\/","article_published_time":"2023-12-22T14:24:51+00:00","article_modified_time":"2023-12-22T14:27:02+00:00","author":"fundacio","twitter_card":"summary_large_image","twitter_creator":"@fcatcultura","twitter_site":"@fcatcultura","twitter_misc":{"Escrito por":"fundacio","Tiempo de lectura":"3 minutos"},"schema":{"@context":"https:\/\/schema.org","@graph":[{"@type":"Article","@id":"https:\/\/fundaciocatalunyacultura.cat\/es\/celebramos-la-aprobacion-de-la-reforma-de-a-ley-de-mecenazgo-mediante-real-decreto-ley\/#article","isPartOf":{"@id":"https:\/\/fundaciocatalunyacultura.cat\/es\/celebramos-la-aprobacion-de-la-reforma-de-a-ley-de-mecenazgo-mediante-real-decreto-ley\/"},"author":{"name":"fundacio","@id":"https:\/\/fundaciocatalunyacultura.cat\/#\/schema\/person\/f30f60b8448aa2c1761a644f652a4744"},"headline":"Celebramos la aprobaci\u00f3n de la reforma de la Ley de Mecenazgo mediante Real decreto ley","datePublished":"2023-12-22T14:24:51+00:00","dateModified":"2023-12-22T14:27:02+00:00","mainEntityOfPage":{"@id":"https:\/\/fundaciocatalunyacultura.cat\/es\/celebramos-la-aprobacion-de-la-reforma-de-a-ley-de-mecenazgo-mediante-real-decreto-ley\/"},"wordCount":509,"publisher":{"@id":"https:\/\/fundaciocatalunyacultura.cat\/#organization"},"articleSection":["Noticias"],"inLanguage":"es"},{"@type":"WebPage","@id":"https:\/\/fundaciocatalunyacultura.cat\/es\/celebramos-la-aprobacion-de-la-reforma-de-a-ley-de-mecenazgo-mediante-real-decreto-ley\/","url":"https:\/\/fundaciocatalunyacultura.cat\/es\/celebramos-la-aprobacion-de-la-reforma-de-a-ley-de-mecenazgo-mediante-real-decreto-ley\/","name":"Celebramos la aprobaci\u00f3n de la reforma de la Ley de Mecenazgo mediante Real decreto ley | Fundaci\u00f3 Catalunya Cultura","isPartOf":{"@id":"https:\/\/fundaciocatalunyacultura.cat\/#website"},"datePublished":"2023-12-22T14:24:51+00:00","dateModified":"2023-12-22T14:27:02+00:00","breadcrumb":{"@id":"https:\/\/fundaciocatalunyacultura.cat\/es\/celebramos-la-aprobacion-de-la-reforma-de-a-ley-de-mecenazgo-mediante-real-decreto-ley\/#breadcrumb"},"inLanguage":"es","potentialAction":[{"@type":"ReadAction","target":["https:\/\/fundaciocatalunyacultura.cat\/es\/celebramos-la-aprobacion-de-la-reforma-de-a-ley-de-mecenazgo-mediante-real-decreto-ley\/"]}]},{"@type":"BreadcrumbList","@id":"https:\/\/fundaciocatalunyacultura.cat\/es\/celebramos-la-aprobacion-de-la-reforma-de-a-ley-de-mecenazgo-mediante-real-decreto-ley\/#breadcrumb","itemListElement":[{"@type":"ListItem","position":1,"name":"Inici","item":"https:\/\/fundaciocatalunyacultura.cat\/es\/"},{"@type":"ListItem","position":2,"name":"Celebramos la aprobaci\u00f3n de la reforma de la Ley de Mecenazgo mediante Real decreto ley"}]},{"@type":"WebSite","@id":"https:\/\/fundaciocatalunyacultura.cat\/#website","url":"https:\/\/fundaciocatalunyacultura.cat\/","name":"Fundaci\u00f3 Catalunya Cultura","description":"","publisher":{"@id":"https:\/\/fundaciocatalunyacultura.cat\/#organization"},"potentialAction":[{"@type":"SearchAction","target":{"@type":"EntryPoint","urlTemplate":"https:\/\/fundaciocatalunyacultura.cat\/?s={search_term_string}"},"query-input":{"@type":"PropertyValueSpecification","valueRequired":true,"valueName":"search_term_string"}}],"inLanguage":"es"},{"@type":"Organization","@id":"https:\/\/fundaciocatalunyacultura.cat\/#organization","name":"Fundaci\u00f3 Catalunya Cultura","url":"https:\/\/fundaciocatalunyacultura.cat\/","logo":{"@type":"ImageObject","inLanguage":"es","@id":"https:\/\/fundaciocatalunyacultura.cat\/#\/schema\/logo\/image\/","url":"https:\/\/hundreds-wordpress-uploads.s3.amazonaws.com\/fundacio-catalunya-cultura\/uploads\/2021\/03\/fcc_logo_blanc-scaled.jpeg","contentUrl":"https:\/\/hundreds-wordpress-uploads.s3.amazonaws.com\/fundacio-catalunya-cultura\/uploads\/2021\/03\/fcc_logo_blanc-scaled.jpeg","width":2560,"height":1785,"caption":"Fundaci\u00f3 Catalunya Cultura"},"image":{"@id":"https:\/\/fundaciocatalunyacultura.cat\/#\/schema\/logo\/image\/"},"sameAs":["https:\/\/www.facebook.com\/fundaciocatalunyacultura\/","https:\/\/x.com\/fcatcultura","https:\/\/www.linkedin.com\/company\/fundaci\u00f3-catalunya-cultura\/","https:\/\/ca.wikipedia.org\/wiki\/Fundaci\u00f3_Catalunya_Cultura"]},{"@type":"Person","@id":"https:\/\/fundaciocatalunyacultura.cat\/#\/schema\/person\/f30f60b8448aa2c1761a644f652a4744","name":"fundacio","image":{"@type":"ImageObject","inLanguage":"es","@id":"https:\/\/fundaciocatalunyacultura.cat\/#\/schema\/person\/image\/","url":"https:\/\/secure.gravatar.com\/avatar\/fe57a3f139ea81c65a338e37a8064b4e80844f839737532820c9107eb9e1966f?s=96&d=mm&r=g","contentUrl":"https:\/\/secure.gravatar.com\/avatar\/fe57a3f139ea81c65a338e37a8064b4e80844f839737532820c9107eb9e1966f?s=96&d=mm&r=g","caption":"fundacio"},"url":"https:\/\/fundaciocatalunyacultura.cat\/es\/author\/fundacio\/"}]}},"_links":{"self":[{"href":"https:\/\/fundaciocatalunyacultura.cat\/es\/wp-json\/wp\/v2\/posts\/16922","targetHints":{"allow":["GET"]}}],"collection":[{"href":"https:\/\/fundaciocatalunyacultura.cat\/es\/wp-json\/wp\/v2\/posts"}],"about":[{"href":"https:\/\/fundaciocatalunyacultura.cat\/es\/wp-json\/wp\/v2\/types\/post"}],"author":[{"embeddable":true,"href":"https:\/\/fundaciocatalunyacultura.cat\/es\/wp-json\/wp\/v2\/users\/1"}],"replies":[{"embeddable":true,"href":"https:\/\/fundaciocatalunyacultura.cat\/es\/wp-json\/wp\/v2\/comments?post=16922"}],"version-history":[{"count":2,"href":"https:\/\/fundaciocatalunyacultura.cat\/es\/wp-json\/wp\/v2\/posts\/16922\/revisions"}],"predecessor-version":[{"id":16925,"href":"https:\/\/fundaciocatalunyacultura.cat\/es\/wp-json\/wp\/v2\/posts\/16922\/revisions\/16925"}],"wp:attachment":[{"href":"https:\/\/fundaciocatalunyacultura.cat\/es\/wp-json\/wp\/v2\/media?parent=16922"}],"wp:term":[{"taxonomy":"category","embeddable":true,"href":"https:\/\/fundaciocatalunyacultura.cat\/es\/wp-json\/wp\/v2\/categories?post=16922"}],"curies":[{"name":"wp","href":"https:\/\/api.w.org\/{rel}","templated":true}]}}