{"id":16808,"date":"2023-12-11T12:59:30","date_gmt":"2023-12-11T12:59:30","guid":{"rendered":"https:\/\/www.fundaciocatalunyacultura.cat\/?p=16808"},"modified":"2023-12-12T10:18:24","modified_gmt":"2023-12-12T10:18:24","slug":"particiamos-en-el-acto-de-conmemoracion-del-20o-aniversario-de-la-ley-aillagon","status":"publish","type":"post","link":"https:\/\/fundaciocatalunyacultura.cat\/es\/particiamos-en-el-acto-de-conmemoracion-del-20o-aniversario-de-la-ley-aillagon\/","title":{"rendered":"Participamos en el acto de conmemoraci\u00f3n del 20\u00ba aniversario de la Ley Aillagon"},"content":{"rendered":"<p>La directora de la Fundaci\u00f3 Catalunya Cultura, <strong>Maite Esteve<\/strong>, ha asistido este lunes, 11 de diciembre, al <strong>acto de celebraci\u00f3n del 20\u00ba aniversario\u00a0<\/strong> de la aprobaci\u00f3n de la <strong>Ley Aillagon,<\/strong> la normativa francesa relativa al mecenazgo que se ha convertido en un referente europeo y que fue bautizada con el nombre del ministro que la impuls\u00f3, Jean-Jacques Aillagon. El encuentro se ha celebrado en el Museo Guimet de Par\u00eds y ha contado con la presencia de la ministra de Cultura, <strong>Rima Abdul Malak<\/strong>. quien ha subrayado que<strong> hay mucho trabajo a hacer en el \u00e1mbito de mecenazgo, especialmente en el campo de la cultura, y que todav\u00eda hay un enorme desconocimiento de lo que el mecenazgo puede ofrecer a las empresas.<\/strong><\/p>\n<p>La Fundaci\u00f3n ha sido invitada por el Ministerio de Cultura franc\u00e9s a participar en esta jornada que ha permitido hacer un balance de las dos d\u00e9cadas de la Ley\u00a0Aillagon\u00a0y trazar las perspectivas de futuro del mecenazgo. El acto ha reunido profesionales del mecenazgo y agentes culturales que han intercambiado experiencias y reflexiones sobre la relaci\u00f3n entre el sector privado y la esfera cultural.<\/p>\n<p><strong>Maite Esteve<\/strong> ha destacado de la intervenci\u00f3n de la titular de Cultura: \u00ab<strong>El conocimiento en profundidad y la convicci\u00f3n con que la ministra de Cultura de Francia defiende y celebra los 20 a\u00f1os de la Ley de Mecenazgo y anima a seguir trabajando en el impulso a la filantrop\u00eda realmente sorprende, pero hace comprender el apoyo y aprecio al mecenazgo del pa\u00eds vecino\u00bb.<\/strong><\/p>\n<p>La <strong>Ley 2003-709 del 1 de agosto del 2003<\/strong> es un hito trascendental en el fomento sin precedentes en Francia del mecenazgo empresarial e individual, y de la creaci\u00f3n de fundaciones en todos los \u00e1mbitos de inter\u00e9s general. Un factor clave del \u00e9xito del desarrollo del mecenazgo y la filantrop\u00eda en el pa\u00eds vecino fue la creaci\u00f3n de la<strong> Mission du M\u00e9c\u00e9nat<\/strong>, la instituci\u00f3n que garantiza la promoci\u00f3n y la difusi\u00f3n de la informaci\u00f3n sobre los incentivos fiscales para el mecenazgo y que asesora instituciones p\u00fablicas, promotores, empresas y particulares.<\/p>\n<p>Desde la Fundaci\u00f3n reivindicamos que tanto en Espa\u00f1a como en Catalu\u00f1a se logre un nuevo marco normativo actualizado que favorezca las iniciativas de mecenazgo, y continuamos trabajando para divulgar y fomentar el mecenazgo y la filantrop\u00eda entre la ciudadan\u00eda. Para la Fundaci\u00f3n, la <strong>Ley Aillagon<\/strong> es el <strong>modelo europeo<\/strong> en que nos hemos basado para elaborar una propuesta legislativa de mecenazgo catalana y espa\u00f1ola que incentive el compromiso empresarial y particular con la cultura.<\/p>\n<p>Conviene destacar que el septiembre del 2021, el presidente ejecutivo de la Fundaci\u00f3n,\u00a0<strong>Eloi\u00a0Planes<\/strong>, particip\u00f3, invitado por el Ministerio de Cultura franc\u00e9s, y como \u00fanico representante de una entidad del Estado, en el coloquio <b><span data-contrast=\"none\">M\u00e9c\u00e9nat culturel: bilan d\u2019un temps de crise(s) et perspectives<\/span><\/b> en el Th\u00e9\u00e2tre National del Op\u00e9ra Comique de Par\u00eds.<\/p>\n","protected":false},"excerpt":{"rendered":"<p>La directora de la Fundaci\u00f3 Catalunya Cultura, Maite Esteve, ha asistido este lunes, 11 de diciembre, al acto de celebraci\u00f3n del 20\u00ba aniversario\u00a0 de la aprobaci\u00f3n de la Ley Aillagon, la normativa francesa relativa al mecenazgo que se ha convertido en un referente europeo y que fue bautizada con el nombre del ministro que la [&hellip;]<\/p>\n","protected":false},"author":1,"featured_media":0,"comment_status":"closed","ping_status":"closed","sticky":false,"template":"","format":"standard","meta":{"_acf_changed":false,"footnotes":""},"categories":[44],"class_list":["post-16808","post","type-post","status-publish","format-standard","hentry","category-noticias"],"acf":[],"yoast_head":"<!-- This site is optimized with the Yoast SEO plugin v25.1 - https:\/\/yoast.com\/wordpress\/plugins\/seo\/ -->\n<title>Participamos en el acto de conmemoraci\u00f3n del 20\u00ba aniversario de la Ley Aillagon | Fundaci\u00f3 Catalunya Cultura<\/title>\n<meta name=\"robots\" content=\"index, follow, max-snippet:-1, max-image-preview:large, max-video-preview:-1\" \/>\n<link rel=\"canonical\" href=\"https:\/\/fundaciocatalunyacultura.cat\/es\/particiamos-en-el-acto-de-conmemoracion-del-20o-aniversario-de-la-ley-aillagon\/\" \/>\n<meta property=\"og:locale\" content=\"es_ES\" \/>\n<meta property=\"og:type\" content=\"article\" \/>\n<meta property=\"og:title\" content=\"Participamos en el acto de conmemoraci\u00f3n del 20\u00ba aniversario de la Ley Aillagon | Fundaci\u00f3 Catalunya Cultura\" \/>\n<meta property=\"og:description\" content=\"La directora de la Fundaci\u00f3 Catalunya Cultura, Maite Esteve, ha asistido este lunes, 11 de diciembre, al acto de celebraci\u00f3n del 20\u00ba aniversario\u00a0 de la aprobaci\u00f3n de la Ley Aillagon, la normativa francesa relativa al mecenazgo que se ha convertido en un referente europeo y que fue bautizada con el nombre del ministro que la [&hellip;]\" \/>\n<meta property=\"og:url\" content=\"https:\/\/fundaciocatalunyacultura.cat\/es\/particiamos-en-el-acto-de-conmemoracion-del-20o-aniversario-de-la-ley-aillagon\/\" \/>\n<meta property=\"og:site_name\" content=\"Fundaci\u00f3 Catalunya Cultura\" \/>\n<meta property=\"article:publisher\" content=\"https:\/\/www.facebook.com\/fundaciocatalunyacultura\/\" \/>\n<meta property=\"article:published_time\" content=\"2023-12-11T12:59:30+00:00\" \/>\n<meta property=\"article:modified_time\" content=\"2023-12-12T10:18:24+00:00\" \/>\n<meta name=\"author\" content=\"fundacio\" \/>\n<meta name=\"twitter:card\" content=\"summary_large_image\" \/>\n<meta name=\"twitter:creator\" content=\"@fcatcultura\" \/>\n<meta name=\"twitter:site\" content=\"@fcatcultura\" \/>\n<meta name=\"twitter:label1\" content=\"Escrito por\" \/>\n\t<meta name=\"twitter:data1\" content=\"fundacio\" \/>\n\t<meta name=\"twitter:label2\" content=\"Tiempo de lectura\" \/>\n\t<meta name=\"twitter:data2\" content=\"3 minutos\" \/>\n<script type=\"application\/ld+json\" class=\"yoast-schema-graph\">{\"@context\":\"https:\/\/schema.org\",\"@graph\":[{\"@type\":\"Article\",\"@id\":\"https:\/\/fundaciocatalunyacultura.cat\/es\/particiamos-en-el-acto-de-conmemoracion-del-20o-aniversario-de-la-ley-aillagon\/#article\",\"isPartOf\":{\"@id\":\"https:\/\/fundaciocatalunyacultura.cat\/es\/particiamos-en-el-acto-de-conmemoracion-del-20o-aniversario-de-la-ley-aillagon\/\"},\"author\":{\"name\":\"fundacio\",\"@id\":\"https:\/\/fundaciocatalunyacultura.cat\/#\/schema\/person\/f30f60b8448aa2c1761a644f652a4744\"},\"headline\":\"Participamos en el acto de conmemoraci\u00f3n del 20\u00ba aniversario de la Ley Aillagon\",\"datePublished\":\"2023-12-11T12:59:30+00:00\",\"dateModified\":\"2023-12-12T10:18:24+00:00\",\"mainEntityOfPage\":{\"@id\":\"https:\/\/fundaciocatalunyacultura.cat\/es\/particiamos-en-el-acto-de-conmemoracion-del-20o-aniversario-de-la-ley-aillagon\/\"},\"wordCount\":514,\"publisher\":{\"@id\":\"https:\/\/fundaciocatalunyacultura.cat\/#organization\"},\"articleSection\":[\"Noticias\"],\"inLanguage\":\"es\"},{\"@type\":\"WebPage\",\"@id\":\"https:\/\/fundaciocatalunyacultura.cat\/es\/particiamos-en-el-acto-de-conmemoracion-del-20o-aniversario-de-la-ley-aillagon\/\",\"url\":\"https:\/\/fundaciocatalunyacultura.cat\/es\/particiamos-en-el-acto-de-conmemoracion-del-20o-aniversario-de-la-ley-aillagon\/\",\"name\":\"Participamos en el acto de conmemoraci\u00f3n del 20\u00ba aniversario de la Ley Aillagon | Fundaci\u00f3 Catalunya Cultura\",\"isPartOf\":{\"@id\":\"https:\/\/fundaciocatalunyacultura.cat\/#website\"},\"datePublished\":\"2023-12-11T12:59:30+00:00\",\"dateModified\":\"2023-12-12T10:18:24+00:00\",\"breadcrumb\":{\"@id\":\"https:\/\/fundaciocatalunyacultura.cat\/es\/particiamos-en-el-acto-de-conmemoracion-del-20o-aniversario-de-la-ley-aillagon\/#breadcrumb\"},\"inLanguage\":\"es\",\"potentialAction\":[{\"@type\":\"ReadAction\",\"target\":[\"https:\/\/fundaciocatalunyacultura.cat\/es\/particiamos-en-el-acto-de-conmemoracion-del-20o-aniversario-de-la-ley-aillagon\/\"]}]},{\"@type\":\"BreadcrumbList\",\"@id\":\"https:\/\/fundaciocatalunyacultura.cat\/es\/particiamos-en-el-acto-de-conmemoracion-del-20o-aniversario-de-la-ley-aillagon\/#breadcrumb\",\"itemListElement\":[{\"@type\":\"ListItem\",\"position\":1,\"name\":\"Inici\",\"item\":\"https:\/\/fundaciocatalunyacultura.cat\/es\/\"},{\"@type\":\"ListItem\",\"position\":2,\"name\":\"Participamos en el acto de conmemoraci\u00f3n del 20\u00ba aniversario de la Ley Aillagon\"}]},{\"@type\":\"WebSite\",\"@id\":\"https:\/\/fundaciocatalunyacultura.cat\/#website\",\"url\":\"https:\/\/fundaciocatalunyacultura.cat\/\",\"name\":\"Fundaci\u00f3 Catalunya Cultura\",\"description\":\"\",\"publisher\":{\"@id\":\"https:\/\/fundaciocatalunyacultura.cat\/#organization\"},\"potentialAction\":[{\"@type\":\"SearchAction\",\"target\":{\"@type\":\"EntryPoint\",\"urlTemplate\":\"https:\/\/fundaciocatalunyacultura.cat\/?s={search_term_string}\"},\"query-input\":{\"@type\":\"PropertyValueSpecification\",\"valueRequired\":true,\"valueName\":\"search_term_string\"}}],\"inLanguage\":\"es\"},{\"@type\":\"Organization\",\"@id\":\"https:\/\/fundaciocatalunyacultura.cat\/#organization\",\"name\":\"Fundaci\u00f3 Catalunya Cultura\",\"url\":\"https:\/\/fundaciocatalunyacultura.cat\/\",\"logo\":{\"@type\":\"ImageObject\",\"inLanguage\":\"es\",\"@id\":\"https:\/\/fundaciocatalunyacultura.cat\/#\/schema\/logo\/image\/\",\"url\":\"https:\/\/hundreds-wordpress-uploads.s3.amazonaws.com\/fundacio-catalunya-cultura\/uploads\/2021\/03\/fcc_logo_blanc-scaled.jpeg\",\"contentUrl\":\"https:\/\/hundreds-wordpress-uploads.s3.amazonaws.com\/fundacio-catalunya-cultura\/uploads\/2021\/03\/fcc_logo_blanc-scaled.jpeg\",\"width\":2560,\"height\":1785,\"caption\":\"Fundaci\u00f3 Catalunya Cultura\"},\"image\":{\"@id\":\"https:\/\/fundaciocatalunyacultura.cat\/#\/schema\/logo\/image\/\"},\"sameAs\":[\"https:\/\/www.facebook.com\/fundaciocatalunyacultura\/\",\"https:\/\/x.com\/fcatcultura\",\"https:\/\/www.linkedin.com\/company\/fundaci\u00f3-catalunya-cultura\/\",\"https:\/\/ca.wikipedia.org\/wiki\/Fundaci\u00f3_Catalunya_Cultura\"]},{\"@type\":\"Person\",\"@id\":\"https:\/\/fundaciocatalunyacultura.cat\/#\/schema\/person\/f30f60b8448aa2c1761a644f652a4744\",\"name\":\"fundacio\",\"image\":{\"@type\":\"ImageObject\",\"inLanguage\":\"es\",\"@id\":\"https:\/\/fundaciocatalunyacultura.cat\/#\/schema\/person\/image\/\",\"url\":\"https:\/\/secure.gravatar.com\/avatar\/fe57a3f139ea81c65a338e37a8064b4e80844f839737532820c9107eb9e1966f?s=96&d=mm&r=g\",\"contentUrl\":\"https:\/\/secure.gravatar.com\/avatar\/fe57a3f139ea81c65a338e37a8064b4e80844f839737532820c9107eb9e1966f?s=96&d=mm&r=g\",\"caption\":\"fundacio\"},\"url\":\"https:\/\/fundaciocatalunyacultura.cat\/es\/author\/fundacio\/\"}]}<\/script>\n<!-- \/ Yoast SEO plugin. -->","yoast_head_json":{"title":"Participamos en el acto de conmemoraci\u00f3n del 20\u00ba aniversario de la Ley Aillagon | Fundaci\u00f3 Catalunya Cultura","robots":{"index":"index","follow":"follow","max-snippet":"max-snippet:-1","max-image-preview":"max-image-preview:large","max-video-preview":"max-video-preview:-1"},"canonical":"https:\/\/fundaciocatalunyacultura.cat\/es\/particiamos-en-el-acto-de-conmemoracion-del-20o-aniversario-de-la-ley-aillagon\/","og_locale":"es_ES","og_type":"article","og_title":"Participamos en el acto de conmemoraci\u00f3n del 20\u00ba aniversario de la Ley Aillagon | Fundaci\u00f3 Catalunya Cultura","og_description":"La directora de la Fundaci\u00f3 Catalunya Cultura, Maite Esteve, ha asistido este lunes, 11 de diciembre, al acto de celebraci\u00f3n del 20\u00ba aniversario\u00a0 de la aprobaci\u00f3n de la Ley Aillagon, la normativa francesa relativa al mecenazgo que se ha convertido en un referente europeo y que fue bautizada con el nombre del ministro que la [&hellip;]","og_url":"https:\/\/fundaciocatalunyacultura.cat\/es\/particiamos-en-el-acto-de-conmemoracion-del-20o-aniversario-de-la-ley-aillagon\/","og_site_name":"Fundaci\u00f3 Catalunya Cultura","article_publisher":"https:\/\/www.facebook.com\/fundaciocatalunyacultura\/","article_published_time":"2023-12-11T12:59:30+00:00","article_modified_time":"2023-12-12T10:18:24+00:00","author":"fundacio","twitter_card":"summary_large_image","twitter_creator":"@fcatcultura","twitter_site":"@fcatcultura","twitter_misc":{"Escrito por":"fundacio","Tiempo de lectura":"3 minutos"},"schema":{"@context":"https:\/\/schema.org","@graph":[{"@type":"Article","@id":"https:\/\/fundaciocatalunyacultura.cat\/es\/particiamos-en-el-acto-de-conmemoracion-del-20o-aniversario-de-la-ley-aillagon\/#article","isPartOf":{"@id":"https:\/\/fundaciocatalunyacultura.cat\/es\/particiamos-en-el-acto-de-conmemoracion-del-20o-aniversario-de-la-ley-aillagon\/"},"author":{"name":"fundacio","@id":"https:\/\/fundaciocatalunyacultura.cat\/#\/schema\/person\/f30f60b8448aa2c1761a644f652a4744"},"headline":"Participamos en el acto de conmemoraci\u00f3n del 20\u00ba aniversario de la Ley Aillagon","datePublished":"2023-12-11T12:59:30+00:00","dateModified":"2023-12-12T10:18:24+00:00","mainEntityOfPage":{"@id":"https:\/\/fundaciocatalunyacultura.cat\/es\/particiamos-en-el-acto-de-conmemoracion-del-20o-aniversario-de-la-ley-aillagon\/"},"wordCount":514,"publisher":{"@id":"https:\/\/fundaciocatalunyacultura.cat\/#organization"},"articleSection":["Noticias"],"inLanguage":"es"},{"@type":"WebPage","@id":"https:\/\/fundaciocatalunyacultura.cat\/es\/particiamos-en-el-acto-de-conmemoracion-del-20o-aniversario-de-la-ley-aillagon\/","url":"https:\/\/fundaciocatalunyacultura.cat\/es\/particiamos-en-el-acto-de-conmemoracion-del-20o-aniversario-de-la-ley-aillagon\/","name":"Participamos en el acto de conmemoraci\u00f3n del 20\u00ba aniversario de la Ley Aillagon | Fundaci\u00f3 Catalunya Cultura","isPartOf":{"@id":"https:\/\/fundaciocatalunyacultura.cat\/#website"},"datePublished":"2023-12-11T12:59:30+00:00","dateModified":"2023-12-12T10:18:24+00:00","breadcrumb":{"@id":"https:\/\/fundaciocatalunyacultura.cat\/es\/particiamos-en-el-acto-de-conmemoracion-del-20o-aniversario-de-la-ley-aillagon\/#breadcrumb"},"inLanguage":"es","potentialAction":[{"@type":"ReadAction","target":["https:\/\/fundaciocatalunyacultura.cat\/es\/particiamos-en-el-acto-de-conmemoracion-del-20o-aniversario-de-la-ley-aillagon\/"]}]},{"@type":"BreadcrumbList","@id":"https:\/\/fundaciocatalunyacultura.cat\/es\/particiamos-en-el-acto-de-conmemoracion-del-20o-aniversario-de-la-ley-aillagon\/#breadcrumb","itemListElement":[{"@type":"ListItem","position":1,"name":"Inici","item":"https:\/\/fundaciocatalunyacultura.cat\/es\/"},{"@type":"ListItem","position":2,"name":"Participamos en el acto de conmemoraci\u00f3n del 20\u00ba aniversario de la Ley Aillagon"}]},{"@type":"WebSite","@id":"https:\/\/fundaciocatalunyacultura.cat\/#website","url":"https:\/\/fundaciocatalunyacultura.cat\/","name":"Fundaci\u00f3 Catalunya Cultura","description":"","publisher":{"@id":"https:\/\/fundaciocatalunyacultura.cat\/#organization"},"potentialAction":[{"@type":"SearchAction","target":{"@type":"EntryPoint","urlTemplate":"https:\/\/fundaciocatalunyacultura.cat\/?s={search_term_string}"},"query-input":{"@type":"PropertyValueSpecification","valueRequired":true,"valueName":"search_term_string"}}],"inLanguage":"es"},{"@type":"Organization","@id":"https:\/\/fundaciocatalunyacultura.cat\/#organization","name":"Fundaci\u00f3 Catalunya Cultura","url":"https:\/\/fundaciocatalunyacultura.cat\/","logo":{"@type":"ImageObject","inLanguage":"es","@id":"https:\/\/fundaciocatalunyacultura.cat\/#\/schema\/logo\/image\/","url":"https:\/\/hundreds-wordpress-uploads.s3.amazonaws.com\/fundacio-catalunya-cultura\/uploads\/2021\/03\/fcc_logo_blanc-scaled.jpeg","contentUrl":"https:\/\/hundreds-wordpress-uploads.s3.amazonaws.com\/fundacio-catalunya-cultura\/uploads\/2021\/03\/fcc_logo_blanc-scaled.jpeg","width":2560,"height":1785,"caption":"Fundaci\u00f3 Catalunya Cultura"},"image":{"@id":"https:\/\/fundaciocatalunyacultura.cat\/#\/schema\/logo\/image\/"},"sameAs":["https:\/\/www.facebook.com\/fundaciocatalunyacultura\/","https:\/\/x.com\/fcatcultura","https:\/\/www.linkedin.com\/company\/fundaci\u00f3-catalunya-cultura\/","https:\/\/ca.wikipedia.org\/wiki\/Fundaci\u00f3_Catalunya_Cultura"]},{"@type":"Person","@id":"https:\/\/fundaciocatalunyacultura.cat\/#\/schema\/person\/f30f60b8448aa2c1761a644f652a4744","name":"fundacio","image":{"@type":"ImageObject","inLanguage":"es","@id":"https:\/\/fundaciocatalunyacultura.cat\/#\/schema\/person\/image\/","url":"https:\/\/secure.gravatar.com\/avatar\/fe57a3f139ea81c65a338e37a8064b4e80844f839737532820c9107eb9e1966f?s=96&d=mm&r=g","contentUrl":"https:\/\/secure.gravatar.com\/avatar\/fe57a3f139ea81c65a338e37a8064b4e80844f839737532820c9107eb9e1966f?s=96&d=mm&r=g","caption":"fundacio"},"url":"https:\/\/fundaciocatalunyacultura.cat\/es\/author\/fundacio\/"}]}},"_links":{"self":[{"href":"https:\/\/fundaciocatalunyacultura.cat\/es\/wp-json\/wp\/v2\/posts\/16808","targetHints":{"allow":["GET"]}}],"collection":[{"href":"https:\/\/fundaciocatalunyacultura.cat\/es\/wp-json\/wp\/v2\/posts"}],"about":[{"href":"https:\/\/fundaciocatalunyacultura.cat\/es\/wp-json\/wp\/v2\/types\/post"}],"author":[{"embeddable":true,"href":"https:\/\/fundaciocatalunyacultura.cat\/es\/wp-json\/wp\/v2\/users\/1"}],"replies":[{"embeddable":true,"href":"https:\/\/fundaciocatalunyacultura.cat\/es\/wp-json\/wp\/v2\/comments?post=16808"}],"version-history":[{"count":9,"href":"https:\/\/fundaciocatalunyacultura.cat\/es\/wp-json\/wp\/v2\/posts\/16808\/revisions"}],"predecessor-version":[{"id":16845,"href":"https:\/\/fundaciocatalunyacultura.cat\/es\/wp-json\/wp\/v2\/posts\/16808\/revisions\/16845"}],"wp:attachment":[{"href":"https:\/\/fundaciocatalunyacultura.cat\/es\/wp-json\/wp\/v2\/media?parent=16808"}],"wp:term":[{"taxonomy":"category","embeddable":true,"href":"https:\/\/fundaciocatalunyacultura.cat\/es\/wp-json\/wp\/v2\/categories?post=16808"}],"curies":[{"name":"wp","href":"https:\/\/api.w.org\/{rel}","templated":true}]}}