{"id":16737,"date":"2023-11-28T08:51:35","date_gmt":"2023-11-28T08:51:35","guid":{"rendered":"https:\/\/www.fundaciocatalunyacultura.cat\/?p=16737"},"modified":"2023-11-28T08:52:04","modified_gmt":"2023-11-28T08:52:04","slug":"entrevista-a-xenia-gaya-directora-de-festivals-terres-de-lebre-mencion-especial-del-premio-impulsa-cultura-2023-2","status":"publish","type":"post","link":"https:\/\/fundaciocatalunyacultura.cat\/es\/entrevista-a-xenia-gaya-directora-de-festivals-terres-de-lebre-mencion-especial-del-premio-impulsa-cultura-2023-2\/","title":{"rendered":"Entrevista a X\u00e8nia Gaya, directora de Festivals Terres de l\u2019Ebre, menci\u00f3n especial del Premio IMPULSA CULTURA 2023"},"content":{"rendered":"<h2><strong>X\u00e8nia Gaya, directora de Festivals Terres de l&#8217;Ebre, menci\u00f3n especial del Premio IMPULSA CULTURA 2023: \u00abSomos singulares, queremos y trabajamos por la calidad y no por la cantidad\u00bb.<\/strong><\/h2>\n<p>&nbsp;<\/p>\n<p><strong>250 actividades programadas, m\u00e1s de 70,000 asistentes y 1.5 millones de euros de impacto directo en pernoctaciones y servicios para el territorio son algunas de las cifras con las que Festivals Terres de l&#8217;Ebre ha cerrado la edici\u00f3n de 2023. X\u00e8nia Gaya lidera este proyecto que actualmente agrupa 16 festivales de diferentes disciplinas en las cuatro comarcas del Ebro y que ha sido distinguido con una menci\u00f3n especial del Premio IMPULSA CULTURA 2023. Gaya destaca que lo que m\u00e1s valora de haber participado en el Programa IMPULSA CULTURA son los aprendizajes y el hecho de integrarse en la Comunidad IMPULSA. Cuando le preguntamos por los desaf\u00edos futuros del proyecto que dirige, responde, en primer lugar: \u00abConseguir mejorar y dinamizar el territorio a trav\u00e9s de la cultura\u00bb.<\/strong><\/p>\n<p><img loading=\"lazy\" decoding=\"async\" class=\"aligncenter size-full wp-image-16495\" src=\"https:\/\/hundreds-wordpress-uploads.s3.amazonaws.com\/fundacio-catalunya-cultura\/uploads\/2023\/11\/Foto-Infcta.jpg\" alt=\"\" width=\"1280\" height=\"854\" srcset=\"https:\/\/hundreds-wordpress-uploads.s3.amazonaws.com\/fundacio-catalunya-cultura\/uploads\/2023\/11\/Foto-Infcta.jpg 1280w, https:\/\/hundreds-wordpress-uploads.s3.amazonaws.com\/fundacio-catalunya-cultura\/uploads\/2023\/11\/Foto-Infcta-300x200.jpg 300w, https:\/\/hundreds-wordpress-uploads.s3.amazonaws.com\/fundacio-catalunya-cultura\/uploads\/2023\/11\/Foto-Infcta-1024x683.jpg 1024w, https:\/\/hundreds-wordpress-uploads.s3.amazonaws.com\/fundacio-catalunya-cultura\/uploads\/2023\/11\/Foto-Infcta-768x512.jpg 768w\" sizes=\"auto, (max-width: 1280px) 100vw, 1280px\" \/><\/p>\n<p>&nbsp;<\/p>\n<p><strong>&#8211; \u00bfCu\u00e1les fueron los or\u00edgenes de la iniciativa que diriges?<\/strong><\/p>\n<p>El origen fue Col.lectiu Cultura, una empresa de las industrias culturales que tiene como objetivo visibilizar a los profesionales de la cultura en territorios no metropolitanos. Lo hacemos a trav\u00e9s de un directorio virtual y generando iniciativas espec\u00edficas para paliar las necesidades que identificamos en cada sector, en este caso los festivales del territorio.<\/p>\n<p><strong>&#8211; \u00bfQu\u00e9 ha supuesto para Festivals Terres de l&#8217;Ebre recibir la menci\u00f3n especial del Premi IMPULSA CULTURA 2023?<\/strong><\/p>\n<p><strong>\u00a0<\/strong>M\u00e1s que la menci\u00f3n, es el hecho de que te da visibilidad y reconocimiento, estamos muy contentos. Lo que valoramos es el proceso y el aprendizaje de todo el Programa, al mismo tiempo que formar parte de la Comunidad IMPULSA.<\/p>\n<p><strong>&#8211; \u00bfQu\u00e9 destacar\u00edas del paso del proyecto por el Programa IMPULSA CULTURA de la Fundaci\u00f3n? \u00bfEn qu\u00e9 aspectos os ha ayudado m\u00e1s el acompa\u00f1amiento?<\/strong><\/p>\n<p>Destacar\u00eda la oportunidad de conocer herramientas, recursos y profesionales que refuerzan la dignificaci\u00f3n de la profesi\u00f3n y del sector. La cultura es un sector de impacto econ\u00f3mico y social que debemos valorar para lograr la sostenibilidad de los proyectos y sus profesionales.<\/p>\n<p><strong>&#8211; Actualmente, \u00bfcu\u00e1ntos cert\u00e1menes aglutina Festivals Terres de l&#8217;Ebre?<\/strong><\/p>\n<p><strong>\u00a0<\/strong>Actualmente, es una marca con 16 festivales de diferentes disciplinas adheridos, que van de abril a noviembre en las cuatro comarcas de Terres de l&#8217;Ebre.<\/p>\n<p>&nbsp;<\/p>\n<p style=\"text-align: center;\"><strong>\u00abSomos un territorio con propuestas culturales de mucha calidad\u00bb.<\/strong><\/p>\n<p>&nbsp;<\/p>\n<p><img loading=\"lazy\" decoding=\"async\" class=\"aligncenter size-full wp-image-16501\" src=\"https:\/\/hundreds-wordpress-uploads.s3.amazonaws.com\/fundacio-catalunya-cultura\/uploads\/2023\/11\/Foto-cartell-Festivals-Terres-de-lEbre.jpg\" alt=\"\" width=\"1280\" height=\"853\" srcset=\"https:\/\/hundreds-wordpress-uploads.s3.amazonaws.com\/fundacio-catalunya-cultura\/uploads\/2023\/11\/Foto-cartell-Festivals-Terres-de-lEbre.jpg 1280w, https:\/\/hundreds-wordpress-uploads.s3.amazonaws.com\/fundacio-catalunya-cultura\/uploads\/2023\/11\/Foto-cartell-Festivals-Terres-de-lEbre-300x200.jpg 300w, https:\/\/hundreds-wordpress-uploads.s3.amazonaws.com\/fundacio-catalunya-cultura\/uploads\/2023\/11\/Foto-cartell-Festivals-Terres-de-lEbre-1024x682.jpg 1024w, https:\/\/hundreds-wordpress-uploads.s3.amazonaws.com\/fundacio-catalunya-cultura\/uploads\/2023\/11\/Foto-cartell-Festivals-Terres-de-lEbre-768x512.jpg 768w\" sizes=\"auto, (max-width: 1280px) 100vw, 1280px\" \/><\/p>\n<p>&nbsp;<\/p>\n<p><strong>&#8211; \u00bfQu\u00e9 singularidades tiene el sector cultural de las Terres de l&#8217;Ebre?<\/strong><\/p>\n<p>La singularidad la marca el mismo territorio, somos cuatro comarcas con caracter\u00edsticas, necesidades y oportunidades muy diferentes, lo que hace que los p\u00fablicos tambi\u00e9n lo sean.<\/p>\n<p>Hay que destacar que somos un territorio con propuestas culturales de mucha calidad, festivales con reconocimientos como Premios Nacionales de Cultura y con propuestas nacionales e internacionales. Somos singulares, queremos y trabajamos por la calidad y no por la cantidad.<\/p>\n<p><strong>&#8211; \u00bfC\u00f3mo impacta la cultura en el territorio de las comarcas de las Terres de l&#8217;Ebre?<\/strong><\/p>\n<p>El impacto de los 15 festivales adheridos a la marca durante el 2023 en cifras ha sido:<\/p>\n<ul>\n<li>+ de 250 actividades programadas<\/li>\n<li>+ de 3000 contrataciones<\/li>\n<li>+ de 80 oportunidades laborales<\/li>\n<li>+ de 120 d\u00edas de actividad cultural<\/li>\n<li>+ de 70,000 personas asistentes<\/li>\n<li>Presupuesto de todos los festivales: 890,000\u20ac<\/li>\n<li>Impacto directo en pernoctaciones y servicios: 1.5M\u20ac<\/li>\n<\/ul>\n<p>&nbsp;<\/p>\n<p style=\"text-align: center;\"><strong>\u00abPor ahora, el financiamiento privado es inexistente, tanto local como globalmente\u00bb.<\/strong><\/p>\n<p><img loading=\"lazy\" decoding=\"async\" class=\"aligncenter size-full wp-image-16499\" src=\"https:\/\/hundreds-wordpress-uploads.s3.amazonaws.com\/fundacio-catalunya-cultura\/uploads\/2023\/11\/Foto-de-grup-Festivals-Terres-de-lEbre.jpg\" alt=\"\" width=\"1280\" height=\"853\" srcset=\"https:\/\/hundreds-wordpress-uploads.s3.amazonaws.com\/fundacio-catalunya-cultura\/uploads\/2023\/11\/Foto-de-grup-Festivals-Terres-de-lEbre.jpg 1280w, https:\/\/hundreds-wordpress-uploads.s3.amazonaws.com\/fundacio-catalunya-cultura\/uploads\/2023\/11\/Foto-de-grup-Festivals-Terres-de-lEbre-300x200.jpg 300w, https:\/\/hundreds-wordpress-uploads.s3.amazonaws.com\/fundacio-catalunya-cultura\/uploads\/2023\/11\/Foto-de-grup-Festivals-Terres-de-lEbre-1024x682.jpg 1024w, https:\/\/hundreds-wordpress-uploads.s3.amazonaws.com\/fundacio-catalunya-cultura\/uploads\/2023\/11\/Foto-de-grup-Festivals-Terres-de-lEbre-768x512.jpg 768w\" sizes=\"auto, (max-width: 1280px) 100vw, 1280px\" \/><\/p>\n<p>&nbsp;<\/p>\n<p><strong>&#8211; \u00bfDe qu\u00e9 manera se ha implicado el tejido empresarial del territorio en vuestro proyecto?<\/strong><\/p>\n<p>Por ahora, el financiamiento privado es inexistente, tanto local como globalmente, el tejido territorial no ve el sector como un veh\u00edculo de impacto en el territorio.<\/p>\n<p>El \u00e1mbito global nos ve peque\u00f1os, pero esperamos que con la marca podamos cambiar y podamos hacer estrategias para impactar durante todo el a\u00f1o en las cuatro comarcas.<\/p>\n<p><strong>&#8211; \u00bfCu\u00e1l es el apoyo de las Instituciones p\u00fablicas locales?<\/strong><\/p>\n<p>Los ayuntamientos apoyan a muchos de los festivales, pero tenemos un largo camino para lograr transmitir la idea de territorio cultural. Desde la marca hemos promovido el primer encuentro entre agentes culturales e instituciones (servicios territoriales, consejos comarcales, Diputaci\u00f3n de Tarragona y ayuntamientos) para valorar conjuntamente pasos para lograr rentabilizar recursos, comunicar conjuntamente y transmitir esta idea de territorio en propuestas culturales de calidad.<\/p>\n<p><strong>&#8211; \u00bfCu\u00e1les son los desaf\u00edos de futuro que os plante\u00e1is a corto plazo?<\/strong><\/p>\n<p>Conseguir dinamizar y mejorar el territorio a trav\u00e9s de la cultura, acceso a la cultura en movilidad, evitar la despoblaci\u00f3n con contrataciones locales, visibilizarnos como un territorio de cultura y no solo de productores como ocurre ahora.<\/p>\n<p><img loading=\"lazy\" decoding=\"async\" class=\"aligncenter size-full wp-image-16497\" src=\"https:\/\/hundreds-wordpress-uploads.s3.amazonaws.com\/fundacio-catalunya-cultura\/uploads\/2023\/11\/Foto-grup-Festivals-Terres-de-lEbre-_NEC.jpeg\" alt=\"\" width=\"1280\" height=\"960\" srcset=\"https:\/\/hundreds-wordpress-uploads.s3.amazonaws.com\/fundacio-catalunya-cultura\/uploads\/2023\/11\/Foto-grup-Festivals-Terres-de-lEbre-_NEC.jpeg 1280w, https:\/\/hundreds-wordpress-uploads.s3.amazonaws.com\/fundacio-catalunya-cultura\/uploads\/2023\/11\/Foto-grup-Festivals-Terres-de-lEbre-_NEC-300x225.jpeg 300w, https:\/\/hundreds-wordpress-uploads.s3.amazonaws.com\/fundacio-catalunya-cultura\/uploads\/2023\/11\/Foto-grup-Festivals-Terres-de-lEbre-_NEC-1024x768.jpeg 1024w, https:\/\/hundreds-wordpress-uploads.s3.amazonaws.com\/fundacio-catalunya-cultura\/uploads\/2023\/11\/Foto-grup-Festivals-Terres-de-lEbre-_NEC-768x576.jpeg 768w\" sizes=\"auto, (max-width: 1280px) 100vw, 1280px\" \/><\/p>\n","protected":false},"excerpt":{"rendered":"<p>X\u00e8nia Gaya, directora de Festivals Terres de l&#8217;Ebre, menci\u00f3n especial del Premio IMPULSA CULTURA 2023: \u00abSomos singulares, queremos y trabajamos por la calidad y no por la cantidad\u00bb. &nbsp; 250 actividades programadas, m\u00e1s de 70,000 asistentes y 1.5 millones de euros de impacto directo en pernoctaciones y servicios para el territorio son algunas de las [&hellip;]<\/p>\n","protected":false},"author":1,"featured_media":0,"comment_status":"closed","ping_status":"closed","sticky":false,"template":"","format":"standard","meta":{"_acf_changed":false,"footnotes":""},"categories":[51],"class_list":["post-16737","post","type-post","status-publish","format-standard","hentry","category-entrevistas"],"acf":[],"yoast_head":"<!-- This site is optimized with the Yoast SEO plugin v25.1 - https:\/\/yoast.com\/wordpress\/plugins\/seo\/ -->\n<title>Entrevista a X\u00e8nia Gaya, directora de Festivals Terres de l\u2019Ebre, menci\u00f3n especial del Premio IMPULSA CULTURA 2023 | Fundaci\u00f3 Catalunya Cultura<\/title>\n<meta name=\"robots\" content=\"index, follow, max-snippet:-1, max-image-preview:large, max-video-preview:-1\" \/>\n<link rel=\"canonical\" href=\"https:\/\/fundaciocatalunyacultura.cat\/es\/entrevista-a-xenia-gaya-directora-de-festivals-terres-de-lebre-mencion-especial-del-premio-impulsa-cultura-2023-2\/\" \/>\n<meta property=\"og:locale\" content=\"es_ES\" \/>\n<meta property=\"og:type\" content=\"article\" \/>\n<meta property=\"og:title\" content=\"Entrevista a X\u00e8nia Gaya, directora de Festivals Terres de l\u2019Ebre, menci\u00f3n especial del Premio IMPULSA CULTURA 2023 | Fundaci\u00f3 Catalunya Cultura\" \/>\n<meta property=\"og:description\" content=\"X\u00e8nia Gaya, directora de Festivals Terres de l&#8217;Ebre, menci\u00f3n especial del Premio IMPULSA CULTURA 2023: \u00abSomos singulares, queremos y trabajamos por la calidad y no por la cantidad\u00bb. &nbsp; 250 actividades programadas, m\u00e1s de 70,000 asistentes y 1.5 millones de euros de impacto directo en pernoctaciones y servicios para el territorio son algunas de las [&hellip;]\" \/>\n<meta property=\"og:url\" content=\"https:\/\/fundaciocatalunyacultura.cat\/es\/entrevista-a-xenia-gaya-directora-de-festivals-terres-de-lebre-mencion-especial-del-premio-impulsa-cultura-2023-2\/\" \/>\n<meta property=\"og:site_name\" content=\"Fundaci\u00f3 Catalunya Cultura\" \/>\n<meta property=\"article:publisher\" content=\"https:\/\/www.facebook.com\/fundaciocatalunyacultura\/\" \/>\n<meta property=\"article:published_time\" content=\"2023-11-28T08:51:35+00:00\" \/>\n<meta property=\"article:modified_time\" content=\"2023-11-28T08:52:04+00:00\" \/>\n<meta property=\"og:image\" content=\"https:\/\/hundreds-wordpress-uploads.s3.amazonaws.com\/fundacio-catalunya-cultura\/uploads\/2023\/11\/Foto-Infcta.jpg\" \/>\n<meta name=\"author\" content=\"fundacio\" \/>\n<meta name=\"twitter:card\" content=\"summary_large_image\" \/>\n<meta name=\"twitter:creator\" content=\"@fcatcultura\" \/>\n<meta name=\"twitter:site\" content=\"@fcatcultura\" \/>\n<meta name=\"twitter:label1\" content=\"Escrito por\" \/>\n\t<meta name=\"twitter:data1\" content=\"fundacio\" \/>\n\t<meta name=\"twitter:label2\" content=\"Tiempo de lectura\" \/>\n\t<meta name=\"twitter:data2\" content=\"5 minutos\" \/>\n<script type=\"application\/ld+json\" class=\"yoast-schema-graph\">{\"@context\":\"https:\/\/schema.org\",\"@graph\":[{\"@type\":\"Article\",\"@id\":\"https:\/\/fundaciocatalunyacultura.cat\/es\/entrevista-a-xenia-gaya-directora-de-festivals-terres-de-lebre-mencion-especial-del-premio-impulsa-cultura-2023-2\/#article\",\"isPartOf\":{\"@id\":\"https:\/\/fundaciocatalunyacultura.cat\/es\/entrevista-a-xenia-gaya-directora-de-festivals-terres-de-lebre-mencion-especial-del-premio-impulsa-cultura-2023-2\/\"},\"author\":{\"name\":\"fundacio\",\"@id\":\"https:\/\/fundaciocatalunyacultura.cat\/#\/schema\/person\/f30f60b8448aa2c1761a644f652a4744\"},\"headline\":\"Entrevista a X\u00e8nia Gaya, directora de Festivals Terres de l\u2019Ebre, menci\u00f3n especial del Premio IMPULSA CULTURA 2023\",\"datePublished\":\"2023-11-28T08:51:35+00:00\",\"dateModified\":\"2023-11-28T08:52:04+00:00\",\"mainEntityOfPage\":{\"@id\":\"https:\/\/fundaciocatalunyacultura.cat\/es\/entrevista-a-xenia-gaya-directora-de-festivals-terres-de-lebre-mencion-especial-del-premio-impulsa-cultura-2023-2\/\"},\"wordCount\":786,\"publisher\":{\"@id\":\"https:\/\/fundaciocatalunyacultura.cat\/#organization\"},\"image\":{\"@id\":\"https:\/\/fundaciocatalunyacultura.cat\/es\/entrevista-a-xenia-gaya-directora-de-festivals-terres-de-lebre-mencion-especial-del-premio-impulsa-cultura-2023-2\/#primaryimage\"},\"thumbnailUrl\":\"https:\/\/hundreds-wordpress-uploads.s3.amazonaws.com\/fundacio-catalunya-cultura\/uploads\/2023\/11\/Foto-Infcta.jpg\",\"articleSection\":[\"Entrevistas\"],\"inLanguage\":\"es\"},{\"@type\":\"WebPage\",\"@id\":\"https:\/\/fundaciocatalunyacultura.cat\/es\/entrevista-a-xenia-gaya-directora-de-festivals-terres-de-lebre-mencion-especial-del-premio-impulsa-cultura-2023-2\/\",\"url\":\"https:\/\/fundaciocatalunyacultura.cat\/es\/entrevista-a-xenia-gaya-directora-de-festivals-terres-de-lebre-mencion-especial-del-premio-impulsa-cultura-2023-2\/\",\"name\":\"Entrevista a X\u00e8nia Gaya, directora de Festivals Terres de l\u2019Ebre, menci\u00f3n especial del Premio IMPULSA CULTURA 2023 | Fundaci\u00f3 Catalunya Cultura\",\"isPartOf\":{\"@id\":\"https:\/\/fundaciocatalunyacultura.cat\/#website\"},\"primaryImageOfPage\":{\"@id\":\"https:\/\/fundaciocatalunyacultura.cat\/es\/entrevista-a-xenia-gaya-directora-de-festivals-terres-de-lebre-mencion-especial-del-premio-impulsa-cultura-2023-2\/#primaryimage\"},\"image\":{\"@id\":\"https:\/\/fundaciocatalunyacultura.cat\/es\/entrevista-a-xenia-gaya-directora-de-festivals-terres-de-lebre-mencion-especial-del-premio-impulsa-cultura-2023-2\/#primaryimage\"},\"thumbnailUrl\":\"https:\/\/hundreds-wordpress-uploads.s3.amazonaws.com\/fundacio-catalunya-cultura\/uploads\/2023\/11\/Foto-Infcta.jpg\",\"datePublished\":\"2023-11-28T08:51:35+00:00\",\"dateModified\":\"2023-11-28T08:52:04+00:00\",\"breadcrumb\":{\"@id\":\"https:\/\/fundaciocatalunyacultura.cat\/es\/entrevista-a-xenia-gaya-directora-de-festivals-terres-de-lebre-mencion-especial-del-premio-impulsa-cultura-2023-2\/#breadcrumb\"},\"inLanguage\":\"es\",\"potentialAction\":[{\"@type\":\"ReadAction\",\"target\":[\"https:\/\/fundaciocatalunyacultura.cat\/es\/entrevista-a-xenia-gaya-directora-de-festivals-terres-de-lebre-mencion-especial-del-premio-impulsa-cultura-2023-2\/\"]}]},{\"@type\":\"ImageObject\",\"inLanguage\":\"es\",\"@id\":\"https:\/\/fundaciocatalunyacultura.cat\/es\/entrevista-a-xenia-gaya-directora-de-festivals-terres-de-lebre-mencion-especial-del-premio-impulsa-cultura-2023-2\/#primaryimage\",\"url\":\"https:\/\/hundreds-wordpress-uploads.s3.amazonaws.com\/fundacio-catalunya-cultura\/uploads\/2023\/11\/Foto-Infcta.jpg\",\"contentUrl\":\"https:\/\/hundreds-wordpress-uploads.s3.amazonaws.com\/fundacio-catalunya-cultura\/uploads\/2023\/11\/Foto-Infcta.jpg\"},{\"@type\":\"BreadcrumbList\",\"@id\":\"https:\/\/fundaciocatalunyacultura.cat\/es\/entrevista-a-xenia-gaya-directora-de-festivals-terres-de-lebre-mencion-especial-del-premio-impulsa-cultura-2023-2\/#breadcrumb\",\"itemListElement\":[{\"@type\":\"ListItem\",\"position\":1,\"name\":\"Inici\",\"item\":\"https:\/\/fundaciocatalunyacultura.cat\/es\/\"},{\"@type\":\"ListItem\",\"position\":2,\"name\":\"Entrevista a X\u00e8nia Gaya, directora de Festivals Terres de l\u2019Ebre, menci\u00f3n especial del Premio IMPULSA CULTURA 2023\"}]},{\"@type\":\"WebSite\",\"@id\":\"https:\/\/fundaciocatalunyacultura.cat\/#website\",\"url\":\"https:\/\/fundaciocatalunyacultura.cat\/\",\"name\":\"Fundaci\u00f3 Catalunya Cultura\",\"description\":\"\",\"publisher\":{\"@id\":\"https:\/\/fundaciocatalunyacultura.cat\/#organization\"},\"potentialAction\":[{\"@type\":\"SearchAction\",\"target\":{\"@type\":\"EntryPoint\",\"urlTemplate\":\"https:\/\/fundaciocatalunyacultura.cat\/?s={search_term_string}\"},\"query-input\":{\"@type\":\"PropertyValueSpecification\",\"valueRequired\":true,\"valueName\":\"search_term_string\"}}],\"inLanguage\":\"es\"},{\"@type\":\"Organization\",\"@id\":\"https:\/\/fundaciocatalunyacultura.cat\/#organization\",\"name\":\"Fundaci\u00f3 Catalunya Cultura\",\"url\":\"https:\/\/fundaciocatalunyacultura.cat\/\",\"logo\":{\"@type\":\"ImageObject\",\"inLanguage\":\"es\",\"@id\":\"https:\/\/fundaciocatalunyacultura.cat\/#\/schema\/logo\/image\/\",\"url\":\"https:\/\/hundreds-wordpress-uploads.s3.amazonaws.com\/fundacio-catalunya-cultura\/uploads\/2021\/03\/fcc_logo_blanc-scaled.jpeg\",\"contentUrl\":\"https:\/\/hundreds-wordpress-uploads.s3.amazonaws.com\/fundacio-catalunya-cultura\/uploads\/2021\/03\/fcc_logo_blanc-scaled.jpeg\",\"width\":2560,\"height\":1785,\"caption\":\"Fundaci\u00f3 Catalunya Cultura\"},\"image\":{\"@id\":\"https:\/\/fundaciocatalunyacultura.cat\/#\/schema\/logo\/image\/\"},\"sameAs\":[\"https:\/\/www.facebook.com\/fundaciocatalunyacultura\/\",\"https:\/\/x.com\/fcatcultura\",\"https:\/\/www.linkedin.com\/company\/fundaci\u00f3-catalunya-cultura\/\",\"https:\/\/ca.wikipedia.org\/wiki\/Fundaci\u00f3_Catalunya_Cultura\"]},{\"@type\":\"Person\",\"@id\":\"https:\/\/fundaciocatalunyacultura.cat\/#\/schema\/person\/f30f60b8448aa2c1761a644f652a4744\",\"name\":\"fundacio\",\"image\":{\"@type\":\"ImageObject\",\"inLanguage\":\"es\",\"@id\":\"https:\/\/fundaciocatalunyacultura.cat\/#\/schema\/person\/image\/\",\"url\":\"https:\/\/secure.gravatar.com\/avatar\/fe57a3f139ea81c65a338e37a8064b4e80844f839737532820c9107eb9e1966f?s=96&d=mm&r=g\",\"contentUrl\":\"https:\/\/secure.gravatar.com\/avatar\/fe57a3f139ea81c65a338e37a8064b4e80844f839737532820c9107eb9e1966f?s=96&d=mm&r=g\",\"caption\":\"fundacio\"},\"url\":\"https:\/\/fundaciocatalunyacultura.cat\/es\/author\/fundacio\/\"}]}<\/script>\n<!-- \/ Yoast SEO plugin. -->","yoast_head_json":{"title":"Entrevista a X\u00e8nia Gaya, directora de Festivals Terres de l\u2019Ebre, menci\u00f3n especial del Premio IMPULSA CULTURA 2023 | Fundaci\u00f3 Catalunya Cultura","robots":{"index":"index","follow":"follow","max-snippet":"max-snippet:-1","max-image-preview":"max-image-preview:large","max-video-preview":"max-video-preview:-1"},"canonical":"https:\/\/fundaciocatalunyacultura.cat\/es\/entrevista-a-xenia-gaya-directora-de-festivals-terres-de-lebre-mencion-especial-del-premio-impulsa-cultura-2023-2\/","og_locale":"es_ES","og_type":"article","og_title":"Entrevista a X\u00e8nia Gaya, directora de Festivals Terres de l\u2019Ebre, menci\u00f3n especial del Premio IMPULSA CULTURA 2023 | Fundaci\u00f3 Catalunya Cultura","og_description":"X\u00e8nia Gaya, directora de Festivals Terres de l&#8217;Ebre, menci\u00f3n especial del Premio IMPULSA CULTURA 2023: \u00abSomos singulares, queremos y trabajamos por la calidad y no por la cantidad\u00bb. &nbsp; 250 actividades programadas, m\u00e1s de 70,000 asistentes y 1.5 millones de euros de impacto directo en pernoctaciones y servicios para el territorio son algunas de las [&hellip;]","og_url":"https:\/\/fundaciocatalunyacultura.cat\/es\/entrevista-a-xenia-gaya-directora-de-festivals-terres-de-lebre-mencion-especial-del-premio-impulsa-cultura-2023-2\/","og_site_name":"Fundaci\u00f3 Catalunya Cultura","article_publisher":"https:\/\/www.facebook.com\/fundaciocatalunyacultura\/","article_published_time":"2023-11-28T08:51:35+00:00","article_modified_time":"2023-11-28T08:52:04+00:00","og_image":[{"url":"https:\/\/hundreds-wordpress-uploads.s3.amazonaws.com\/fundacio-catalunya-cultura\/uploads\/2023\/11\/Foto-Infcta.jpg","type":"","width":"","height":""}],"author":"fundacio","twitter_card":"summary_large_image","twitter_creator":"@fcatcultura","twitter_site":"@fcatcultura","twitter_misc":{"Escrito por":"fundacio","Tiempo de lectura":"5 minutos"},"schema":{"@context":"https:\/\/schema.org","@graph":[{"@type":"Article","@id":"https:\/\/fundaciocatalunyacultura.cat\/es\/entrevista-a-xenia-gaya-directora-de-festivals-terres-de-lebre-mencion-especial-del-premio-impulsa-cultura-2023-2\/#article","isPartOf":{"@id":"https:\/\/fundaciocatalunyacultura.cat\/es\/entrevista-a-xenia-gaya-directora-de-festivals-terres-de-lebre-mencion-especial-del-premio-impulsa-cultura-2023-2\/"},"author":{"name":"fundacio","@id":"https:\/\/fundaciocatalunyacultura.cat\/#\/schema\/person\/f30f60b8448aa2c1761a644f652a4744"},"headline":"Entrevista a X\u00e8nia Gaya, directora de Festivals Terres de l\u2019Ebre, menci\u00f3n especial del Premio IMPULSA CULTURA 2023","datePublished":"2023-11-28T08:51:35+00:00","dateModified":"2023-11-28T08:52:04+00:00","mainEntityOfPage":{"@id":"https:\/\/fundaciocatalunyacultura.cat\/es\/entrevista-a-xenia-gaya-directora-de-festivals-terres-de-lebre-mencion-especial-del-premio-impulsa-cultura-2023-2\/"},"wordCount":786,"publisher":{"@id":"https:\/\/fundaciocatalunyacultura.cat\/#organization"},"image":{"@id":"https:\/\/fundaciocatalunyacultura.cat\/es\/entrevista-a-xenia-gaya-directora-de-festivals-terres-de-lebre-mencion-especial-del-premio-impulsa-cultura-2023-2\/#primaryimage"},"thumbnailUrl":"https:\/\/hundreds-wordpress-uploads.s3.amazonaws.com\/fundacio-catalunya-cultura\/uploads\/2023\/11\/Foto-Infcta.jpg","articleSection":["Entrevistas"],"inLanguage":"es"},{"@type":"WebPage","@id":"https:\/\/fundaciocatalunyacultura.cat\/es\/entrevista-a-xenia-gaya-directora-de-festivals-terres-de-lebre-mencion-especial-del-premio-impulsa-cultura-2023-2\/","url":"https:\/\/fundaciocatalunyacultura.cat\/es\/entrevista-a-xenia-gaya-directora-de-festivals-terres-de-lebre-mencion-especial-del-premio-impulsa-cultura-2023-2\/","name":"Entrevista a X\u00e8nia Gaya, directora de Festivals Terres de l\u2019Ebre, menci\u00f3n especial del Premio IMPULSA CULTURA 2023 | Fundaci\u00f3 Catalunya Cultura","isPartOf":{"@id":"https:\/\/fundaciocatalunyacultura.cat\/#website"},"primaryImageOfPage":{"@id":"https:\/\/fundaciocatalunyacultura.cat\/es\/entrevista-a-xenia-gaya-directora-de-festivals-terres-de-lebre-mencion-especial-del-premio-impulsa-cultura-2023-2\/#primaryimage"},"image":{"@id":"https:\/\/fundaciocatalunyacultura.cat\/es\/entrevista-a-xenia-gaya-directora-de-festivals-terres-de-lebre-mencion-especial-del-premio-impulsa-cultura-2023-2\/#primaryimage"},"thumbnailUrl":"https:\/\/hundreds-wordpress-uploads.s3.amazonaws.com\/fundacio-catalunya-cultura\/uploads\/2023\/11\/Foto-Infcta.jpg","datePublished":"2023-11-28T08:51:35+00:00","dateModified":"2023-11-28T08:52:04+00:00","breadcrumb":{"@id":"https:\/\/fundaciocatalunyacultura.cat\/es\/entrevista-a-xenia-gaya-directora-de-festivals-terres-de-lebre-mencion-especial-del-premio-impulsa-cultura-2023-2\/#breadcrumb"},"inLanguage":"es","potentialAction":[{"@type":"ReadAction","target":["https:\/\/fundaciocatalunyacultura.cat\/es\/entrevista-a-xenia-gaya-directora-de-festivals-terres-de-lebre-mencion-especial-del-premio-impulsa-cultura-2023-2\/"]}]},{"@type":"ImageObject","inLanguage":"es","@id":"https:\/\/fundaciocatalunyacultura.cat\/es\/entrevista-a-xenia-gaya-directora-de-festivals-terres-de-lebre-mencion-especial-del-premio-impulsa-cultura-2023-2\/#primaryimage","url":"https:\/\/hundreds-wordpress-uploads.s3.amazonaws.com\/fundacio-catalunya-cultura\/uploads\/2023\/11\/Foto-Infcta.jpg","contentUrl":"https:\/\/hundreds-wordpress-uploads.s3.amazonaws.com\/fundacio-catalunya-cultura\/uploads\/2023\/11\/Foto-Infcta.jpg"},{"@type":"BreadcrumbList","@id":"https:\/\/fundaciocatalunyacultura.cat\/es\/entrevista-a-xenia-gaya-directora-de-festivals-terres-de-lebre-mencion-especial-del-premio-impulsa-cultura-2023-2\/#breadcrumb","itemListElement":[{"@type":"ListItem","position":1,"name":"Inici","item":"https:\/\/fundaciocatalunyacultura.cat\/es\/"},{"@type":"ListItem","position":2,"name":"Entrevista a X\u00e8nia Gaya, directora de Festivals Terres de l\u2019Ebre, menci\u00f3n especial del Premio IMPULSA CULTURA 2023"}]},{"@type":"WebSite","@id":"https:\/\/fundaciocatalunyacultura.cat\/#website","url":"https:\/\/fundaciocatalunyacultura.cat\/","name":"Fundaci\u00f3 Catalunya Cultura","description":"","publisher":{"@id":"https:\/\/fundaciocatalunyacultura.cat\/#organization"},"potentialAction":[{"@type":"SearchAction","target":{"@type":"EntryPoint","urlTemplate":"https:\/\/fundaciocatalunyacultura.cat\/?s={search_term_string}"},"query-input":{"@type":"PropertyValueSpecification","valueRequired":true,"valueName":"search_term_string"}}],"inLanguage":"es"},{"@type":"Organization","@id":"https:\/\/fundaciocatalunyacultura.cat\/#organization","name":"Fundaci\u00f3 Catalunya Cultura","url":"https:\/\/fundaciocatalunyacultura.cat\/","logo":{"@type":"ImageObject","inLanguage":"es","@id":"https:\/\/fundaciocatalunyacultura.cat\/#\/schema\/logo\/image\/","url":"https:\/\/hundreds-wordpress-uploads.s3.amazonaws.com\/fundacio-catalunya-cultura\/uploads\/2021\/03\/fcc_logo_blanc-scaled.jpeg","contentUrl":"https:\/\/hundreds-wordpress-uploads.s3.amazonaws.com\/fundacio-catalunya-cultura\/uploads\/2021\/03\/fcc_logo_blanc-scaled.jpeg","width":2560,"height":1785,"caption":"Fundaci\u00f3 Catalunya Cultura"},"image":{"@id":"https:\/\/fundaciocatalunyacultura.cat\/#\/schema\/logo\/image\/"},"sameAs":["https:\/\/www.facebook.com\/fundaciocatalunyacultura\/","https:\/\/x.com\/fcatcultura","https:\/\/www.linkedin.com\/company\/fundaci\u00f3-catalunya-cultura\/","https:\/\/ca.wikipedia.org\/wiki\/Fundaci\u00f3_Catalunya_Cultura"]},{"@type":"Person","@id":"https:\/\/fundaciocatalunyacultura.cat\/#\/schema\/person\/f30f60b8448aa2c1761a644f652a4744","name":"fundacio","image":{"@type":"ImageObject","inLanguage":"es","@id":"https:\/\/fundaciocatalunyacultura.cat\/#\/schema\/person\/image\/","url":"https:\/\/secure.gravatar.com\/avatar\/fe57a3f139ea81c65a338e37a8064b4e80844f839737532820c9107eb9e1966f?s=96&d=mm&r=g","contentUrl":"https:\/\/secure.gravatar.com\/avatar\/fe57a3f139ea81c65a338e37a8064b4e80844f839737532820c9107eb9e1966f?s=96&d=mm&r=g","caption":"fundacio"},"url":"https:\/\/fundaciocatalunyacultura.cat\/es\/author\/fundacio\/"}]}},"_links":{"self":[{"href":"https:\/\/fundaciocatalunyacultura.cat\/es\/wp-json\/wp\/v2\/posts\/16737","targetHints":{"allow":["GET"]}}],"collection":[{"href":"https:\/\/fundaciocatalunyacultura.cat\/es\/wp-json\/wp\/v2\/posts"}],"about":[{"href":"https:\/\/fundaciocatalunyacultura.cat\/es\/wp-json\/wp\/v2\/types\/post"}],"author":[{"embeddable":true,"href":"https:\/\/fundaciocatalunyacultura.cat\/es\/wp-json\/wp\/v2\/users\/1"}],"replies":[{"embeddable":true,"href":"https:\/\/fundaciocatalunyacultura.cat\/es\/wp-json\/wp\/v2\/comments?post=16737"}],"version-history":[{"count":2,"href":"https:\/\/fundaciocatalunyacultura.cat\/es\/wp-json\/wp\/v2\/posts\/16737\/revisions"}],"predecessor-version":[{"id":16739,"href":"https:\/\/fundaciocatalunyacultura.cat\/es\/wp-json\/wp\/v2\/posts\/16737\/revisions\/16739"}],"wp:attachment":[{"href":"https:\/\/fundaciocatalunyacultura.cat\/es\/wp-json\/wp\/v2\/media?parent=16737"}],"wp:term":[{"taxonomy":"category","embeddable":true,"href":"https:\/\/fundaciocatalunyacultura.cat\/es\/wp-json\/wp\/v2\/categories?post=16737"}],"curies":[{"name":"wp","href":"https:\/\/api.w.org\/{rel}","templated":true}]}}