{"id":13907,"date":"2023-05-23T09:26:42","date_gmt":"2023-05-23T09:26:42","guid":{"rendered":"https:\/\/www.fundaciocatalunyacultura.cat\/?p=13907"},"modified":"2023-05-24T10:55:40","modified_gmt":"2023-05-24T10:55:40","slug":"nos-aliamos-con-respon-cat-para-promover-la-gestion-socialmente-responsable-de-las-organizaciones-culturales","status":"publish","type":"post","link":"https:\/\/fundaciocatalunyacultura.cat\/es\/nos-aliamos-con-respon-cat-para-promover-la-gestion-socialmente-responsable-de-las-organizaciones-culturales\/","title":{"rendered":"Nos aliamos con Respon.cat para promover la implicaci\u00f3n de las empresas en la cultura en Catalu\u00f1a"},"content":{"rendered":"<p>La directora de la Fundaci\u00f3 Catalunya Cultura, <strong>Maite Esteve,<\/strong> y el coordinador de <a href=\"https:\/\/respon.cat\">Respon.Cat<\/a>, <strong>Josep Maria Canyelles,<\/strong>han firmado un <strong>convenio de colaboraci\u00f3n<\/strong> con la finalidad de sumar esfuerzos para <strong>promover la cultura entre empresas<\/strong>, fomentar una <strong>gesti\u00f3n socialmente responsable<\/strong> en las compa\u00f1\u00edas m\u00e1s sensibles del \u00e1mbito cultural que operan en Catalu\u00f1a y sensibilizar sobre los <strong>Objetivos de Desarrollo Sostenible<\/strong> (ODS). El acuerdo establece un marco de relaci\u00f3n estable entre ambas entidades y unas acciones conjuntas que confluyen en los objetivos fijados.<\/p>\n<p>&nbsp;<\/p>\n<p><strong>Respon.cat<\/strong> es un organismo que quiere implicar a las empresas y organizaciones empresariales m\u00e1s comprometidas con la Responsabilidad Social para promover un <strong>salto cualitativo y cuantitativa de la Responsabilidad Social Empresarial en Catalu\u00f1a (RSE)<\/strong>. As\u00ed mismo, trabaja por la excelencia social de empresas presentes en Catalunya que desarrollan estrategias corporativas orientadas a la competitividad sostenible. Hay que destacar que Respon.Cat, en el marco del Observatorio del Desarrollo Sostenible que ha puesto en marcha, ha creado una Relaci\u00f3n de empresas comprometidas con la RSE en Catalu\u00f1a que agrupa las organizaciones del territorio que tienen una sensibilidad por los valores de la responsabilidad social.<\/p>\n<p>&nbsp;<\/p>\n<p>La entidad, constituida como asociaci\u00f3n empresarial en el a\u00f1o 2015, convoca los <a href=\"https:\/\/respon.cat\/premis\/\"><strong>Premios Respon.Cat<\/strong><\/a>, que se conceden anualmente con el apoyo de la Generalitat de Catalunya y del Consell de Cambres de Comer\u00e7. Por un lado, se otorgan galardones a la trayectoria del compromiso en RSE para Pymes y empresa grandes; y por otro, se hacen reconocimientos de buenas pr\u00e1cticas en cinco \u00e1mbitos de responsabilidad social empresarial.<\/p>\n","protected":false},"excerpt":{"rendered":"<p>La directora de la Fundaci\u00f3 Catalunya Cultura, Maite Esteve, y el coordinador de Respon.Cat, Josep Maria Canyelles,han firmado un convenio de colaboraci\u00f3n con la finalidad de sumar esfuerzos para promover la cultura entre empresas, fomentar una gesti\u00f3n socialmente responsable en las compa\u00f1\u00edas m\u00e1s sensibles del \u00e1mbito cultural que operan en Catalu\u00f1a y sensibilizar sobre los [&hellip;]<\/p>\n","protected":false},"author":1,"featured_media":0,"comment_status":"closed","ping_status":"closed","sticky":false,"template":"","format":"standard","meta":{"_acf_changed":false,"footnotes":""},"categories":[44],"class_list":["post-13907","post","type-post","status-publish","format-standard","hentry","category-noticias"],"acf":[],"yoast_head":"<!-- This site is optimized with the Yoast SEO plugin v25.1 - https:\/\/yoast.com\/wordpress\/plugins\/seo\/ -->\n<title>Nos aliamos con Respon.cat para promover la implicaci\u00f3n de las empresas en la cultura en Catalu\u00f1a | Fundaci\u00f3 Catalunya Cultura<\/title>\n<meta name=\"robots\" content=\"index, follow, max-snippet:-1, max-image-preview:large, max-video-preview:-1\" \/>\n<link rel=\"canonical\" href=\"https:\/\/fundaciocatalunyacultura.cat\/es\/nos-aliamos-con-respon-cat-para-promover-la-gestion-socialmente-responsable-de-las-organizaciones-culturales\/\" \/>\n<meta property=\"og:locale\" content=\"es_ES\" \/>\n<meta property=\"og:type\" content=\"article\" \/>\n<meta property=\"og:title\" content=\"Nos aliamos con Respon.cat para promover la implicaci\u00f3n de las empresas en la cultura en Catalu\u00f1a | Fundaci\u00f3 Catalunya Cultura\" \/>\n<meta property=\"og:description\" content=\"La directora de la Fundaci\u00f3 Catalunya Cultura, Maite Esteve, y el coordinador de Respon.Cat, Josep Maria Canyelles,han firmado un convenio de colaboraci\u00f3n con la finalidad de sumar esfuerzos para promover la cultura entre empresas, fomentar una gesti\u00f3n socialmente responsable en las compa\u00f1\u00edas m\u00e1s sensibles del \u00e1mbito cultural que operan en Catalu\u00f1a y sensibilizar sobre los [&hellip;]\" \/>\n<meta property=\"og:url\" content=\"https:\/\/fundaciocatalunyacultura.cat\/es\/nos-aliamos-con-respon-cat-para-promover-la-gestion-socialmente-responsable-de-las-organizaciones-culturales\/\" \/>\n<meta property=\"og:site_name\" content=\"Fundaci\u00f3 Catalunya Cultura\" \/>\n<meta property=\"article:publisher\" content=\"https:\/\/www.facebook.com\/fundaciocatalunyacultura\/\" \/>\n<meta property=\"article:published_time\" content=\"2023-05-23T09:26:42+00:00\" \/>\n<meta property=\"article:modified_time\" content=\"2023-05-24T10:55:40+00:00\" \/>\n<meta name=\"author\" content=\"fundacio\" \/>\n<meta name=\"twitter:card\" content=\"summary_large_image\" \/>\n<meta name=\"twitter:creator\" content=\"@fcatcultura\" \/>\n<meta name=\"twitter:site\" content=\"@fcatcultura\" \/>\n<meta name=\"twitter:label1\" content=\"Escrito por\" \/>\n\t<meta name=\"twitter:data1\" content=\"fundacio\" \/>\n\t<meta name=\"twitter:label2\" content=\"Tiempo de lectura\" \/>\n\t<meta name=\"twitter:data2\" content=\"2 minutos\" \/>\n<script type=\"application\/ld+json\" class=\"yoast-schema-graph\">{\"@context\":\"https:\/\/schema.org\",\"@graph\":[{\"@type\":\"Article\",\"@id\":\"https:\/\/fundaciocatalunyacultura.cat\/es\/nos-aliamos-con-respon-cat-para-promover-la-gestion-socialmente-responsable-de-las-organizaciones-culturales\/#article\",\"isPartOf\":{\"@id\":\"https:\/\/fundaciocatalunyacultura.cat\/es\/nos-aliamos-con-respon-cat-para-promover-la-gestion-socialmente-responsable-de-las-organizaciones-culturales\/\"},\"author\":{\"name\":\"fundacio\",\"@id\":\"https:\/\/fundaciocatalunyacultura.cat\/#\/schema\/person\/f30f60b8448aa2c1761a644f652a4744\"},\"headline\":\"Nos aliamos con Respon.cat para promover la implicaci\u00f3n de las empresas en la cultura en Catalu\u00f1a\",\"datePublished\":\"2023-05-23T09:26:42+00:00\",\"dateModified\":\"2023-05-24T10:55:40+00:00\",\"mainEntityOfPage\":{\"@id\":\"https:\/\/fundaciocatalunyacultura.cat\/es\/nos-aliamos-con-respon-cat-para-promover-la-gestion-socialmente-responsable-de-las-organizaciones-culturales\/\"},\"wordCount\":288,\"publisher\":{\"@id\":\"https:\/\/fundaciocatalunyacultura.cat\/#organization\"},\"articleSection\":[\"Noticias\"],\"inLanguage\":\"es\"},{\"@type\":\"WebPage\",\"@id\":\"https:\/\/fundaciocatalunyacultura.cat\/es\/nos-aliamos-con-respon-cat-para-promover-la-gestion-socialmente-responsable-de-las-organizaciones-culturales\/\",\"url\":\"https:\/\/fundaciocatalunyacultura.cat\/es\/nos-aliamos-con-respon-cat-para-promover-la-gestion-socialmente-responsable-de-las-organizaciones-culturales\/\",\"name\":\"Nos aliamos con Respon.cat para promover la implicaci\u00f3n de las empresas en la cultura en Catalu\u00f1a | Fundaci\u00f3 Catalunya Cultura\",\"isPartOf\":{\"@id\":\"https:\/\/fundaciocatalunyacultura.cat\/#website\"},\"datePublished\":\"2023-05-23T09:26:42+00:00\",\"dateModified\":\"2023-05-24T10:55:40+00:00\",\"breadcrumb\":{\"@id\":\"https:\/\/fundaciocatalunyacultura.cat\/es\/nos-aliamos-con-respon-cat-para-promover-la-gestion-socialmente-responsable-de-las-organizaciones-culturales\/#breadcrumb\"},\"inLanguage\":\"es\",\"potentialAction\":[{\"@type\":\"ReadAction\",\"target\":[\"https:\/\/fundaciocatalunyacultura.cat\/es\/nos-aliamos-con-respon-cat-para-promover-la-gestion-socialmente-responsable-de-las-organizaciones-culturales\/\"]}]},{\"@type\":\"BreadcrumbList\",\"@id\":\"https:\/\/fundaciocatalunyacultura.cat\/es\/nos-aliamos-con-respon-cat-para-promover-la-gestion-socialmente-responsable-de-las-organizaciones-culturales\/#breadcrumb\",\"itemListElement\":[{\"@type\":\"ListItem\",\"position\":1,\"name\":\"Inici\",\"item\":\"https:\/\/fundaciocatalunyacultura.cat\/es\/\"},{\"@type\":\"ListItem\",\"position\":2,\"name\":\"Nos aliamos con Respon.cat para promover la implicaci\u00f3n de las empresas en la cultura en Catalu\u00f1a\"}]},{\"@type\":\"WebSite\",\"@id\":\"https:\/\/fundaciocatalunyacultura.cat\/#website\",\"url\":\"https:\/\/fundaciocatalunyacultura.cat\/\",\"name\":\"Fundaci\u00f3 Catalunya Cultura\",\"description\":\"\",\"publisher\":{\"@id\":\"https:\/\/fundaciocatalunyacultura.cat\/#organization\"},\"potentialAction\":[{\"@type\":\"SearchAction\",\"target\":{\"@type\":\"EntryPoint\",\"urlTemplate\":\"https:\/\/fundaciocatalunyacultura.cat\/?s={search_term_string}\"},\"query-input\":{\"@type\":\"PropertyValueSpecification\",\"valueRequired\":true,\"valueName\":\"search_term_string\"}}],\"inLanguage\":\"es\"},{\"@type\":\"Organization\",\"@id\":\"https:\/\/fundaciocatalunyacultura.cat\/#organization\",\"name\":\"Fundaci\u00f3 Catalunya Cultura\",\"url\":\"https:\/\/fundaciocatalunyacultura.cat\/\",\"logo\":{\"@type\":\"ImageObject\",\"inLanguage\":\"es\",\"@id\":\"https:\/\/fundaciocatalunyacultura.cat\/#\/schema\/logo\/image\/\",\"url\":\"https:\/\/hundreds-wordpress-uploads.s3.amazonaws.com\/fundacio-catalunya-cultura\/uploads\/2021\/03\/fcc_logo_blanc-scaled.jpeg\",\"contentUrl\":\"https:\/\/hundreds-wordpress-uploads.s3.amazonaws.com\/fundacio-catalunya-cultura\/uploads\/2021\/03\/fcc_logo_blanc-scaled.jpeg\",\"width\":2560,\"height\":1785,\"caption\":\"Fundaci\u00f3 Catalunya Cultura\"},\"image\":{\"@id\":\"https:\/\/fundaciocatalunyacultura.cat\/#\/schema\/logo\/image\/\"},\"sameAs\":[\"https:\/\/www.facebook.com\/fundaciocatalunyacultura\/\",\"https:\/\/x.com\/fcatcultura\",\"https:\/\/www.linkedin.com\/company\/fundaci\u00f3-catalunya-cultura\/\",\"https:\/\/ca.wikipedia.org\/wiki\/Fundaci\u00f3_Catalunya_Cultura\"]},{\"@type\":\"Person\",\"@id\":\"https:\/\/fundaciocatalunyacultura.cat\/#\/schema\/person\/f30f60b8448aa2c1761a644f652a4744\",\"name\":\"fundacio\",\"image\":{\"@type\":\"ImageObject\",\"inLanguage\":\"es\",\"@id\":\"https:\/\/fundaciocatalunyacultura.cat\/#\/schema\/person\/image\/\",\"url\":\"https:\/\/secure.gravatar.com\/avatar\/fe57a3f139ea81c65a338e37a8064b4e80844f839737532820c9107eb9e1966f?s=96&d=mm&r=g\",\"contentUrl\":\"https:\/\/secure.gravatar.com\/avatar\/fe57a3f139ea81c65a338e37a8064b4e80844f839737532820c9107eb9e1966f?s=96&d=mm&r=g\",\"caption\":\"fundacio\"},\"url\":\"https:\/\/fundaciocatalunyacultura.cat\/es\/author\/fundacio\/\"}]}<\/script>\n<!-- \/ Yoast SEO plugin. -->","yoast_head_json":{"title":"Nos aliamos con Respon.cat para promover la implicaci\u00f3n de las empresas en la cultura en Catalu\u00f1a | Fundaci\u00f3 Catalunya Cultura","robots":{"index":"index","follow":"follow","max-snippet":"max-snippet:-1","max-image-preview":"max-image-preview:large","max-video-preview":"max-video-preview:-1"},"canonical":"https:\/\/fundaciocatalunyacultura.cat\/es\/nos-aliamos-con-respon-cat-para-promover-la-gestion-socialmente-responsable-de-las-organizaciones-culturales\/","og_locale":"es_ES","og_type":"article","og_title":"Nos aliamos con Respon.cat para promover la implicaci\u00f3n de las empresas en la cultura en Catalu\u00f1a | Fundaci\u00f3 Catalunya Cultura","og_description":"La directora de la Fundaci\u00f3 Catalunya Cultura, Maite Esteve, y el coordinador de Respon.Cat, Josep Maria Canyelles,han firmado un convenio de colaboraci\u00f3n con la finalidad de sumar esfuerzos para promover la cultura entre empresas, fomentar una gesti\u00f3n socialmente responsable en las compa\u00f1\u00edas m\u00e1s sensibles del \u00e1mbito cultural que operan en Catalu\u00f1a y sensibilizar sobre los [&hellip;]","og_url":"https:\/\/fundaciocatalunyacultura.cat\/es\/nos-aliamos-con-respon-cat-para-promover-la-gestion-socialmente-responsable-de-las-organizaciones-culturales\/","og_site_name":"Fundaci\u00f3 Catalunya Cultura","article_publisher":"https:\/\/www.facebook.com\/fundaciocatalunyacultura\/","article_published_time":"2023-05-23T09:26:42+00:00","article_modified_time":"2023-05-24T10:55:40+00:00","author":"fundacio","twitter_card":"summary_large_image","twitter_creator":"@fcatcultura","twitter_site":"@fcatcultura","twitter_misc":{"Escrito por":"fundacio","Tiempo de lectura":"2 minutos"},"schema":{"@context":"https:\/\/schema.org","@graph":[{"@type":"Article","@id":"https:\/\/fundaciocatalunyacultura.cat\/es\/nos-aliamos-con-respon-cat-para-promover-la-gestion-socialmente-responsable-de-las-organizaciones-culturales\/#article","isPartOf":{"@id":"https:\/\/fundaciocatalunyacultura.cat\/es\/nos-aliamos-con-respon-cat-para-promover-la-gestion-socialmente-responsable-de-las-organizaciones-culturales\/"},"author":{"name":"fundacio","@id":"https:\/\/fundaciocatalunyacultura.cat\/#\/schema\/person\/f30f60b8448aa2c1761a644f652a4744"},"headline":"Nos aliamos con Respon.cat para promover la implicaci\u00f3n de las empresas en la cultura en Catalu\u00f1a","datePublished":"2023-05-23T09:26:42+00:00","dateModified":"2023-05-24T10:55:40+00:00","mainEntityOfPage":{"@id":"https:\/\/fundaciocatalunyacultura.cat\/es\/nos-aliamos-con-respon-cat-para-promover-la-gestion-socialmente-responsable-de-las-organizaciones-culturales\/"},"wordCount":288,"publisher":{"@id":"https:\/\/fundaciocatalunyacultura.cat\/#organization"},"articleSection":["Noticias"],"inLanguage":"es"},{"@type":"WebPage","@id":"https:\/\/fundaciocatalunyacultura.cat\/es\/nos-aliamos-con-respon-cat-para-promover-la-gestion-socialmente-responsable-de-las-organizaciones-culturales\/","url":"https:\/\/fundaciocatalunyacultura.cat\/es\/nos-aliamos-con-respon-cat-para-promover-la-gestion-socialmente-responsable-de-las-organizaciones-culturales\/","name":"Nos aliamos con Respon.cat para promover la implicaci\u00f3n de las empresas en la cultura en Catalu\u00f1a | Fundaci\u00f3 Catalunya Cultura","isPartOf":{"@id":"https:\/\/fundaciocatalunyacultura.cat\/#website"},"datePublished":"2023-05-23T09:26:42+00:00","dateModified":"2023-05-24T10:55:40+00:00","breadcrumb":{"@id":"https:\/\/fundaciocatalunyacultura.cat\/es\/nos-aliamos-con-respon-cat-para-promover-la-gestion-socialmente-responsable-de-las-organizaciones-culturales\/#breadcrumb"},"inLanguage":"es","potentialAction":[{"@type":"ReadAction","target":["https:\/\/fundaciocatalunyacultura.cat\/es\/nos-aliamos-con-respon-cat-para-promover-la-gestion-socialmente-responsable-de-las-organizaciones-culturales\/"]}]},{"@type":"BreadcrumbList","@id":"https:\/\/fundaciocatalunyacultura.cat\/es\/nos-aliamos-con-respon-cat-para-promover-la-gestion-socialmente-responsable-de-las-organizaciones-culturales\/#breadcrumb","itemListElement":[{"@type":"ListItem","position":1,"name":"Inici","item":"https:\/\/fundaciocatalunyacultura.cat\/es\/"},{"@type":"ListItem","position":2,"name":"Nos aliamos con Respon.cat para promover la implicaci\u00f3n de las empresas en la cultura en Catalu\u00f1a"}]},{"@type":"WebSite","@id":"https:\/\/fundaciocatalunyacultura.cat\/#website","url":"https:\/\/fundaciocatalunyacultura.cat\/","name":"Fundaci\u00f3 Catalunya Cultura","description":"","publisher":{"@id":"https:\/\/fundaciocatalunyacultura.cat\/#organization"},"potentialAction":[{"@type":"SearchAction","target":{"@type":"EntryPoint","urlTemplate":"https:\/\/fundaciocatalunyacultura.cat\/?s={search_term_string}"},"query-input":{"@type":"PropertyValueSpecification","valueRequired":true,"valueName":"search_term_string"}}],"inLanguage":"es"},{"@type":"Organization","@id":"https:\/\/fundaciocatalunyacultura.cat\/#organization","name":"Fundaci\u00f3 Catalunya Cultura","url":"https:\/\/fundaciocatalunyacultura.cat\/","logo":{"@type":"ImageObject","inLanguage":"es","@id":"https:\/\/fundaciocatalunyacultura.cat\/#\/schema\/logo\/image\/","url":"https:\/\/hundreds-wordpress-uploads.s3.amazonaws.com\/fundacio-catalunya-cultura\/uploads\/2021\/03\/fcc_logo_blanc-scaled.jpeg","contentUrl":"https:\/\/hundreds-wordpress-uploads.s3.amazonaws.com\/fundacio-catalunya-cultura\/uploads\/2021\/03\/fcc_logo_blanc-scaled.jpeg","width":2560,"height":1785,"caption":"Fundaci\u00f3 Catalunya Cultura"},"image":{"@id":"https:\/\/fundaciocatalunyacultura.cat\/#\/schema\/logo\/image\/"},"sameAs":["https:\/\/www.facebook.com\/fundaciocatalunyacultura\/","https:\/\/x.com\/fcatcultura","https:\/\/www.linkedin.com\/company\/fundaci\u00f3-catalunya-cultura\/","https:\/\/ca.wikipedia.org\/wiki\/Fundaci\u00f3_Catalunya_Cultura"]},{"@type":"Person","@id":"https:\/\/fundaciocatalunyacultura.cat\/#\/schema\/person\/f30f60b8448aa2c1761a644f652a4744","name":"fundacio","image":{"@type":"ImageObject","inLanguage":"es","@id":"https:\/\/fundaciocatalunyacultura.cat\/#\/schema\/person\/image\/","url":"https:\/\/secure.gravatar.com\/avatar\/fe57a3f139ea81c65a338e37a8064b4e80844f839737532820c9107eb9e1966f?s=96&d=mm&r=g","contentUrl":"https:\/\/secure.gravatar.com\/avatar\/fe57a3f139ea81c65a338e37a8064b4e80844f839737532820c9107eb9e1966f?s=96&d=mm&r=g","caption":"fundacio"},"url":"https:\/\/fundaciocatalunyacultura.cat\/es\/author\/fundacio\/"}]}},"_links":{"self":[{"href":"https:\/\/fundaciocatalunyacultura.cat\/es\/wp-json\/wp\/v2\/posts\/13907","targetHints":{"allow":["GET"]}}],"collection":[{"href":"https:\/\/fundaciocatalunyacultura.cat\/es\/wp-json\/wp\/v2\/posts"}],"about":[{"href":"https:\/\/fundaciocatalunyacultura.cat\/es\/wp-json\/wp\/v2\/types\/post"}],"author":[{"embeddable":true,"href":"https:\/\/fundaciocatalunyacultura.cat\/es\/wp-json\/wp\/v2\/users\/1"}],"replies":[{"embeddable":true,"href":"https:\/\/fundaciocatalunyacultura.cat\/es\/wp-json\/wp\/v2\/comments?post=13907"}],"version-history":[{"count":3,"href":"https:\/\/fundaciocatalunyacultura.cat\/es\/wp-json\/wp\/v2\/posts\/13907\/revisions"}],"predecessor-version":[{"id":13920,"href":"https:\/\/fundaciocatalunyacultura.cat\/es\/wp-json\/wp\/v2\/posts\/13907\/revisions\/13920"}],"wp:attachment":[{"href":"https:\/\/fundaciocatalunyacultura.cat\/es\/wp-json\/wp\/v2\/media?parent=13907"}],"wp:term":[{"taxonomy":"category","embeddable":true,"href":"https:\/\/fundaciocatalunyacultura.cat\/es\/wp-json\/wp\/v2\/categories?post=13907"}],"curies":[{"name":"wp","href":"https:\/\/api.w.org\/{rel}","templated":true}]}}