{"id":13733,"date":"2023-05-04T10:12:48","date_gmt":"2023-05-04T10:12:48","guid":{"rendered":"https:\/\/www.fundaciocatalunyacultura.cat\/?p=13733"},"modified":"2023-05-19T07:23:07","modified_gmt":"2023-05-19T07:23:07","slug":"el-binomio-empresa-y-cultura-y-los-incentivos-fiscales-en-la-inversion-cultural-centran-un-acto-que-organizamos-con-el-collegi-censors-jurats-de-comptes-de-catalunya","status":"publish","type":"post","link":"https:\/\/fundaciocatalunyacultura.cat\/es\/el-binomio-empresa-y-cultura-y-los-incentivos-fiscales-en-la-inversion-cultural-centran-un-acto-que-organizamos-con-el-collegi-censors-jurats-de-comptes-de-catalunya\/","title":{"rendered":"El binomio empresa y cultura y los incentivos fiscales centran un acto que organizamos con el Col\u00b7legi Censors Jurats de Comptes de Catalunya"},"content":{"rendered":"<p>Cu\u00e1les son los incentivos fiscales al fomento de la cultura y qu\u00e9 son los beneficios de las alianzas entre empresa y cultura han sido las cuestiones que se han puesto sobre la mesa al acto \u201cQuieres impactar como empresa? Invierte en cultura\u201d, que el <a href=\"https:\/\/www.auditorscensors.com\/ca\/el-collegi\">Colegio de Censores Jurados de Cuentas de Catalu\u00f1a (CCJCC)<\/a> ha celebrado en su sede y que ha contado con la participaci\u00f3n de varios expertos.<\/p>\n<p>El primer bloque del acto se ha centrado en la incentivaci\u00f3n fiscal en la hora de invertir en cultura y en las novedades que incorporar\u00e1 en este aspecto la reforma de la Ley de Mecenazgo, que ha sido aprobada recientemente por el Congreso de los Diputados. Los ponentes que ha intervenido en esta tabla de debate, moderada por el presidente de la Comisi\u00f3n Fiscal del CCJCC, <strong>Jordi Casals, <\/strong>han estado: <strong>Enric Rius<\/strong>, socio director de Rius Consultors y censor jurado de cuentas:<strong> Nuria Cabr\u00e9<\/strong>, socia del departamento de Dret Fiscal de Garrigues;<strong> Alberto Sampablo<\/strong>, profesor de Derecho del Esmuc, director de la Consultora y Agencia SMILE am&amp;c y asesor fiscal en temas de \u00e1mbito cultural de la C\u00e1mara de Comercio de Barcelona<\/p>\n<p><strong>\u00a0<\/strong>A la segunda parte, la directora de la Fundaci\u00f3n, Maite Esteve, ha moderado un debate en que van intervenido el director del <a href=\"https:\/\/www.festivalitinera.cat\/es\">Festival Itinera<\/a>,<strong> Marcel Marata, <\/strong>y el director corporativo general de <a href=\"https:\/\/parlem.com\/?utm_source=sem&amp;utm_medium=cpc&amp;gad=1&amp;gclid=Cj0KCQjwr82iBhCuARIsAO0EAZz_DdAb1m2oXmLDS6_GeGxMUHVJVUb6l8GDh5PZvsqyj82Uu403raYaAroZEALw_wcB&amp;adfcd=1683193088.UvMwyuATuUSYIj9yZdz2yQ.Mjg1NjUxNCwxODI5OTg2\">Parlem<\/a>, <strong>Ignasi Trib\u00f3<\/strong>, que han expuesto los beneficios de las alianzas que llevan a cabo y que ejemplifican las sinergias entre cultura y empresa.<\/p>\n<p><strong>Maite Esteve <\/strong>ha destacado que \u00abLa cultura equipara y pone a todos en el mismo nivel dentro de la empresa\u00bb.<\/p>\n<p>Por su parte, Marcel Marata ha subrayado:<strong> \u201cLas compa\u00f1\u00edas con alma como Parlem buscan alianzas con qui\u00e9n compartir valores\u00bb <\/strong>e Ignasi Trib\u00f3 ha incidido en el hecho que <strong>\u201cProximidad y regionalidad son valores de Parlem que nos vinculan al Festival Itinera\u00bb.<\/strong><\/p>\n<p><strong>Convenio de colaboraci\u00f3n con el CCJCC<\/strong><\/p>\n<p>Coincidiendo con este acto, la directora de la Fundaci\u00f3n, Maite Esteve, y el presidente del CCJCC, Antoni G\u00f3mez, han firmado un convenio de colaboraci\u00f3n. Seg\u00fan el acuerdo, que tiene una vigencia de un a\u00f1o, las dos entidades trabajar\u00e1n conjuntamente en iniciativas y estrategias con el objetivo de impulsar el fomento de la cultura.<\/p>\n<p>Con este, ya son<strong> 28 los convenios de colaboraci\u00f3n <\/strong>que la Fundaci\u00f3n ha formalizado con otras empresas e instituciones con las cuales comparte objetivos y l\u00edneas de actuaci\u00f3n.<\/p>\n","protected":false},"excerpt":{"rendered":"<p>Cu\u00e1les son los incentivos fiscales al fomento de la cultura y qu\u00e9 son los beneficios de las alianzas entre empresa y cultura han sido las cuestiones que se han puesto sobre la mesa al acto \u201cQuieres impactar como empresa? Invierte en cultura\u201d, que el Colegio de Censores Jurados de Cuentas de Catalu\u00f1a (CCJCC) ha celebrado [&hellip;]<\/p>\n","protected":false},"author":1,"featured_media":0,"comment_status":"closed","ping_status":"closed","sticky":false,"template":"","format":"standard","meta":{"_acf_changed":false,"footnotes":""},"categories":[44],"class_list":["post-13733","post","type-post","status-publish","format-standard","hentry","category-noticias"],"acf":[],"yoast_head":"<!-- This site is optimized with the Yoast SEO plugin v25.1 - https:\/\/yoast.com\/wordpress\/plugins\/seo\/ -->\n<title>El binomio empresa y cultura y los incentivos fiscales centran un acto que organizamos con el Col\u00b7legi Censors Jurats de Comptes de Catalunya | Fundaci\u00f3 Catalunya Cultura<\/title>\n<meta name=\"robots\" content=\"index, follow, max-snippet:-1, max-image-preview:large, max-video-preview:-1\" \/>\n<link rel=\"canonical\" href=\"https:\/\/fundaciocatalunyacultura.cat\/es\/el-binomio-empresa-y-cultura-y-los-incentivos-fiscales-en-la-inversion-cultural-centran-un-acto-que-organizamos-con-el-collegi-censors-jurats-de-comptes-de-catalunya\/\" \/>\n<meta property=\"og:locale\" content=\"es_ES\" \/>\n<meta property=\"og:type\" content=\"article\" \/>\n<meta property=\"og:title\" content=\"El binomio empresa y cultura y los incentivos fiscales centran un acto que organizamos con el Col\u00b7legi Censors Jurats de Comptes de Catalunya | Fundaci\u00f3 Catalunya Cultura\" \/>\n<meta property=\"og:description\" content=\"Cu\u00e1les son los incentivos fiscales al fomento de la cultura y qu\u00e9 son los beneficios de las alianzas entre empresa y cultura han sido las cuestiones que se han puesto sobre la mesa al acto \u201cQuieres impactar como empresa? Invierte en cultura\u201d, que el Colegio de Censores Jurados de Cuentas de Catalu\u00f1a (CCJCC) ha celebrado [&hellip;]\" \/>\n<meta property=\"og:url\" content=\"https:\/\/fundaciocatalunyacultura.cat\/es\/el-binomio-empresa-y-cultura-y-los-incentivos-fiscales-en-la-inversion-cultural-centran-un-acto-que-organizamos-con-el-collegi-censors-jurats-de-comptes-de-catalunya\/\" \/>\n<meta property=\"og:site_name\" content=\"Fundaci\u00f3 Catalunya Cultura\" \/>\n<meta property=\"article:publisher\" content=\"https:\/\/www.facebook.com\/fundaciocatalunyacultura\/\" \/>\n<meta property=\"article:published_time\" content=\"2023-05-04T10:12:48+00:00\" \/>\n<meta property=\"article:modified_time\" content=\"2023-05-19T07:23:07+00:00\" \/>\n<meta name=\"author\" content=\"fundacio\" \/>\n<meta name=\"twitter:card\" content=\"summary_large_image\" \/>\n<meta name=\"twitter:creator\" content=\"@fcatcultura\" \/>\n<meta name=\"twitter:site\" content=\"@fcatcultura\" \/>\n<meta name=\"twitter:label1\" content=\"Escrito por\" \/>\n\t<meta name=\"twitter:data1\" content=\"fundacio\" \/>\n\t<meta name=\"twitter:label2\" content=\"Tiempo de lectura\" \/>\n\t<meta name=\"twitter:data2\" content=\"3 minutos\" \/>\n<script type=\"application\/ld+json\" class=\"yoast-schema-graph\">{\"@context\":\"https:\/\/schema.org\",\"@graph\":[{\"@type\":\"Article\",\"@id\":\"https:\/\/fundaciocatalunyacultura.cat\/es\/el-binomio-empresa-y-cultura-y-los-incentivos-fiscales-en-la-inversion-cultural-centran-un-acto-que-organizamos-con-el-collegi-censors-jurats-de-comptes-de-catalunya\/#article\",\"isPartOf\":{\"@id\":\"https:\/\/fundaciocatalunyacultura.cat\/es\/el-binomio-empresa-y-cultura-y-los-incentivos-fiscales-en-la-inversion-cultural-centran-un-acto-que-organizamos-con-el-collegi-censors-jurats-de-comptes-de-catalunya\/\"},\"author\":{\"name\":\"fundacio\",\"@id\":\"https:\/\/www.fundaciocatalunyacultura.cat\/#\/schema\/person\/f30f60b8448aa2c1761a644f652a4744\"},\"headline\":\"El binomio empresa y cultura y los incentivos fiscales centran un acto que organizamos con el Col\u00b7legi Censors Jurats de Comptes de Catalunya\",\"datePublished\":\"2023-05-04T10:12:48+00:00\",\"dateModified\":\"2023-05-19T07:23:07+00:00\",\"mainEntityOfPage\":{\"@id\":\"https:\/\/fundaciocatalunyacultura.cat\/es\/el-binomio-empresa-y-cultura-y-los-incentivos-fiscales-en-la-inversion-cultural-centran-un-acto-que-organizamos-con-el-collegi-censors-jurats-de-comptes-de-catalunya\/\"},\"wordCount\":439,\"publisher\":{\"@id\":\"https:\/\/www.fundaciocatalunyacultura.cat\/#organization\"},\"articleSection\":[\"Noticias\"],\"inLanguage\":\"es\"},{\"@type\":\"WebPage\",\"@id\":\"https:\/\/fundaciocatalunyacultura.cat\/es\/el-binomio-empresa-y-cultura-y-los-incentivos-fiscales-en-la-inversion-cultural-centran-un-acto-que-organizamos-con-el-collegi-censors-jurats-de-comptes-de-catalunya\/\",\"url\":\"https:\/\/fundaciocatalunyacultura.cat\/es\/el-binomio-empresa-y-cultura-y-los-incentivos-fiscales-en-la-inversion-cultural-centran-un-acto-que-organizamos-con-el-collegi-censors-jurats-de-comptes-de-catalunya\/\",\"name\":\"El binomio empresa y cultura y los incentivos fiscales centran un acto que organizamos con el Col\u00b7legi Censors Jurats de Comptes de Catalunya | Fundaci\u00f3 Catalunya Cultura\",\"isPartOf\":{\"@id\":\"https:\/\/www.fundaciocatalunyacultura.cat\/#website\"},\"datePublished\":\"2023-05-04T10:12:48+00:00\",\"dateModified\":\"2023-05-19T07:23:07+00:00\",\"breadcrumb\":{\"@id\":\"https:\/\/fundaciocatalunyacultura.cat\/es\/el-binomio-empresa-y-cultura-y-los-incentivos-fiscales-en-la-inversion-cultural-centran-un-acto-que-organizamos-con-el-collegi-censors-jurats-de-comptes-de-catalunya\/#breadcrumb\"},\"inLanguage\":\"es\",\"potentialAction\":[{\"@type\":\"ReadAction\",\"target\":[\"https:\/\/fundaciocatalunyacultura.cat\/es\/el-binomio-empresa-y-cultura-y-los-incentivos-fiscales-en-la-inversion-cultural-centran-un-acto-que-organizamos-con-el-collegi-censors-jurats-de-comptes-de-catalunya\/\"]}]},{\"@type\":\"BreadcrumbList\",\"@id\":\"https:\/\/fundaciocatalunyacultura.cat\/es\/el-binomio-empresa-y-cultura-y-los-incentivos-fiscales-en-la-inversion-cultural-centran-un-acto-que-organizamos-con-el-collegi-censors-jurats-de-comptes-de-catalunya\/#breadcrumb\",\"itemListElement\":[{\"@type\":\"ListItem\",\"position\":1,\"name\":\"Inici\",\"item\":\"https:\/\/www.fundaciocatalunyacultura.cat\/es\/\"},{\"@type\":\"ListItem\",\"position\":2,\"name\":\"El binomio empresa y cultura y los incentivos fiscales centran un acto que organizamos con el Col\u00b7legi Censors Jurats de Comptes de Catalunya\"}]},{\"@type\":\"WebSite\",\"@id\":\"https:\/\/www.fundaciocatalunyacultura.cat\/#website\",\"url\":\"https:\/\/www.fundaciocatalunyacultura.cat\/\",\"name\":\"Fundaci\u00f3 Catalunya Cultura\",\"description\":\"\",\"publisher\":{\"@id\":\"https:\/\/www.fundaciocatalunyacultura.cat\/#organization\"},\"potentialAction\":[{\"@type\":\"SearchAction\",\"target\":{\"@type\":\"EntryPoint\",\"urlTemplate\":\"https:\/\/www.fundaciocatalunyacultura.cat\/?s={search_term_string}\"},\"query-input\":{\"@type\":\"PropertyValueSpecification\",\"valueRequired\":true,\"valueName\":\"search_term_string\"}}],\"inLanguage\":\"es\"},{\"@type\":\"Organization\",\"@id\":\"https:\/\/www.fundaciocatalunyacultura.cat\/#organization\",\"name\":\"Fundaci\u00f3 Catalunya Cultura\",\"url\":\"https:\/\/www.fundaciocatalunyacultura.cat\/\",\"logo\":{\"@type\":\"ImageObject\",\"inLanguage\":\"es\",\"@id\":\"https:\/\/www.fundaciocatalunyacultura.cat\/#\/schema\/logo\/image\/\",\"url\":\"https:\/\/hundreds-wordpress-uploads.s3.amazonaws.com\/fundacio-catalunya-cultura\/uploads\/2021\/03\/fcc_logo_blanc-scaled.jpeg\",\"contentUrl\":\"https:\/\/hundreds-wordpress-uploads.s3.amazonaws.com\/fundacio-catalunya-cultura\/uploads\/2021\/03\/fcc_logo_blanc-scaled.jpeg\",\"width\":2560,\"height\":1785,\"caption\":\"Fundaci\u00f3 Catalunya Cultura\"},\"image\":{\"@id\":\"https:\/\/www.fundaciocatalunyacultura.cat\/#\/schema\/logo\/image\/\"},\"sameAs\":[\"https:\/\/www.facebook.com\/fundaciocatalunyacultura\/\",\"https:\/\/x.com\/fcatcultura\",\"https:\/\/www.linkedin.com\/company\/fundaci\u00f3-catalunya-cultura\/\",\"https:\/\/ca.wikipedia.org\/wiki\/Fundaci\u00f3_Catalunya_Cultura\"]},{\"@type\":\"Person\",\"@id\":\"https:\/\/www.fundaciocatalunyacultura.cat\/#\/schema\/person\/f30f60b8448aa2c1761a644f652a4744\",\"name\":\"fundacio\",\"image\":{\"@type\":\"ImageObject\",\"inLanguage\":\"es\",\"@id\":\"https:\/\/www.fundaciocatalunyacultura.cat\/#\/schema\/person\/image\/\",\"url\":\"https:\/\/secure.gravatar.com\/avatar\/fe57a3f139ea81c65a338e37a8064b4e80844f839737532820c9107eb9e1966f?s=96&d=mm&r=g\",\"contentUrl\":\"https:\/\/secure.gravatar.com\/avatar\/fe57a3f139ea81c65a338e37a8064b4e80844f839737532820c9107eb9e1966f?s=96&d=mm&r=g\",\"caption\":\"fundacio\"},\"url\":\"https:\/\/fundaciocatalunyacultura.cat\/es\/author\/fundacio\/\"}]}<\/script>\n<!-- \/ Yoast SEO plugin. -->","yoast_head_json":{"title":"El binomio empresa y cultura y los incentivos fiscales centran un acto que organizamos con el Col\u00b7legi Censors Jurats de Comptes de Catalunya | Fundaci\u00f3 Catalunya Cultura","robots":{"index":"index","follow":"follow","max-snippet":"max-snippet:-1","max-image-preview":"max-image-preview:large","max-video-preview":"max-video-preview:-1"},"canonical":"https:\/\/fundaciocatalunyacultura.cat\/es\/el-binomio-empresa-y-cultura-y-los-incentivos-fiscales-en-la-inversion-cultural-centran-un-acto-que-organizamos-con-el-collegi-censors-jurats-de-comptes-de-catalunya\/","og_locale":"es_ES","og_type":"article","og_title":"El binomio empresa y cultura y los incentivos fiscales centran un acto que organizamos con el Col\u00b7legi Censors Jurats de Comptes de Catalunya | Fundaci\u00f3 Catalunya Cultura","og_description":"Cu\u00e1les son los incentivos fiscales al fomento de la cultura y qu\u00e9 son los beneficios de las alianzas entre empresa y cultura han sido las cuestiones que se han puesto sobre la mesa al acto \u201cQuieres impactar como empresa? Invierte en cultura\u201d, que el Colegio de Censores Jurados de Cuentas de Catalu\u00f1a (CCJCC) ha celebrado [&hellip;]","og_url":"https:\/\/fundaciocatalunyacultura.cat\/es\/el-binomio-empresa-y-cultura-y-los-incentivos-fiscales-en-la-inversion-cultural-centran-un-acto-que-organizamos-con-el-collegi-censors-jurats-de-comptes-de-catalunya\/","og_site_name":"Fundaci\u00f3 Catalunya Cultura","article_publisher":"https:\/\/www.facebook.com\/fundaciocatalunyacultura\/","article_published_time":"2023-05-04T10:12:48+00:00","article_modified_time":"2023-05-19T07:23:07+00:00","author":"fundacio","twitter_card":"summary_large_image","twitter_creator":"@fcatcultura","twitter_site":"@fcatcultura","twitter_misc":{"Escrito por":"fundacio","Tiempo de lectura":"3 minutos"},"schema":{"@context":"https:\/\/schema.org","@graph":[{"@type":"Article","@id":"https:\/\/fundaciocatalunyacultura.cat\/es\/el-binomio-empresa-y-cultura-y-los-incentivos-fiscales-en-la-inversion-cultural-centran-un-acto-que-organizamos-con-el-collegi-censors-jurats-de-comptes-de-catalunya\/#article","isPartOf":{"@id":"https:\/\/fundaciocatalunyacultura.cat\/es\/el-binomio-empresa-y-cultura-y-los-incentivos-fiscales-en-la-inversion-cultural-centran-un-acto-que-organizamos-con-el-collegi-censors-jurats-de-comptes-de-catalunya\/"},"author":{"name":"fundacio","@id":"https:\/\/www.fundaciocatalunyacultura.cat\/#\/schema\/person\/f30f60b8448aa2c1761a644f652a4744"},"headline":"El binomio empresa y cultura y los incentivos fiscales centran un acto que organizamos con el Col\u00b7legi Censors Jurats de Comptes de Catalunya","datePublished":"2023-05-04T10:12:48+00:00","dateModified":"2023-05-19T07:23:07+00:00","mainEntityOfPage":{"@id":"https:\/\/fundaciocatalunyacultura.cat\/es\/el-binomio-empresa-y-cultura-y-los-incentivos-fiscales-en-la-inversion-cultural-centran-un-acto-que-organizamos-con-el-collegi-censors-jurats-de-comptes-de-catalunya\/"},"wordCount":439,"publisher":{"@id":"https:\/\/www.fundaciocatalunyacultura.cat\/#organization"},"articleSection":["Noticias"],"inLanguage":"es"},{"@type":"WebPage","@id":"https:\/\/fundaciocatalunyacultura.cat\/es\/el-binomio-empresa-y-cultura-y-los-incentivos-fiscales-en-la-inversion-cultural-centran-un-acto-que-organizamos-con-el-collegi-censors-jurats-de-comptes-de-catalunya\/","url":"https:\/\/fundaciocatalunyacultura.cat\/es\/el-binomio-empresa-y-cultura-y-los-incentivos-fiscales-en-la-inversion-cultural-centran-un-acto-que-organizamos-con-el-collegi-censors-jurats-de-comptes-de-catalunya\/","name":"El binomio empresa y cultura y los incentivos fiscales centran un acto que organizamos con el Col\u00b7legi Censors Jurats de Comptes de Catalunya | Fundaci\u00f3 Catalunya Cultura","isPartOf":{"@id":"https:\/\/www.fundaciocatalunyacultura.cat\/#website"},"datePublished":"2023-05-04T10:12:48+00:00","dateModified":"2023-05-19T07:23:07+00:00","breadcrumb":{"@id":"https:\/\/fundaciocatalunyacultura.cat\/es\/el-binomio-empresa-y-cultura-y-los-incentivos-fiscales-en-la-inversion-cultural-centran-un-acto-que-organizamos-con-el-collegi-censors-jurats-de-comptes-de-catalunya\/#breadcrumb"},"inLanguage":"es","potentialAction":[{"@type":"ReadAction","target":["https:\/\/fundaciocatalunyacultura.cat\/es\/el-binomio-empresa-y-cultura-y-los-incentivos-fiscales-en-la-inversion-cultural-centran-un-acto-que-organizamos-con-el-collegi-censors-jurats-de-comptes-de-catalunya\/"]}]},{"@type":"BreadcrumbList","@id":"https:\/\/fundaciocatalunyacultura.cat\/es\/el-binomio-empresa-y-cultura-y-los-incentivos-fiscales-en-la-inversion-cultural-centran-un-acto-que-organizamos-con-el-collegi-censors-jurats-de-comptes-de-catalunya\/#breadcrumb","itemListElement":[{"@type":"ListItem","position":1,"name":"Inici","item":"https:\/\/www.fundaciocatalunyacultura.cat\/es\/"},{"@type":"ListItem","position":2,"name":"El binomio empresa y cultura y los incentivos fiscales centran un acto que organizamos con el Col\u00b7legi Censors Jurats de Comptes de Catalunya"}]},{"@type":"WebSite","@id":"https:\/\/www.fundaciocatalunyacultura.cat\/#website","url":"https:\/\/www.fundaciocatalunyacultura.cat\/","name":"Fundaci\u00f3 Catalunya Cultura","description":"","publisher":{"@id":"https:\/\/www.fundaciocatalunyacultura.cat\/#organization"},"potentialAction":[{"@type":"SearchAction","target":{"@type":"EntryPoint","urlTemplate":"https:\/\/www.fundaciocatalunyacultura.cat\/?s={search_term_string}"},"query-input":{"@type":"PropertyValueSpecification","valueRequired":true,"valueName":"search_term_string"}}],"inLanguage":"es"},{"@type":"Organization","@id":"https:\/\/www.fundaciocatalunyacultura.cat\/#organization","name":"Fundaci\u00f3 Catalunya Cultura","url":"https:\/\/www.fundaciocatalunyacultura.cat\/","logo":{"@type":"ImageObject","inLanguage":"es","@id":"https:\/\/www.fundaciocatalunyacultura.cat\/#\/schema\/logo\/image\/","url":"https:\/\/hundreds-wordpress-uploads.s3.amazonaws.com\/fundacio-catalunya-cultura\/uploads\/2021\/03\/fcc_logo_blanc-scaled.jpeg","contentUrl":"https:\/\/hundreds-wordpress-uploads.s3.amazonaws.com\/fundacio-catalunya-cultura\/uploads\/2021\/03\/fcc_logo_blanc-scaled.jpeg","width":2560,"height":1785,"caption":"Fundaci\u00f3 Catalunya Cultura"},"image":{"@id":"https:\/\/www.fundaciocatalunyacultura.cat\/#\/schema\/logo\/image\/"},"sameAs":["https:\/\/www.facebook.com\/fundaciocatalunyacultura\/","https:\/\/x.com\/fcatcultura","https:\/\/www.linkedin.com\/company\/fundaci\u00f3-catalunya-cultura\/","https:\/\/ca.wikipedia.org\/wiki\/Fundaci\u00f3_Catalunya_Cultura"]},{"@type":"Person","@id":"https:\/\/www.fundaciocatalunyacultura.cat\/#\/schema\/person\/f30f60b8448aa2c1761a644f652a4744","name":"fundacio","image":{"@type":"ImageObject","inLanguage":"es","@id":"https:\/\/www.fundaciocatalunyacultura.cat\/#\/schema\/person\/image\/","url":"https:\/\/secure.gravatar.com\/avatar\/fe57a3f139ea81c65a338e37a8064b4e80844f839737532820c9107eb9e1966f?s=96&d=mm&r=g","contentUrl":"https:\/\/secure.gravatar.com\/avatar\/fe57a3f139ea81c65a338e37a8064b4e80844f839737532820c9107eb9e1966f?s=96&d=mm&r=g","caption":"fundacio"},"url":"https:\/\/fundaciocatalunyacultura.cat\/es\/author\/fundacio\/"}]}},"_links":{"self":[{"href":"https:\/\/fundaciocatalunyacultura.cat\/es\/wp-json\/wp\/v2\/posts\/13733","targetHints":{"allow":["GET"]}}],"collection":[{"href":"https:\/\/fundaciocatalunyacultura.cat\/es\/wp-json\/wp\/v2\/posts"}],"about":[{"href":"https:\/\/fundaciocatalunyacultura.cat\/es\/wp-json\/wp\/v2\/types\/post"}],"author":[{"embeddable":true,"href":"https:\/\/fundaciocatalunyacultura.cat\/es\/wp-json\/wp\/v2\/users\/1"}],"replies":[{"embeddable":true,"href":"https:\/\/fundaciocatalunyacultura.cat\/es\/wp-json\/wp\/v2\/comments?post=13733"}],"version-history":[{"count":4,"href":"https:\/\/fundaciocatalunyacultura.cat\/es\/wp-json\/wp\/v2\/posts\/13733\/revisions"}],"predecessor-version":[{"id":13841,"href":"https:\/\/fundaciocatalunyacultura.cat\/es\/wp-json\/wp\/v2\/posts\/13733\/revisions\/13841"}],"wp:attachment":[{"href":"https:\/\/fundaciocatalunyacultura.cat\/es\/wp-json\/wp\/v2\/media?parent=13733"}],"wp:term":[{"taxonomy":"category","embeddable":true,"href":"https:\/\/fundaciocatalunyacultura.cat\/es\/wp-json\/wp\/v2\/categories?post=13733"}],"curies":[{"name":"wp","href":"https:\/\/api.w.org\/{rel}","templated":true}]}}