{"id":13085,"date":"2023-02-16T12:45:11","date_gmt":"2023-02-16T12:45:11","guid":{"rendered":"https:\/\/www.fundaciocatalunyacultura.cat\/?p=13085"},"modified":"2023-02-16T12:45:11","modified_gmt":"2023-02-16T12:45:11","slug":"maite-esteve-en-las-jornadas-cultura-version-2050-hay-que-fomentar-el-acceso-a-la-cultura-sobre-todo-desde-la-educacion-para-que-la-gente-la-quiera","status":"publish","type":"post","link":"https:\/\/fundaciocatalunyacultura.cat\/es\/maite-esteve-en-las-jornadas-cultura-version-2050-hay-que-fomentar-el-acceso-a-la-cultura-sobre-todo-desde-la-educacion-para-que-la-gente-la-quiera\/","title":{"rendered":"Maite Esteve en las Jornadas \u201cCultura: Versi\u00f3n 2050\u201d: \u201cHay que fomentar el acceso a la cultura, sobre todo desde la educaci\u00f3n, para que la gente la quiera\u201d"},"content":{"rendered":"<p>La directora de la Fundaci\u00f3n, <strong>Maite Esteve<\/strong>, ha participado en las Jornadas <a href=\"https:\/\/www.diba.cat\/es\/web\/cultura\/jornades-cultura-versio-2050\"><strong>\u00abCultura: Versi\u00f3n 2050\u201d<\/strong><\/a> que organiza el <strong>\u00c1rea de Cultura de la Diputaci\u00f3n de Barcelona<\/strong> y que se celebran esta semana en el Museo Mar\u00edtimo de Barcelona. En concreto, ha intervenido en la mesa redonda \u201cBarcelona, Catalu\u00f1a y la cultura\u201d junto aldirector de arte de la Fundaci\u00f3n Vila Casas, \u00c0lex Susanna, y el director del Museo Nacional de Arte de Catalu\u00f1a, Pepe Serra.<\/p>\n<p>En estas Jornadas, que se alargar\u00e1n hasta ma\u00f1ana viernes 17 de febrero, una cuarentena de expertos debaten sobre los retos de futuro que tiene que afrontar la cultura en Catalu\u00f1a durante las pr\u00f3ximas d\u00e9cadas ante los desaf\u00edos econ\u00f3micos, sociales y medioambientales.<\/p>\n<p>El debate en que ha participado Maite Esteve ha sido moderado por el periodista Vicen\u00e7\u00a0Villatoro\u00a0y ha abordado temas como el modelo cultural que tiene que tener Barcelona, la articulaci\u00f3n del sistema cultural de la capital catalana con el conjunto del territorio y la relaci\u00f3n entre la iniciativa p\u00fablica y privada.<\/p>\n<p>Maite Esteve ha asegurado que \u201cen calidad e innovaci\u00f3n, muchos proyectos culturales de territorio son de alt\u00edsimo\u00a0nivel, pero en cuesti\u00f3n de conseguir presupuesto, les cuesta mucho llegar al nivel que pueden conseguir los de Barcelona\u201d y ha advertido que \u201cla cultura no podr\u00e1 transcender sin la cooperaci\u00f3n con econom\u00eda y educaci\u00f3n\u201d.<\/p>\n<p>Por otro lado, la directora de la Fundaci\u00f3n tambi\u00e9n ha afirmado que \u201cno puedes querer lo que no conoces. Por lo tanto, hay que fomentar el acceso a la cultura, sobre todo desde la educaci\u00f3n, porque la gente la quiera\u201d y respecto al mecenazgo, ha lamentado que \u201cel reconocimiento al mecenas no existe\u201d. \u201cFalta hacer mucha pedagog\u00eda: hoy en d\u00eda el mecenas participa del proyecto, no se limita a firmar un cheque\u201d, ha subrayado.<\/p>\n","protected":false},"excerpt":{"rendered":"<p>La directora de la Fundaci\u00f3n, Maite Esteve, ha participado en las Jornadas \u00abCultura: Versi\u00f3n 2050\u201d que organiza el \u00c1rea de Cultura de la Diputaci\u00f3n de Barcelona y que se celebran esta semana en el Museo Mar\u00edtimo de Barcelona. En concreto, ha intervenido en la mesa redonda \u201cBarcelona, Catalu\u00f1a y la cultura\u201d junto aldirector de arte [&hellip;]<\/p>\n","protected":false},"author":1,"featured_media":0,"comment_status":"closed","ping_status":"closed","sticky":false,"template":"","format":"standard","meta":{"_acf_changed":false,"footnotes":""},"categories":[44],"class_list":["post-13085","post","type-post","status-publish","format-standard","hentry","category-noticias"],"acf":[],"yoast_head":"<!-- This site is optimized with the Yoast SEO plugin v25.1 - https:\/\/yoast.com\/wordpress\/plugins\/seo\/ -->\n<title>Maite Esteve en las Jornadas \u201cCultura: Versi\u00f3n 2050\u201d: \u201cHay que fomentar el acceso a la cultura, sobre todo desde la educaci\u00f3n, para que la gente la quiera\u201d | Fundaci\u00f3 Catalunya Cultura<\/title>\n<meta name=\"robots\" content=\"index, follow, max-snippet:-1, max-image-preview:large, max-video-preview:-1\" \/>\n<link rel=\"canonical\" href=\"https:\/\/fundaciocatalunyacultura.cat\/es\/maite-esteve-en-las-jornadas-cultura-version-2050-hay-que-fomentar-el-acceso-a-la-cultura-sobre-todo-desde-la-educacion-para-que-la-gente-la-quiera\/\" \/>\n<meta property=\"og:locale\" content=\"es_ES\" \/>\n<meta property=\"og:type\" content=\"article\" \/>\n<meta property=\"og:title\" content=\"Maite Esteve en las Jornadas \u201cCultura: Versi\u00f3n 2050\u201d: \u201cHay que fomentar el acceso a la cultura, sobre todo desde la educaci\u00f3n, para que la gente la quiera\u201d | Fundaci\u00f3 Catalunya Cultura\" \/>\n<meta property=\"og:description\" content=\"La directora de la Fundaci\u00f3n, Maite Esteve, ha participado en las Jornadas \u00abCultura: Versi\u00f3n 2050\u201d que organiza el \u00c1rea de Cultura de la Diputaci\u00f3n de Barcelona y que se celebran esta semana en el Museo Mar\u00edtimo de Barcelona. En concreto, ha intervenido en la mesa redonda \u201cBarcelona, Catalu\u00f1a y la cultura\u201d junto aldirector de arte [&hellip;]\" \/>\n<meta property=\"og:url\" content=\"https:\/\/fundaciocatalunyacultura.cat\/es\/maite-esteve-en-las-jornadas-cultura-version-2050-hay-que-fomentar-el-acceso-a-la-cultura-sobre-todo-desde-la-educacion-para-que-la-gente-la-quiera\/\" \/>\n<meta property=\"og:site_name\" content=\"Fundaci\u00f3 Catalunya Cultura\" \/>\n<meta property=\"article:publisher\" content=\"https:\/\/www.facebook.com\/fundaciocatalunyacultura\/\" \/>\n<meta property=\"article:published_time\" content=\"2023-02-16T12:45:11+00:00\" \/>\n<meta name=\"author\" content=\"fundacio\" \/>\n<meta name=\"twitter:card\" content=\"summary_large_image\" \/>\n<meta name=\"twitter:creator\" content=\"@fcatcultura\" \/>\n<meta name=\"twitter:site\" content=\"@fcatcultura\" \/>\n<meta name=\"twitter:label1\" content=\"Escrito por\" \/>\n\t<meta name=\"twitter:data1\" content=\"fundacio\" \/>\n\t<meta name=\"twitter:label2\" content=\"Tiempo de lectura\" \/>\n\t<meta name=\"twitter:data2\" content=\"2 minutos\" \/>\n<script type=\"application\/ld+json\" class=\"yoast-schema-graph\">{\"@context\":\"https:\/\/schema.org\",\"@graph\":[{\"@type\":\"Article\",\"@id\":\"https:\/\/fundaciocatalunyacultura.cat\/es\/maite-esteve-en-las-jornadas-cultura-version-2050-hay-que-fomentar-el-acceso-a-la-cultura-sobre-todo-desde-la-educacion-para-que-la-gente-la-quiera\/#article\",\"isPartOf\":{\"@id\":\"https:\/\/fundaciocatalunyacultura.cat\/es\/maite-esteve-en-las-jornadas-cultura-version-2050-hay-que-fomentar-el-acceso-a-la-cultura-sobre-todo-desde-la-educacion-para-que-la-gente-la-quiera\/\"},\"author\":{\"name\":\"fundacio\",\"@id\":\"https:\/\/www.fundaciocatalunyacultura.cat\/#\/schema\/person\/f30f60b8448aa2c1761a644f652a4744\"},\"headline\":\"Maite Esteve en las Jornadas \u201cCultura: Versi\u00f3n 2050\u201d: \u201cHay que fomentar el acceso a la cultura, sobre todo desde la educaci\u00f3n, para que la gente la quiera\u201d\",\"datePublished\":\"2023-02-16T12:45:11+00:00\",\"mainEntityOfPage\":{\"@id\":\"https:\/\/fundaciocatalunyacultura.cat\/es\/maite-esteve-en-las-jornadas-cultura-version-2050-hay-que-fomentar-el-acceso-a-la-cultura-sobre-todo-desde-la-educacion-para-que-la-gente-la-quiera\/\"},\"wordCount\":347,\"publisher\":{\"@id\":\"https:\/\/www.fundaciocatalunyacultura.cat\/#organization\"},\"articleSection\":[\"Noticias\"],\"inLanguage\":\"es\"},{\"@type\":\"WebPage\",\"@id\":\"https:\/\/fundaciocatalunyacultura.cat\/es\/maite-esteve-en-las-jornadas-cultura-version-2050-hay-que-fomentar-el-acceso-a-la-cultura-sobre-todo-desde-la-educacion-para-que-la-gente-la-quiera\/\",\"url\":\"https:\/\/fundaciocatalunyacultura.cat\/es\/maite-esteve-en-las-jornadas-cultura-version-2050-hay-que-fomentar-el-acceso-a-la-cultura-sobre-todo-desde-la-educacion-para-que-la-gente-la-quiera\/\",\"name\":\"Maite Esteve en las Jornadas \u201cCultura: Versi\u00f3n 2050\u201d: \u201cHay que fomentar el acceso a la cultura, sobre todo desde la educaci\u00f3n, para que la gente la quiera\u201d | Fundaci\u00f3 Catalunya Cultura\",\"isPartOf\":{\"@id\":\"https:\/\/www.fundaciocatalunyacultura.cat\/#website\"},\"datePublished\":\"2023-02-16T12:45:11+00:00\",\"breadcrumb\":{\"@id\":\"https:\/\/fundaciocatalunyacultura.cat\/es\/maite-esteve-en-las-jornadas-cultura-version-2050-hay-que-fomentar-el-acceso-a-la-cultura-sobre-todo-desde-la-educacion-para-que-la-gente-la-quiera\/#breadcrumb\"},\"inLanguage\":\"es\",\"potentialAction\":[{\"@type\":\"ReadAction\",\"target\":[\"https:\/\/fundaciocatalunyacultura.cat\/es\/maite-esteve-en-las-jornadas-cultura-version-2050-hay-que-fomentar-el-acceso-a-la-cultura-sobre-todo-desde-la-educacion-para-que-la-gente-la-quiera\/\"]}]},{\"@type\":\"BreadcrumbList\",\"@id\":\"https:\/\/fundaciocatalunyacultura.cat\/es\/maite-esteve-en-las-jornadas-cultura-version-2050-hay-que-fomentar-el-acceso-a-la-cultura-sobre-todo-desde-la-educacion-para-que-la-gente-la-quiera\/#breadcrumb\",\"itemListElement\":[{\"@type\":\"ListItem\",\"position\":1,\"name\":\"Inici\",\"item\":\"https:\/\/www.fundaciocatalunyacultura.cat\/es\/\"},{\"@type\":\"ListItem\",\"position\":2,\"name\":\"Maite Esteve en las Jornadas \u201cCultura: Versi\u00f3n 2050\u201d: \u201cHay que fomentar el acceso a la cultura, sobre todo desde la educaci\u00f3n, para que la gente la quiera\u201d\"}]},{\"@type\":\"WebSite\",\"@id\":\"https:\/\/www.fundaciocatalunyacultura.cat\/#website\",\"url\":\"https:\/\/www.fundaciocatalunyacultura.cat\/\",\"name\":\"Fundaci\u00f3 Catalunya Cultura\",\"description\":\"\",\"publisher\":{\"@id\":\"https:\/\/www.fundaciocatalunyacultura.cat\/#organization\"},\"potentialAction\":[{\"@type\":\"SearchAction\",\"target\":{\"@type\":\"EntryPoint\",\"urlTemplate\":\"https:\/\/www.fundaciocatalunyacultura.cat\/?s={search_term_string}\"},\"query-input\":{\"@type\":\"PropertyValueSpecification\",\"valueRequired\":true,\"valueName\":\"search_term_string\"}}],\"inLanguage\":\"es\"},{\"@type\":\"Organization\",\"@id\":\"https:\/\/www.fundaciocatalunyacultura.cat\/#organization\",\"name\":\"Fundaci\u00f3 Catalunya Cultura\",\"url\":\"https:\/\/www.fundaciocatalunyacultura.cat\/\",\"logo\":{\"@type\":\"ImageObject\",\"inLanguage\":\"es\",\"@id\":\"https:\/\/www.fundaciocatalunyacultura.cat\/#\/schema\/logo\/image\/\",\"url\":\"https:\/\/hundreds-wordpress-uploads.s3.amazonaws.com\/fundacio-catalunya-cultura\/uploads\/2021\/03\/fcc_logo_blanc-scaled.jpeg\",\"contentUrl\":\"https:\/\/hundreds-wordpress-uploads.s3.amazonaws.com\/fundacio-catalunya-cultura\/uploads\/2021\/03\/fcc_logo_blanc-scaled.jpeg\",\"width\":2560,\"height\":1785,\"caption\":\"Fundaci\u00f3 Catalunya Cultura\"},\"image\":{\"@id\":\"https:\/\/www.fundaciocatalunyacultura.cat\/#\/schema\/logo\/image\/\"},\"sameAs\":[\"https:\/\/www.facebook.com\/fundaciocatalunyacultura\/\",\"https:\/\/x.com\/fcatcultura\",\"https:\/\/www.linkedin.com\/company\/fundaci\u00f3-catalunya-cultura\/\",\"https:\/\/ca.wikipedia.org\/wiki\/Fundaci\u00f3_Catalunya_Cultura\"]},{\"@type\":\"Person\",\"@id\":\"https:\/\/www.fundaciocatalunyacultura.cat\/#\/schema\/person\/f30f60b8448aa2c1761a644f652a4744\",\"name\":\"fundacio\",\"image\":{\"@type\":\"ImageObject\",\"inLanguage\":\"es\",\"@id\":\"https:\/\/www.fundaciocatalunyacultura.cat\/#\/schema\/person\/image\/\",\"url\":\"https:\/\/secure.gravatar.com\/avatar\/fe57a3f139ea81c65a338e37a8064b4e80844f839737532820c9107eb9e1966f?s=96&d=mm&r=g\",\"contentUrl\":\"https:\/\/secure.gravatar.com\/avatar\/fe57a3f139ea81c65a338e37a8064b4e80844f839737532820c9107eb9e1966f?s=96&d=mm&r=g\",\"caption\":\"fundacio\"},\"url\":\"https:\/\/fundaciocatalunyacultura.cat\/es\/author\/fundacio\/\"}]}<\/script>\n<!-- \/ Yoast SEO plugin. -->","yoast_head_json":{"title":"Maite Esteve en las Jornadas \u201cCultura: Versi\u00f3n 2050\u201d: \u201cHay que fomentar el acceso a la cultura, sobre todo desde la educaci\u00f3n, para que la gente la quiera\u201d | Fundaci\u00f3 Catalunya Cultura","robots":{"index":"index","follow":"follow","max-snippet":"max-snippet:-1","max-image-preview":"max-image-preview:large","max-video-preview":"max-video-preview:-1"},"canonical":"https:\/\/fundaciocatalunyacultura.cat\/es\/maite-esteve-en-las-jornadas-cultura-version-2050-hay-que-fomentar-el-acceso-a-la-cultura-sobre-todo-desde-la-educacion-para-que-la-gente-la-quiera\/","og_locale":"es_ES","og_type":"article","og_title":"Maite Esteve en las Jornadas \u201cCultura: Versi\u00f3n 2050\u201d: \u201cHay que fomentar el acceso a la cultura, sobre todo desde la educaci\u00f3n, para que la gente la quiera\u201d | Fundaci\u00f3 Catalunya Cultura","og_description":"La directora de la Fundaci\u00f3n, Maite Esteve, ha participado en las Jornadas \u00abCultura: Versi\u00f3n 2050\u201d que organiza el \u00c1rea de Cultura de la Diputaci\u00f3n de Barcelona y que se celebran esta semana en el Museo Mar\u00edtimo de Barcelona. En concreto, ha intervenido en la mesa redonda \u201cBarcelona, Catalu\u00f1a y la cultura\u201d junto aldirector de arte [&hellip;]","og_url":"https:\/\/fundaciocatalunyacultura.cat\/es\/maite-esteve-en-las-jornadas-cultura-version-2050-hay-que-fomentar-el-acceso-a-la-cultura-sobre-todo-desde-la-educacion-para-que-la-gente-la-quiera\/","og_site_name":"Fundaci\u00f3 Catalunya Cultura","article_publisher":"https:\/\/www.facebook.com\/fundaciocatalunyacultura\/","article_published_time":"2023-02-16T12:45:11+00:00","author":"fundacio","twitter_card":"summary_large_image","twitter_creator":"@fcatcultura","twitter_site":"@fcatcultura","twitter_misc":{"Escrito por":"fundacio","Tiempo de lectura":"2 minutos"},"schema":{"@context":"https:\/\/schema.org","@graph":[{"@type":"Article","@id":"https:\/\/fundaciocatalunyacultura.cat\/es\/maite-esteve-en-las-jornadas-cultura-version-2050-hay-que-fomentar-el-acceso-a-la-cultura-sobre-todo-desde-la-educacion-para-que-la-gente-la-quiera\/#article","isPartOf":{"@id":"https:\/\/fundaciocatalunyacultura.cat\/es\/maite-esteve-en-las-jornadas-cultura-version-2050-hay-que-fomentar-el-acceso-a-la-cultura-sobre-todo-desde-la-educacion-para-que-la-gente-la-quiera\/"},"author":{"name":"fundacio","@id":"https:\/\/www.fundaciocatalunyacultura.cat\/#\/schema\/person\/f30f60b8448aa2c1761a644f652a4744"},"headline":"Maite Esteve en las Jornadas \u201cCultura: Versi\u00f3n 2050\u201d: \u201cHay que fomentar el acceso a la cultura, sobre todo desde la educaci\u00f3n, para que la gente la quiera\u201d","datePublished":"2023-02-16T12:45:11+00:00","mainEntityOfPage":{"@id":"https:\/\/fundaciocatalunyacultura.cat\/es\/maite-esteve-en-las-jornadas-cultura-version-2050-hay-que-fomentar-el-acceso-a-la-cultura-sobre-todo-desde-la-educacion-para-que-la-gente-la-quiera\/"},"wordCount":347,"publisher":{"@id":"https:\/\/www.fundaciocatalunyacultura.cat\/#organization"},"articleSection":["Noticias"],"inLanguage":"es"},{"@type":"WebPage","@id":"https:\/\/fundaciocatalunyacultura.cat\/es\/maite-esteve-en-las-jornadas-cultura-version-2050-hay-que-fomentar-el-acceso-a-la-cultura-sobre-todo-desde-la-educacion-para-que-la-gente-la-quiera\/","url":"https:\/\/fundaciocatalunyacultura.cat\/es\/maite-esteve-en-las-jornadas-cultura-version-2050-hay-que-fomentar-el-acceso-a-la-cultura-sobre-todo-desde-la-educacion-para-que-la-gente-la-quiera\/","name":"Maite Esteve en las Jornadas \u201cCultura: Versi\u00f3n 2050\u201d: \u201cHay que fomentar el acceso a la cultura, sobre todo desde la educaci\u00f3n, para que la gente la quiera\u201d | Fundaci\u00f3 Catalunya Cultura","isPartOf":{"@id":"https:\/\/www.fundaciocatalunyacultura.cat\/#website"},"datePublished":"2023-02-16T12:45:11+00:00","breadcrumb":{"@id":"https:\/\/fundaciocatalunyacultura.cat\/es\/maite-esteve-en-las-jornadas-cultura-version-2050-hay-que-fomentar-el-acceso-a-la-cultura-sobre-todo-desde-la-educacion-para-que-la-gente-la-quiera\/#breadcrumb"},"inLanguage":"es","potentialAction":[{"@type":"ReadAction","target":["https:\/\/fundaciocatalunyacultura.cat\/es\/maite-esteve-en-las-jornadas-cultura-version-2050-hay-que-fomentar-el-acceso-a-la-cultura-sobre-todo-desde-la-educacion-para-que-la-gente-la-quiera\/"]}]},{"@type":"BreadcrumbList","@id":"https:\/\/fundaciocatalunyacultura.cat\/es\/maite-esteve-en-las-jornadas-cultura-version-2050-hay-que-fomentar-el-acceso-a-la-cultura-sobre-todo-desde-la-educacion-para-que-la-gente-la-quiera\/#breadcrumb","itemListElement":[{"@type":"ListItem","position":1,"name":"Inici","item":"https:\/\/www.fundaciocatalunyacultura.cat\/es\/"},{"@type":"ListItem","position":2,"name":"Maite Esteve en las Jornadas \u201cCultura: Versi\u00f3n 2050\u201d: \u201cHay que fomentar el acceso a la cultura, sobre todo desde la educaci\u00f3n, para que la gente la quiera\u201d"}]},{"@type":"WebSite","@id":"https:\/\/www.fundaciocatalunyacultura.cat\/#website","url":"https:\/\/www.fundaciocatalunyacultura.cat\/","name":"Fundaci\u00f3 Catalunya Cultura","description":"","publisher":{"@id":"https:\/\/www.fundaciocatalunyacultura.cat\/#organization"},"potentialAction":[{"@type":"SearchAction","target":{"@type":"EntryPoint","urlTemplate":"https:\/\/www.fundaciocatalunyacultura.cat\/?s={search_term_string}"},"query-input":{"@type":"PropertyValueSpecification","valueRequired":true,"valueName":"search_term_string"}}],"inLanguage":"es"},{"@type":"Organization","@id":"https:\/\/www.fundaciocatalunyacultura.cat\/#organization","name":"Fundaci\u00f3 Catalunya Cultura","url":"https:\/\/www.fundaciocatalunyacultura.cat\/","logo":{"@type":"ImageObject","inLanguage":"es","@id":"https:\/\/www.fundaciocatalunyacultura.cat\/#\/schema\/logo\/image\/","url":"https:\/\/hundreds-wordpress-uploads.s3.amazonaws.com\/fundacio-catalunya-cultura\/uploads\/2021\/03\/fcc_logo_blanc-scaled.jpeg","contentUrl":"https:\/\/hundreds-wordpress-uploads.s3.amazonaws.com\/fundacio-catalunya-cultura\/uploads\/2021\/03\/fcc_logo_blanc-scaled.jpeg","width":2560,"height":1785,"caption":"Fundaci\u00f3 Catalunya Cultura"},"image":{"@id":"https:\/\/www.fundaciocatalunyacultura.cat\/#\/schema\/logo\/image\/"},"sameAs":["https:\/\/www.facebook.com\/fundaciocatalunyacultura\/","https:\/\/x.com\/fcatcultura","https:\/\/www.linkedin.com\/company\/fundaci\u00f3-catalunya-cultura\/","https:\/\/ca.wikipedia.org\/wiki\/Fundaci\u00f3_Catalunya_Cultura"]},{"@type":"Person","@id":"https:\/\/www.fundaciocatalunyacultura.cat\/#\/schema\/person\/f30f60b8448aa2c1761a644f652a4744","name":"fundacio","image":{"@type":"ImageObject","inLanguage":"es","@id":"https:\/\/www.fundaciocatalunyacultura.cat\/#\/schema\/person\/image\/","url":"https:\/\/secure.gravatar.com\/avatar\/fe57a3f139ea81c65a338e37a8064b4e80844f839737532820c9107eb9e1966f?s=96&d=mm&r=g","contentUrl":"https:\/\/secure.gravatar.com\/avatar\/fe57a3f139ea81c65a338e37a8064b4e80844f839737532820c9107eb9e1966f?s=96&d=mm&r=g","caption":"fundacio"},"url":"https:\/\/fundaciocatalunyacultura.cat\/es\/author\/fundacio\/"}]}},"_links":{"self":[{"href":"https:\/\/fundaciocatalunyacultura.cat\/es\/wp-json\/wp\/v2\/posts\/13085","targetHints":{"allow":["GET"]}}],"collection":[{"href":"https:\/\/fundaciocatalunyacultura.cat\/es\/wp-json\/wp\/v2\/posts"}],"about":[{"href":"https:\/\/fundaciocatalunyacultura.cat\/es\/wp-json\/wp\/v2\/types\/post"}],"author":[{"embeddable":true,"href":"https:\/\/fundaciocatalunyacultura.cat\/es\/wp-json\/wp\/v2\/users\/1"}],"replies":[{"embeddable":true,"href":"https:\/\/fundaciocatalunyacultura.cat\/es\/wp-json\/wp\/v2\/comments?post=13085"}],"version-history":[{"count":2,"href":"https:\/\/fundaciocatalunyacultura.cat\/es\/wp-json\/wp\/v2\/posts\/13085\/revisions"}],"predecessor-version":[{"id":13089,"href":"https:\/\/fundaciocatalunyacultura.cat\/es\/wp-json\/wp\/v2\/posts\/13085\/revisions\/13089"}],"wp:attachment":[{"href":"https:\/\/fundaciocatalunyacultura.cat\/es\/wp-json\/wp\/v2\/media?parent=13085"}],"wp:term":[{"taxonomy":"category","embeddable":true,"href":"https:\/\/fundaciocatalunyacultura.cat\/es\/wp-json\/wp\/v2\/categories?post=13085"}],"curies":[{"name":"wp","href":"https:\/\/api.w.org\/{rel}","templated":true}]}}