{"id":12527,"date":"2023-01-26T10:27:13","date_gmt":"2023-01-26T10:27:13","guid":{"rendered":"https:\/\/www.fundaciocatalunyacultura.cat\/?p=12527"},"modified":"2023-01-26T13:47:46","modified_gmt":"2023-01-26T13:47:46","slug":"presentacion-del-sello-impulsa-cultura-en-la-camara-de-comercio-de-espana","status":"publish","type":"post","link":"https:\/\/fundaciocatalunyacultura.cat\/es\/presentacion-del-sello-impulsa-cultura-en-la-camara-de-comercio-de-espana\/","title":{"rendered":"Presentaci\u00f3n del Sello IMPULSA CULTURA en la C\u00e1mara de Comercio de Espa\u00f1a"},"content":{"rendered":"<p>La sede de la C\u00e1mara de Comercio de Espa\u00f1a, en Madrid, ha acogido un acto en el cual hemos tenido la oportunidad de presentar el <a href=\"https:\/\/www.fundaciocatalunyacultura.cat\/es\/sello\/\">Sello IMPULSA CULTURA<\/a>, una iniciativa pionera que certifica y da visibilidad a las empresas que apoyan la cultura. Han asistido representantes del mundo empresarial, que se han interesado por este distintivo que creamos en 2019 con la colaboraci\u00f3n de la C\u00e1tedra de Responsabilidad Social y Sostenibilidad de la Universitat de Girona.<\/p>\n<p>El acto, que ha tenido como t\u00edtulo \u201c<strong>C\u00f3mo sumar valor a tu empresa. Responsabilidad Cultural Corporativa<\/strong>\u201d, ha contado con la participaci\u00f3n del ministro de Cultura y Deporte, <strong>Miquel Iceta<\/strong>. Adem\u00e1s, tambi\u00e9n han intervenido el presidente de la C\u00e1mara de Comercio de Espa\u00f1a, <strong>Jos\u00e9 Luis Bonet<\/strong>, y el presidente ejecutivo de la Fundaci\u00f3n, <strong>Eloi Planes<\/strong>. Ha conducido el acto nuestra directora, <strong>Maite Esteve.<\/strong><\/p>\n<p>Los asitentes tambi\u00e9n han podido escuchar a representantes de compa\u00f1\u00edas que destacan por su firme compromiso con la cultura y que han reflexionado sobre los criterios ESG y RSC, y el valor de los intangibles en la empresa. En esta mesa redonda han intercambiado reflexiones <strong>Jes\u00fas Tortosa<\/strong>, director general de la C\u00e1mara de Comercio de Cantabria; <strong>Gemma Junc\u00e1<\/strong>, directora de Marca y Marketing de Iberia; <strong>Julio Domingo<\/strong>, director general de la Fundaci\u00f3n MAPFRE; <strong>David Camps<\/strong>, responsable de Innovaci\u00f3n Social de DKV; y <strong>Ramon Agenjo<\/strong>, consejero de Damm y vicepresidente de la Fundaci\u00f3n Damm.<\/p>\n<p>El Sello IMPULSA CULTURA tiene el objetivo de reforzar el posicionamiento de aquellas compa\u00f1\u00edas que apuestan por una econom\u00eda de impacto a largo plazo que va m\u00e1s all\u00e1 del beneficio econ\u00f3mico.<\/p>\n<p>Una empresa que dispone del Sello es un agente de cambio de la sociedad con vocaci\u00f3n de desarrollo sostenible.<\/p>\n<p>Hasta ahora, <strong>17 empresas<\/strong> han obtenido esta certificaci\u00f3n.<\/p>\n","protected":false},"excerpt":{"rendered":"<p>La sede de la C\u00e1mara de Comercio de Espa\u00f1a, en Madrid, ha acogido un acto en el cual hemos tenido la oportunidad de presentar el Sello IMPULSA CULTURA, una iniciativa pionera que certifica y da visibilidad a las empresas que apoyan la cultura. Han asistido representantes del mundo empresarial, que se han interesado por este [&hellip;]<\/p>\n","protected":false},"author":1,"featured_media":0,"comment_status":"closed","ping_status":"closed","sticky":false,"template":"","format":"standard","meta":{"_acf_changed":false,"footnotes":""},"categories":[44],"class_list":["post-12527","post","type-post","status-publish","format-standard","hentry","category-noticias"],"acf":[],"yoast_head":"<!-- This site is optimized with the Yoast SEO plugin v25.1 - https:\/\/yoast.com\/wordpress\/plugins\/seo\/ -->\n<title>Presentaci\u00f3n del Sello IMPULSA CULTURA en la C\u00e1mara de Comercio de Espa\u00f1a | Fundaci\u00f3 Catalunya Cultura<\/title>\n<meta name=\"robots\" content=\"index, follow, max-snippet:-1, max-image-preview:large, max-video-preview:-1\" \/>\n<link rel=\"canonical\" href=\"https:\/\/fundaciocatalunyacultura.cat\/es\/presentacion-del-sello-impulsa-cultura-en-la-camara-de-comercio-de-espana\/\" \/>\n<meta property=\"og:locale\" content=\"es_ES\" \/>\n<meta property=\"og:type\" content=\"article\" \/>\n<meta property=\"og:title\" content=\"Presentaci\u00f3n del Sello IMPULSA CULTURA en la C\u00e1mara de Comercio de Espa\u00f1a | Fundaci\u00f3 Catalunya Cultura\" \/>\n<meta property=\"og:description\" content=\"La sede de la C\u00e1mara de Comercio de Espa\u00f1a, en Madrid, ha acogido un acto en el cual hemos tenido la oportunidad de presentar el Sello IMPULSA CULTURA, una iniciativa pionera que certifica y da visibilidad a las empresas que apoyan la cultura. Han asistido representantes del mundo empresarial, que se han interesado por este [&hellip;]\" \/>\n<meta property=\"og:url\" content=\"https:\/\/fundaciocatalunyacultura.cat\/es\/presentacion-del-sello-impulsa-cultura-en-la-camara-de-comercio-de-espana\/\" \/>\n<meta property=\"og:site_name\" content=\"Fundaci\u00f3 Catalunya Cultura\" \/>\n<meta property=\"article:publisher\" content=\"https:\/\/www.facebook.com\/fundaciocatalunyacultura\/\" \/>\n<meta property=\"article:published_time\" content=\"2023-01-26T10:27:13+00:00\" \/>\n<meta property=\"article:modified_time\" content=\"2023-01-26T13:47:46+00:00\" \/>\n<meta name=\"author\" content=\"fundacio\" \/>\n<meta name=\"twitter:card\" content=\"summary_large_image\" \/>\n<meta name=\"twitter:creator\" content=\"@fcatcultura\" \/>\n<meta name=\"twitter:site\" content=\"@fcatcultura\" \/>\n<meta name=\"twitter:label1\" content=\"Escrito por\" \/>\n\t<meta name=\"twitter:data1\" content=\"fundacio\" \/>\n\t<meta name=\"twitter:label2\" content=\"Tiempo de lectura\" \/>\n\t<meta name=\"twitter:data2\" content=\"2 minutos\" \/>\n<script type=\"application\/ld+json\" class=\"yoast-schema-graph\">{\"@context\":\"https:\/\/schema.org\",\"@graph\":[{\"@type\":\"Article\",\"@id\":\"https:\/\/fundaciocatalunyacultura.cat\/es\/presentacion-del-sello-impulsa-cultura-en-la-camara-de-comercio-de-espana\/#article\",\"isPartOf\":{\"@id\":\"https:\/\/fundaciocatalunyacultura.cat\/es\/presentacion-del-sello-impulsa-cultura-en-la-camara-de-comercio-de-espana\/\"},\"author\":{\"name\":\"fundacio\",\"@id\":\"https:\/\/fundaciocatalunyacultura.cat\/#\/schema\/person\/f30f60b8448aa2c1761a644f652a4744\"},\"headline\":\"Presentaci\u00f3n del Sello IMPULSA CULTURA en la C\u00e1mara de Comercio de Espa\u00f1a\",\"datePublished\":\"2023-01-26T10:27:13+00:00\",\"dateModified\":\"2023-01-26T13:47:46+00:00\",\"mainEntityOfPage\":{\"@id\":\"https:\/\/fundaciocatalunyacultura.cat\/es\/presentacion-del-sello-impulsa-cultura-en-la-camara-de-comercio-de-espana\/\"},\"wordCount\":327,\"publisher\":{\"@id\":\"https:\/\/fundaciocatalunyacultura.cat\/#organization\"},\"articleSection\":[\"Noticias\"],\"inLanguage\":\"es\"},{\"@type\":\"WebPage\",\"@id\":\"https:\/\/fundaciocatalunyacultura.cat\/es\/presentacion-del-sello-impulsa-cultura-en-la-camara-de-comercio-de-espana\/\",\"url\":\"https:\/\/fundaciocatalunyacultura.cat\/es\/presentacion-del-sello-impulsa-cultura-en-la-camara-de-comercio-de-espana\/\",\"name\":\"Presentaci\u00f3n del Sello IMPULSA CULTURA en la C\u00e1mara de Comercio de Espa\u00f1a | Fundaci\u00f3 Catalunya Cultura\",\"isPartOf\":{\"@id\":\"https:\/\/fundaciocatalunyacultura.cat\/#website\"},\"datePublished\":\"2023-01-26T10:27:13+00:00\",\"dateModified\":\"2023-01-26T13:47:46+00:00\",\"breadcrumb\":{\"@id\":\"https:\/\/fundaciocatalunyacultura.cat\/es\/presentacion-del-sello-impulsa-cultura-en-la-camara-de-comercio-de-espana\/#breadcrumb\"},\"inLanguage\":\"es\",\"potentialAction\":[{\"@type\":\"ReadAction\",\"target\":[\"https:\/\/fundaciocatalunyacultura.cat\/es\/presentacion-del-sello-impulsa-cultura-en-la-camara-de-comercio-de-espana\/\"]}]},{\"@type\":\"BreadcrumbList\",\"@id\":\"https:\/\/fundaciocatalunyacultura.cat\/es\/presentacion-del-sello-impulsa-cultura-en-la-camara-de-comercio-de-espana\/#breadcrumb\",\"itemListElement\":[{\"@type\":\"ListItem\",\"position\":1,\"name\":\"Inici\",\"item\":\"https:\/\/fundaciocatalunyacultura.cat\/es\/\"},{\"@type\":\"ListItem\",\"position\":2,\"name\":\"Presentaci\u00f3n del Sello IMPULSA CULTURA en la C\u00e1mara de Comercio de Espa\u00f1a\"}]},{\"@type\":\"WebSite\",\"@id\":\"https:\/\/fundaciocatalunyacultura.cat\/#website\",\"url\":\"https:\/\/fundaciocatalunyacultura.cat\/\",\"name\":\"Fundaci\u00f3 Catalunya Cultura\",\"description\":\"\",\"publisher\":{\"@id\":\"https:\/\/fundaciocatalunyacultura.cat\/#organization\"},\"potentialAction\":[{\"@type\":\"SearchAction\",\"target\":{\"@type\":\"EntryPoint\",\"urlTemplate\":\"https:\/\/fundaciocatalunyacultura.cat\/?s={search_term_string}\"},\"query-input\":{\"@type\":\"PropertyValueSpecification\",\"valueRequired\":true,\"valueName\":\"search_term_string\"}}],\"inLanguage\":\"es\"},{\"@type\":\"Organization\",\"@id\":\"https:\/\/fundaciocatalunyacultura.cat\/#organization\",\"name\":\"Fundaci\u00f3 Catalunya Cultura\",\"url\":\"https:\/\/fundaciocatalunyacultura.cat\/\",\"logo\":{\"@type\":\"ImageObject\",\"inLanguage\":\"es\",\"@id\":\"https:\/\/fundaciocatalunyacultura.cat\/#\/schema\/logo\/image\/\",\"url\":\"https:\/\/hundreds-wordpress-uploads.s3.amazonaws.com\/fundacio-catalunya-cultura\/uploads\/2021\/03\/fcc_logo_blanc-scaled.jpeg\",\"contentUrl\":\"https:\/\/hundreds-wordpress-uploads.s3.amazonaws.com\/fundacio-catalunya-cultura\/uploads\/2021\/03\/fcc_logo_blanc-scaled.jpeg\",\"width\":2560,\"height\":1785,\"caption\":\"Fundaci\u00f3 Catalunya Cultura\"},\"image\":{\"@id\":\"https:\/\/fundaciocatalunyacultura.cat\/#\/schema\/logo\/image\/\"},\"sameAs\":[\"https:\/\/www.facebook.com\/fundaciocatalunyacultura\/\",\"https:\/\/x.com\/fcatcultura\",\"https:\/\/www.linkedin.com\/company\/fundaci\u00f3-catalunya-cultura\/\",\"https:\/\/ca.wikipedia.org\/wiki\/Fundaci\u00f3_Catalunya_Cultura\"]},{\"@type\":\"Person\",\"@id\":\"https:\/\/fundaciocatalunyacultura.cat\/#\/schema\/person\/f30f60b8448aa2c1761a644f652a4744\",\"name\":\"fundacio\",\"image\":{\"@type\":\"ImageObject\",\"inLanguage\":\"es\",\"@id\":\"https:\/\/fundaciocatalunyacultura.cat\/#\/schema\/person\/image\/\",\"url\":\"https:\/\/secure.gravatar.com\/avatar\/fe57a3f139ea81c65a338e37a8064b4e80844f839737532820c9107eb9e1966f?s=96&d=mm&r=g\",\"contentUrl\":\"https:\/\/secure.gravatar.com\/avatar\/fe57a3f139ea81c65a338e37a8064b4e80844f839737532820c9107eb9e1966f?s=96&d=mm&r=g\",\"caption\":\"fundacio\"},\"url\":\"https:\/\/fundaciocatalunyacultura.cat\/es\/author\/fundacio\/\"}]}<\/script>\n<!-- \/ Yoast SEO plugin. -->","yoast_head_json":{"title":"Presentaci\u00f3n del Sello IMPULSA CULTURA en la C\u00e1mara de Comercio de Espa\u00f1a | Fundaci\u00f3 Catalunya Cultura","robots":{"index":"index","follow":"follow","max-snippet":"max-snippet:-1","max-image-preview":"max-image-preview:large","max-video-preview":"max-video-preview:-1"},"canonical":"https:\/\/fundaciocatalunyacultura.cat\/es\/presentacion-del-sello-impulsa-cultura-en-la-camara-de-comercio-de-espana\/","og_locale":"es_ES","og_type":"article","og_title":"Presentaci\u00f3n del Sello IMPULSA CULTURA en la C\u00e1mara de Comercio de Espa\u00f1a | Fundaci\u00f3 Catalunya Cultura","og_description":"La sede de la C\u00e1mara de Comercio de Espa\u00f1a, en Madrid, ha acogido un acto en el cual hemos tenido la oportunidad de presentar el Sello IMPULSA CULTURA, una iniciativa pionera que certifica y da visibilidad a las empresas que apoyan la cultura. Han asistido representantes del mundo empresarial, que se han interesado por este [&hellip;]","og_url":"https:\/\/fundaciocatalunyacultura.cat\/es\/presentacion-del-sello-impulsa-cultura-en-la-camara-de-comercio-de-espana\/","og_site_name":"Fundaci\u00f3 Catalunya Cultura","article_publisher":"https:\/\/www.facebook.com\/fundaciocatalunyacultura\/","article_published_time":"2023-01-26T10:27:13+00:00","article_modified_time":"2023-01-26T13:47:46+00:00","author":"fundacio","twitter_card":"summary_large_image","twitter_creator":"@fcatcultura","twitter_site":"@fcatcultura","twitter_misc":{"Escrito por":"fundacio","Tiempo de lectura":"2 minutos"},"schema":{"@context":"https:\/\/schema.org","@graph":[{"@type":"Article","@id":"https:\/\/fundaciocatalunyacultura.cat\/es\/presentacion-del-sello-impulsa-cultura-en-la-camara-de-comercio-de-espana\/#article","isPartOf":{"@id":"https:\/\/fundaciocatalunyacultura.cat\/es\/presentacion-del-sello-impulsa-cultura-en-la-camara-de-comercio-de-espana\/"},"author":{"name":"fundacio","@id":"https:\/\/fundaciocatalunyacultura.cat\/#\/schema\/person\/f30f60b8448aa2c1761a644f652a4744"},"headline":"Presentaci\u00f3n del Sello IMPULSA CULTURA en la C\u00e1mara de Comercio de Espa\u00f1a","datePublished":"2023-01-26T10:27:13+00:00","dateModified":"2023-01-26T13:47:46+00:00","mainEntityOfPage":{"@id":"https:\/\/fundaciocatalunyacultura.cat\/es\/presentacion-del-sello-impulsa-cultura-en-la-camara-de-comercio-de-espana\/"},"wordCount":327,"publisher":{"@id":"https:\/\/fundaciocatalunyacultura.cat\/#organization"},"articleSection":["Noticias"],"inLanguage":"es"},{"@type":"WebPage","@id":"https:\/\/fundaciocatalunyacultura.cat\/es\/presentacion-del-sello-impulsa-cultura-en-la-camara-de-comercio-de-espana\/","url":"https:\/\/fundaciocatalunyacultura.cat\/es\/presentacion-del-sello-impulsa-cultura-en-la-camara-de-comercio-de-espana\/","name":"Presentaci\u00f3n del Sello IMPULSA CULTURA en la C\u00e1mara de Comercio de Espa\u00f1a | Fundaci\u00f3 Catalunya Cultura","isPartOf":{"@id":"https:\/\/fundaciocatalunyacultura.cat\/#website"},"datePublished":"2023-01-26T10:27:13+00:00","dateModified":"2023-01-26T13:47:46+00:00","breadcrumb":{"@id":"https:\/\/fundaciocatalunyacultura.cat\/es\/presentacion-del-sello-impulsa-cultura-en-la-camara-de-comercio-de-espana\/#breadcrumb"},"inLanguage":"es","potentialAction":[{"@type":"ReadAction","target":["https:\/\/fundaciocatalunyacultura.cat\/es\/presentacion-del-sello-impulsa-cultura-en-la-camara-de-comercio-de-espana\/"]}]},{"@type":"BreadcrumbList","@id":"https:\/\/fundaciocatalunyacultura.cat\/es\/presentacion-del-sello-impulsa-cultura-en-la-camara-de-comercio-de-espana\/#breadcrumb","itemListElement":[{"@type":"ListItem","position":1,"name":"Inici","item":"https:\/\/fundaciocatalunyacultura.cat\/es\/"},{"@type":"ListItem","position":2,"name":"Presentaci\u00f3n del Sello IMPULSA CULTURA en la C\u00e1mara de Comercio de Espa\u00f1a"}]},{"@type":"WebSite","@id":"https:\/\/fundaciocatalunyacultura.cat\/#website","url":"https:\/\/fundaciocatalunyacultura.cat\/","name":"Fundaci\u00f3 Catalunya Cultura","description":"","publisher":{"@id":"https:\/\/fundaciocatalunyacultura.cat\/#organization"},"potentialAction":[{"@type":"SearchAction","target":{"@type":"EntryPoint","urlTemplate":"https:\/\/fundaciocatalunyacultura.cat\/?s={search_term_string}"},"query-input":{"@type":"PropertyValueSpecification","valueRequired":true,"valueName":"search_term_string"}}],"inLanguage":"es"},{"@type":"Organization","@id":"https:\/\/fundaciocatalunyacultura.cat\/#organization","name":"Fundaci\u00f3 Catalunya Cultura","url":"https:\/\/fundaciocatalunyacultura.cat\/","logo":{"@type":"ImageObject","inLanguage":"es","@id":"https:\/\/fundaciocatalunyacultura.cat\/#\/schema\/logo\/image\/","url":"https:\/\/hundreds-wordpress-uploads.s3.amazonaws.com\/fundacio-catalunya-cultura\/uploads\/2021\/03\/fcc_logo_blanc-scaled.jpeg","contentUrl":"https:\/\/hundreds-wordpress-uploads.s3.amazonaws.com\/fundacio-catalunya-cultura\/uploads\/2021\/03\/fcc_logo_blanc-scaled.jpeg","width":2560,"height":1785,"caption":"Fundaci\u00f3 Catalunya Cultura"},"image":{"@id":"https:\/\/fundaciocatalunyacultura.cat\/#\/schema\/logo\/image\/"},"sameAs":["https:\/\/www.facebook.com\/fundaciocatalunyacultura\/","https:\/\/x.com\/fcatcultura","https:\/\/www.linkedin.com\/company\/fundaci\u00f3-catalunya-cultura\/","https:\/\/ca.wikipedia.org\/wiki\/Fundaci\u00f3_Catalunya_Cultura"]},{"@type":"Person","@id":"https:\/\/fundaciocatalunyacultura.cat\/#\/schema\/person\/f30f60b8448aa2c1761a644f652a4744","name":"fundacio","image":{"@type":"ImageObject","inLanguage":"es","@id":"https:\/\/fundaciocatalunyacultura.cat\/#\/schema\/person\/image\/","url":"https:\/\/secure.gravatar.com\/avatar\/fe57a3f139ea81c65a338e37a8064b4e80844f839737532820c9107eb9e1966f?s=96&d=mm&r=g","contentUrl":"https:\/\/secure.gravatar.com\/avatar\/fe57a3f139ea81c65a338e37a8064b4e80844f839737532820c9107eb9e1966f?s=96&d=mm&r=g","caption":"fundacio"},"url":"https:\/\/fundaciocatalunyacultura.cat\/es\/author\/fundacio\/"}]}},"_links":{"self":[{"href":"https:\/\/fundaciocatalunyacultura.cat\/es\/wp-json\/wp\/v2\/posts\/12527","targetHints":{"allow":["GET"]}}],"collection":[{"href":"https:\/\/fundaciocatalunyacultura.cat\/es\/wp-json\/wp\/v2\/posts"}],"about":[{"href":"https:\/\/fundaciocatalunyacultura.cat\/es\/wp-json\/wp\/v2\/types\/post"}],"author":[{"embeddable":true,"href":"https:\/\/fundaciocatalunyacultura.cat\/es\/wp-json\/wp\/v2\/users\/1"}],"replies":[{"embeddable":true,"href":"https:\/\/fundaciocatalunyacultura.cat\/es\/wp-json\/wp\/v2\/comments?post=12527"}],"version-history":[{"count":10,"href":"https:\/\/fundaciocatalunyacultura.cat\/es\/wp-json\/wp\/v2\/posts\/12527\/revisions"}],"predecessor-version":[{"id":12723,"href":"https:\/\/fundaciocatalunyacultura.cat\/es\/wp-json\/wp\/v2\/posts\/12527\/revisions\/12723"}],"wp:attachment":[{"href":"https:\/\/fundaciocatalunyacultura.cat\/es\/wp-json\/wp\/v2\/media?parent=12527"}],"wp:term":[{"taxonomy":"category","embeddable":true,"href":"https:\/\/fundaciocatalunyacultura.cat\/es\/wp-json\/wp\/v2\/categories?post=12527"}],"curies":[{"name":"wp","href":"https:\/\/api.w.org\/{rel}","templated":true}]}}