{"id":11672,"date":"2022-10-21T08:07:37","date_gmt":"2022-10-21T08:07:37","guid":{"rendered":"https:\/\/www.fundaciocatalunyacultura.cat\/?p=11672"},"modified":"2022-10-27T08:24:56","modified_gmt":"2022-10-27T08:24:56","slug":"muntem-un-festival-gana-el-premio-impulsa-cultura-y-abacus-cooperativa-el-premio-empresa-cultura-2022","status":"publish","type":"post","link":"https:\/\/fundaciocatalunyacultura.cat\/es\/muntem-un-festival-gana-el-premio-impulsa-cultura-y-abacus-cooperativa-el-premio-empresa-cultura-2022\/","title":{"rendered":"\u201cMuntem un Festival\u201d gana el Premio IMPULSA CULTURA y Abacus Cooperativa, el Premio EMPRESA CULTURA 2022"},"content":{"rendered":"<p>El <a href=\"https:\/\/www.fundaciocatalunyacultura.cat\/es\/premio-impulsa-cultura\/\">jurado<\/a> del <strong>Premio IMPULSA CULTURA 2022 (PIC)<\/strong>, que otorgamos desde Fundaci\u00f3 Catalunya Cultura, ha decidido conceder el galard\u00f3n al proyecto <strong>\u201cMuntem un Festival\u201d. <\/strong>Este Premio, dotado con 10.000 euros y una obra de la artista Musa71, reconoce un de los <a href=\"https:\/\/www.fundaciocatalunyacultura.cat\/es\/premio-impulsa-cultura\/\">10 proyectos finalistas<\/a> que ha participado en el <a href=\"https:\/\/www.fundaciocatalunyacultura.cat\/es\/programa-impulsa-cultura\/\">Programa IMPULSA CULTURA<\/a> de este a\u00f1o que haya destacado por su sostenibilidad, propuesta de valor, capacidad de r\u00e9plica y tejer alianzas.<\/p>\n<p>El jurado tambi\u00e9n ha decidido otorgar <strong>dos menciones especiales<\/strong>: la primera en el proyecto <a href=\"https:\/\/www.vozes.org\/\">Vozes<\/a> y la segunda en <a href=\"https:\/\/www.passengertales.org\/\">Passengers Tales<\/a>.<\/p>\n<p><a href=\"https:\/\/thisisdema.org\/\"><strong>\u201cMuntem un festival\u201d<\/strong><\/a> es un proyecto que da la oportunidad a los adolescentes de institutos p\u00fablicos de participar y liderar el proceso de creaci\u00f3n y gesti\u00f3n de nuevos modelos culturales, estableciendo v\u00ednculos entre j\u00f3venes, instituciones y empresas culturales\u201d.<\/p>\n<p>En concreto, los miembros del jurado han premiado a <strong>Muntem un Festival<\/strong> por su <strong>\u201cdoble impacto, porque estimula el equilibrio entre el hemisferio derecho e izquierdo; la emoci\u00f3n y el emprendimiento, y para dedicarse a un segmento de la poblaci\u00f3n desatendido por la oferta cultural en un momento de formaci\u00f3n como persona, y porque est\u00e1 creando talento para el futuro de la industria, tanto como gestores y usuarios\u201d.<\/strong><\/p>\n<p>El acto de entrega del galard\u00f3n, que ha conducido el comunicador \u00d2scar Dalmau, se ha celebrado en el Teatro de Sarri\u00e0 en el marco de la <strong>Gala IMPULSA CULTURA 2022<\/strong>. Durante la ceremonia, los 10 proyectos finalistas del PIC han presentado sus iniciativas ante m\u00e1s de un centenar de asistentes, principalmente representantes del sector empresarial.<\/p>\n<h2>Abacus Cooperativa gana el Premio EMPRESA CULTURA 2022<\/h2>\n<p>En el transcurso de la Gala, tambi\u00e9n se ha dado a conocer el ganador del <strong>Premio EMPRESA CULTURA 2022<\/strong>, que la Fundaci\u00f3n otorga a una empresa que destaca por su compromiso y contribuci\u00f3n en el fomento y apoyo a la cultura en el \u00e1mbito de Catalu\u00f1a. La compa\u00f1\u00eda que ha recibido el reconocimiento ha sido <a href=\"https:\/\/www.abacus.coop\/es\/home?resetlanguage=true\">Abacus Cooperativa<\/a>, quien el jurado ha distinguido <strong>\u201cpor su compromiso, resiliencia y apuesta por la proximidad en todas sus iniciativas; por su capacidad de divulgaci\u00f3n pedag\u00f3gica, as\u00ed como por fomentar permanentemente el debate entorno a la cultura universal\u201d.<\/strong><\/p>\n<p style=\"text-align: center;\"><img loading=\"lazy\" decoding=\"async\" class=\"aligncenter size-full wp-image-11459\" src=\"https:\/\/hundreds-wordpress-uploads.s3.amazonaws.com\/fundacio-catalunya-cultura\/uploads\/2022\/10\/DSC4221-scaled.jpg\" alt=\"\" width=\"2560\" height=\"1708\" srcset=\"https:\/\/hundreds-wordpress-uploads.s3.amazonaws.com\/fundacio-catalunya-cultura\/uploads\/2022\/10\/DSC4221-scaled.jpg 2560w, https:\/\/hundreds-wordpress-uploads.s3.amazonaws.com\/fundacio-catalunya-cultura\/uploads\/2022\/10\/DSC4221-300x200.jpg 300w, https:\/\/hundreds-wordpress-uploads.s3.amazonaws.com\/fundacio-catalunya-cultura\/uploads\/2022\/10\/DSC4221-1024x683.jpg 1024w, https:\/\/hundreds-wordpress-uploads.s3.amazonaws.com\/fundacio-catalunya-cultura\/uploads\/2022\/10\/DSC4221-768x513.jpg 768w, https:\/\/hundreds-wordpress-uploads.s3.amazonaws.com\/fundacio-catalunya-cultura\/uploads\/2022\/10\/DSC4221-1536x1025.jpg 1536w, https:\/\/hundreds-wordpress-uploads.s3.amazonaws.com\/fundacio-catalunya-cultura\/uploads\/2022\/10\/DSC4221-2048x1367.jpg 2048w\" sizes=\"auto, (max-width: 2560px) 100vw, 2560px\" \/><\/p>\n<p style=\"text-align: center;\"><strong>El director general de Abacus, Oriol Soler (derecha), recibe el galard\u00f3n a manos de Ezequiel Gir\u00f3, presidente del Grupo Gir\u00f3 y al mismo tiempo presidente del jurado.<\/strong><\/p>\n<p>Al acto asistieron el secretario general del Departamento de Cultura, <strong>Jordi Foz<\/strong>, y la directora de Industrias Culturales, Propiedad Intelectual y Cooperaci\u00f3n del Ministerio de Cultura y Deporte, <strong>Adriana Moscoso<\/strong>. Tambi\u00e9n han intervenido el presidente ejecutivo de la Fundaci\u00f3n, <strong>Eloi Planes<\/strong>, y la directora, <strong>Maite Esteve<\/strong>.<\/p>\n<p><strong>Planes<\/strong> ha destacado: \u201cEstoy esperanzado. Veo el mundo cultural en un momento de retorno y que empieza a celebrar su recuperaci\u00f3n\u201d y ha insistido en la necesidad de reformar lo antes posible la Ley de Mecenazgo estatal y en la que Catalu\u00f1a todav\u00eda tiene pendiente una Ley de Mecenazgo auton\u00f3mica. Asimismo, ha subrayado que \u00abcada uno de nosotros debemos sentirnos corresponsables con nuestra cultura y ser agentes activos de su mejora\u00bb.<\/p>\n<p>Por su parte, <strong>Maite Esteve<\/strong> ha explicado que los galardones que se han entregado en la Gala \u201cfueron creados para dar visibilidad a formas de hacer ejemplares y son una clara apuesta de la Fundaci\u00f3n para premiar el talento y la valent\u00eda de personas referentes del mundo empresarial y cultural. \u201cDos mundos que cuando deciden unirse, transforman, porque hay pocas maneras tan relevantes y evidentes para poder cambiar y mejorar nuestra sociedad, nuestro entorno y las comunidades en las que vivimos y las personas con las que convivimos, que cuando el potencial de la empresa se suma a la fuerza de la cultura\u201d ha remarcado.<\/p>\n<p>La ceremonia ha contado con actuaciones a cargo de artistas vinculados a proyectos de la Comunidad IMPULSA de la Fundaci\u00f3n: <a href=\"https:\/\/www.festivalitinera.cat\/es\">Festival Itinera Parlem<\/a>, <a href=\"https:\/\/www.iabarcelona.com\/\">Institute of the Arts Barcelona<\/a>, \u200b\u200b<a href=\"https:\/\/tallerdemusics.com\/escuela-de-musica\/\">Taller de M\u00fasics<\/a> y <a href=\"https:\/\/www.teatrenu.com\/es\/\">Teatre Nu<\/a>.<\/p>\n<h3><strong>\u00a1Muchas felicidades a los ganadores y tambi\u00e9n a todos los finalistas!<\/strong><\/h3>\n<h3><strong>\u00a1Un agradecimiento inmenso a todas las personas que han hecho posible la Gala IMPULSA CULTURA 2022!<\/strong><\/h3>\n","protected":false},"excerpt":{"rendered":"<p>El jurado del Premio IMPULSA CULTURA 2022 (PIC), que otorgamos desde Fundaci\u00f3 Catalunya Cultura, ha decidido conceder el galard\u00f3n al proyecto \u201cMuntem un Festival\u201d. Este Premio, dotado con 10.000 euros y una obra de la artista Musa71, reconoce un de los 10 proyectos finalistas que ha participado en el Programa IMPULSA CULTURA de este a\u00f1o [&hellip;]<\/p>\n","protected":false},"author":1,"featured_media":0,"comment_status":"closed","ping_status":"closed","sticky":false,"template":"","format":"standard","meta":{"_acf_changed":false,"footnotes":""},"categories":[44],"class_list":["post-11672","post","type-post","status-publish","format-standard","hentry","category-noticias"],"acf":[],"yoast_head":"<!-- This site is optimized with the Yoast SEO plugin v25.1 - https:\/\/yoast.com\/wordpress\/plugins\/seo\/ -->\n<title>\u201cMuntem un Festival\u201d gana el Premio IMPULSA CULTURA y Abacus Cooperativa, el Premio EMPRESA CULTURA 2022 | Fundaci\u00f3 Catalunya Cultura<\/title>\n<meta name=\"robots\" content=\"index, follow, max-snippet:-1, max-image-preview:large, max-video-preview:-1\" \/>\n<link rel=\"canonical\" href=\"https:\/\/fundaciocatalunyacultura.cat\/es\/muntem-un-festival-gana-el-premio-impulsa-cultura-y-abacus-cooperativa-el-premio-empresa-cultura-2022\/\" \/>\n<meta property=\"og:locale\" content=\"es_ES\" \/>\n<meta property=\"og:type\" content=\"article\" \/>\n<meta property=\"og:title\" content=\"\u201cMuntem un Festival\u201d gana el Premio IMPULSA CULTURA y Abacus Cooperativa, el Premio EMPRESA CULTURA 2022 | Fundaci\u00f3 Catalunya Cultura\" \/>\n<meta property=\"og:description\" content=\"El jurado del Premio IMPULSA CULTURA 2022 (PIC), que otorgamos desde Fundaci\u00f3 Catalunya Cultura, ha decidido conceder el galard\u00f3n al proyecto \u201cMuntem un Festival\u201d. Este Premio, dotado con 10.000 euros y una obra de la artista Musa71, reconoce un de los 10 proyectos finalistas que ha participado en el Programa IMPULSA CULTURA de este a\u00f1o [&hellip;]\" \/>\n<meta property=\"og:url\" content=\"https:\/\/fundaciocatalunyacultura.cat\/es\/muntem-un-festival-gana-el-premio-impulsa-cultura-y-abacus-cooperativa-el-premio-empresa-cultura-2022\/\" \/>\n<meta property=\"og:site_name\" content=\"Fundaci\u00f3 Catalunya Cultura\" \/>\n<meta property=\"article:publisher\" content=\"https:\/\/www.facebook.com\/fundaciocatalunyacultura\/\" \/>\n<meta property=\"article:published_time\" content=\"2022-10-21T08:07:37+00:00\" \/>\n<meta property=\"article:modified_time\" content=\"2022-10-27T08:24:56+00:00\" \/>\n<meta property=\"og:image\" content=\"https:\/\/hundreds-wordpress-uploads.s3.amazonaws.com\/fundacio-catalunya-cultura\/uploads\/2022\/10\/DSC4221-scaled.jpg\" \/>\n<meta name=\"author\" content=\"fundacio\" \/>\n<meta name=\"twitter:card\" content=\"summary_large_image\" \/>\n<meta name=\"twitter:creator\" content=\"@fcatcultura\" \/>\n<meta name=\"twitter:site\" content=\"@fcatcultura\" \/>\n<meta name=\"twitter:label1\" content=\"Escrito por\" \/>\n\t<meta name=\"twitter:data1\" content=\"fundacio\" \/>\n\t<meta name=\"twitter:label2\" content=\"Tiempo de lectura\" \/>\n\t<meta name=\"twitter:data2\" content=\"3 minutos\" \/>\n<script type=\"application\/ld+json\" class=\"yoast-schema-graph\">{\"@context\":\"https:\/\/schema.org\",\"@graph\":[{\"@type\":\"Article\",\"@id\":\"https:\/\/fundaciocatalunyacultura.cat\/es\/muntem-un-festival-gana-el-premio-impulsa-cultura-y-abacus-cooperativa-el-premio-empresa-cultura-2022\/#article\",\"isPartOf\":{\"@id\":\"https:\/\/fundaciocatalunyacultura.cat\/es\/muntem-un-festival-gana-el-premio-impulsa-cultura-y-abacus-cooperativa-el-premio-empresa-cultura-2022\/\"},\"author\":{\"name\":\"fundacio\",\"@id\":\"https:\/\/fundaciocatalunyacultura.cat\/#\/schema\/person\/f30f60b8448aa2c1761a644f652a4744\"},\"headline\":\"\u201cMuntem un Festival\u201d gana el Premio IMPULSA CULTURA y Abacus Cooperativa, el Premio EMPRESA CULTURA 2022\",\"datePublished\":\"2022-10-21T08:07:37+00:00\",\"dateModified\":\"2022-10-27T08:24:56+00:00\",\"mainEntityOfPage\":{\"@id\":\"https:\/\/fundaciocatalunyacultura.cat\/es\/muntem-un-festival-gana-el-premio-impulsa-cultura-y-abacus-cooperativa-el-premio-empresa-cultura-2022\/\"},\"wordCount\":704,\"publisher\":{\"@id\":\"https:\/\/fundaciocatalunyacultura.cat\/#organization\"},\"image\":{\"@id\":\"https:\/\/fundaciocatalunyacultura.cat\/es\/muntem-un-festival-gana-el-premio-impulsa-cultura-y-abacus-cooperativa-el-premio-empresa-cultura-2022\/#primaryimage\"},\"thumbnailUrl\":\"https:\/\/hundreds-wordpress-uploads.s3.amazonaws.com\/fundacio-catalunya-cultura\/uploads\/2022\/10\/DSC4221-scaled.jpg\",\"articleSection\":[\"Noticias\"],\"inLanguage\":\"es\"},{\"@type\":\"WebPage\",\"@id\":\"https:\/\/fundaciocatalunyacultura.cat\/es\/muntem-un-festival-gana-el-premio-impulsa-cultura-y-abacus-cooperativa-el-premio-empresa-cultura-2022\/\",\"url\":\"https:\/\/fundaciocatalunyacultura.cat\/es\/muntem-un-festival-gana-el-premio-impulsa-cultura-y-abacus-cooperativa-el-premio-empresa-cultura-2022\/\",\"name\":\"\u201cMuntem un Festival\u201d gana el Premio IMPULSA CULTURA y Abacus Cooperativa, el Premio EMPRESA CULTURA 2022 | Fundaci\u00f3 Catalunya Cultura\",\"isPartOf\":{\"@id\":\"https:\/\/fundaciocatalunyacultura.cat\/#website\"},\"primaryImageOfPage\":{\"@id\":\"https:\/\/fundaciocatalunyacultura.cat\/es\/muntem-un-festival-gana-el-premio-impulsa-cultura-y-abacus-cooperativa-el-premio-empresa-cultura-2022\/#primaryimage\"},\"image\":{\"@id\":\"https:\/\/fundaciocatalunyacultura.cat\/es\/muntem-un-festival-gana-el-premio-impulsa-cultura-y-abacus-cooperativa-el-premio-empresa-cultura-2022\/#primaryimage\"},\"thumbnailUrl\":\"https:\/\/hundreds-wordpress-uploads.s3.amazonaws.com\/fundacio-catalunya-cultura\/uploads\/2022\/10\/DSC4221-scaled.jpg\",\"datePublished\":\"2022-10-21T08:07:37+00:00\",\"dateModified\":\"2022-10-27T08:24:56+00:00\",\"breadcrumb\":{\"@id\":\"https:\/\/fundaciocatalunyacultura.cat\/es\/muntem-un-festival-gana-el-premio-impulsa-cultura-y-abacus-cooperativa-el-premio-empresa-cultura-2022\/#breadcrumb\"},\"inLanguage\":\"es\",\"potentialAction\":[{\"@type\":\"ReadAction\",\"target\":[\"https:\/\/fundaciocatalunyacultura.cat\/es\/muntem-un-festival-gana-el-premio-impulsa-cultura-y-abacus-cooperativa-el-premio-empresa-cultura-2022\/\"]}]},{\"@type\":\"ImageObject\",\"inLanguage\":\"es\",\"@id\":\"https:\/\/fundaciocatalunyacultura.cat\/es\/muntem-un-festival-gana-el-premio-impulsa-cultura-y-abacus-cooperativa-el-premio-empresa-cultura-2022\/#primaryimage\",\"url\":\"https:\/\/hundreds-wordpress-uploads.s3.amazonaws.com\/fundacio-catalunya-cultura\/uploads\/2022\/10\/DSC4221-scaled.jpg\",\"contentUrl\":\"https:\/\/hundreds-wordpress-uploads.s3.amazonaws.com\/fundacio-catalunya-cultura\/uploads\/2022\/10\/DSC4221-scaled.jpg\"},{\"@type\":\"BreadcrumbList\",\"@id\":\"https:\/\/fundaciocatalunyacultura.cat\/es\/muntem-un-festival-gana-el-premio-impulsa-cultura-y-abacus-cooperativa-el-premio-empresa-cultura-2022\/#breadcrumb\",\"itemListElement\":[{\"@type\":\"ListItem\",\"position\":1,\"name\":\"Inici\",\"item\":\"https:\/\/fundaciocatalunyacultura.cat\/es\/\"},{\"@type\":\"ListItem\",\"position\":2,\"name\":\"\u201cMuntem un Festival\u201d gana el Premio IMPULSA CULTURA y Abacus Cooperativa, el Premio EMPRESA CULTURA 2022\"}]},{\"@type\":\"WebSite\",\"@id\":\"https:\/\/fundaciocatalunyacultura.cat\/#website\",\"url\":\"https:\/\/fundaciocatalunyacultura.cat\/\",\"name\":\"Fundaci\u00f3 Catalunya Cultura\",\"description\":\"\",\"publisher\":{\"@id\":\"https:\/\/fundaciocatalunyacultura.cat\/#organization\"},\"potentialAction\":[{\"@type\":\"SearchAction\",\"target\":{\"@type\":\"EntryPoint\",\"urlTemplate\":\"https:\/\/fundaciocatalunyacultura.cat\/?s={search_term_string}\"},\"query-input\":{\"@type\":\"PropertyValueSpecification\",\"valueRequired\":true,\"valueName\":\"search_term_string\"}}],\"inLanguage\":\"es\"},{\"@type\":\"Organization\",\"@id\":\"https:\/\/fundaciocatalunyacultura.cat\/#organization\",\"name\":\"Fundaci\u00f3 Catalunya Cultura\",\"url\":\"https:\/\/fundaciocatalunyacultura.cat\/\",\"logo\":{\"@type\":\"ImageObject\",\"inLanguage\":\"es\",\"@id\":\"https:\/\/fundaciocatalunyacultura.cat\/#\/schema\/logo\/image\/\",\"url\":\"https:\/\/hundreds-wordpress-uploads.s3.amazonaws.com\/fundacio-catalunya-cultura\/uploads\/2021\/03\/fcc_logo_blanc-scaled.jpeg\",\"contentUrl\":\"https:\/\/hundreds-wordpress-uploads.s3.amazonaws.com\/fundacio-catalunya-cultura\/uploads\/2021\/03\/fcc_logo_blanc-scaled.jpeg\",\"width\":2560,\"height\":1785,\"caption\":\"Fundaci\u00f3 Catalunya Cultura\"},\"image\":{\"@id\":\"https:\/\/fundaciocatalunyacultura.cat\/#\/schema\/logo\/image\/\"},\"sameAs\":[\"https:\/\/www.facebook.com\/fundaciocatalunyacultura\/\",\"https:\/\/x.com\/fcatcultura\",\"https:\/\/www.linkedin.com\/company\/fundaci\u00f3-catalunya-cultura\/\",\"https:\/\/ca.wikipedia.org\/wiki\/Fundaci\u00f3_Catalunya_Cultura\"]},{\"@type\":\"Person\",\"@id\":\"https:\/\/fundaciocatalunyacultura.cat\/#\/schema\/person\/f30f60b8448aa2c1761a644f652a4744\",\"name\":\"fundacio\",\"image\":{\"@type\":\"ImageObject\",\"inLanguage\":\"es\",\"@id\":\"https:\/\/fundaciocatalunyacultura.cat\/#\/schema\/person\/image\/\",\"url\":\"https:\/\/secure.gravatar.com\/avatar\/fe57a3f139ea81c65a338e37a8064b4e80844f839737532820c9107eb9e1966f?s=96&d=mm&r=g\",\"contentUrl\":\"https:\/\/secure.gravatar.com\/avatar\/fe57a3f139ea81c65a338e37a8064b4e80844f839737532820c9107eb9e1966f?s=96&d=mm&r=g\",\"caption\":\"fundacio\"},\"url\":\"https:\/\/fundaciocatalunyacultura.cat\/es\/author\/fundacio\/\"}]}<\/script>\n<!-- \/ Yoast SEO plugin. -->","yoast_head_json":{"title":"\u201cMuntem un Festival\u201d gana el Premio IMPULSA CULTURA y Abacus Cooperativa, el Premio EMPRESA CULTURA 2022 | Fundaci\u00f3 Catalunya Cultura","robots":{"index":"index","follow":"follow","max-snippet":"max-snippet:-1","max-image-preview":"max-image-preview:large","max-video-preview":"max-video-preview:-1"},"canonical":"https:\/\/fundaciocatalunyacultura.cat\/es\/muntem-un-festival-gana-el-premio-impulsa-cultura-y-abacus-cooperativa-el-premio-empresa-cultura-2022\/","og_locale":"es_ES","og_type":"article","og_title":"\u201cMuntem un Festival\u201d gana el Premio IMPULSA CULTURA y Abacus Cooperativa, el Premio EMPRESA CULTURA 2022 | Fundaci\u00f3 Catalunya Cultura","og_description":"El jurado del Premio IMPULSA CULTURA 2022 (PIC), que otorgamos desde Fundaci\u00f3 Catalunya Cultura, ha decidido conceder el galard\u00f3n al proyecto \u201cMuntem un Festival\u201d. Este Premio, dotado con 10.000 euros y una obra de la artista Musa71, reconoce un de los 10 proyectos finalistas que ha participado en el Programa IMPULSA CULTURA de este a\u00f1o [&hellip;]","og_url":"https:\/\/fundaciocatalunyacultura.cat\/es\/muntem-un-festival-gana-el-premio-impulsa-cultura-y-abacus-cooperativa-el-premio-empresa-cultura-2022\/","og_site_name":"Fundaci\u00f3 Catalunya Cultura","article_publisher":"https:\/\/www.facebook.com\/fundaciocatalunyacultura\/","article_published_time":"2022-10-21T08:07:37+00:00","article_modified_time":"2022-10-27T08:24:56+00:00","og_image":[{"url":"https:\/\/hundreds-wordpress-uploads.s3.amazonaws.com\/fundacio-catalunya-cultura\/uploads\/2022\/10\/DSC4221-scaled.jpg","type":"","width":"","height":""}],"author":"fundacio","twitter_card":"summary_large_image","twitter_creator":"@fcatcultura","twitter_site":"@fcatcultura","twitter_misc":{"Escrito por":"fundacio","Tiempo de lectura":"3 minutos"},"schema":{"@context":"https:\/\/schema.org","@graph":[{"@type":"Article","@id":"https:\/\/fundaciocatalunyacultura.cat\/es\/muntem-un-festival-gana-el-premio-impulsa-cultura-y-abacus-cooperativa-el-premio-empresa-cultura-2022\/#article","isPartOf":{"@id":"https:\/\/fundaciocatalunyacultura.cat\/es\/muntem-un-festival-gana-el-premio-impulsa-cultura-y-abacus-cooperativa-el-premio-empresa-cultura-2022\/"},"author":{"name":"fundacio","@id":"https:\/\/fundaciocatalunyacultura.cat\/#\/schema\/person\/f30f60b8448aa2c1761a644f652a4744"},"headline":"\u201cMuntem un Festival\u201d gana el Premio IMPULSA CULTURA y Abacus Cooperativa, el Premio EMPRESA CULTURA 2022","datePublished":"2022-10-21T08:07:37+00:00","dateModified":"2022-10-27T08:24:56+00:00","mainEntityOfPage":{"@id":"https:\/\/fundaciocatalunyacultura.cat\/es\/muntem-un-festival-gana-el-premio-impulsa-cultura-y-abacus-cooperativa-el-premio-empresa-cultura-2022\/"},"wordCount":704,"publisher":{"@id":"https:\/\/fundaciocatalunyacultura.cat\/#organization"},"image":{"@id":"https:\/\/fundaciocatalunyacultura.cat\/es\/muntem-un-festival-gana-el-premio-impulsa-cultura-y-abacus-cooperativa-el-premio-empresa-cultura-2022\/#primaryimage"},"thumbnailUrl":"https:\/\/hundreds-wordpress-uploads.s3.amazonaws.com\/fundacio-catalunya-cultura\/uploads\/2022\/10\/DSC4221-scaled.jpg","articleSection":["Noticias"],"inLanguage":"es"},{"@type":"WebPage","@id":"https:\/\/fundaciocatalunyacultura.cat\/es\/muntem-un-festival-gana-el-premio-impulsa-cultura-y-abacus-cooperativa-el-premio-empresa-cultura-2022\/","url":"https:\/\/fundaciocatalunyacultura.cat\/es\/muntem-un-festival-gana-el-premio-impulsa-cultura-y-abacus-cooperativa-el-premio-empresa-cultura-2022\/","name":"\u201cMuntem un Festival\u201d gana el Premio IMPULSA CULTURA y Abacus Cooperativa, el Premio EMPRESA CULTURA 2022 | Fundaci\u00f3 Catalunya Cultura","isPartOf":{"@id":"https:\/\/fundaciocatalunyacultura.cat\/#website"},"primaryImageOfPage":{"@id":"https:\/\/fundaciocatalunyacultura.cat\/es\/muntem-un-festival-gana-el-premio-impulsa-cultura-y-abacus-cooperativa-el-premio-empresa-cultura-2022\/#primaryimage"},"image":{"@id":"https:\/\/fundaciocatalunyacultura.cat\/es\/muntem-un-festival-gana-el-premio-impulsa-cultura-y-abacus-cooperativa-el-premio-empresa-cultura-2022\/#primaryimage"},"thumbnailUrl":"https:\/\/hundreds-wordpress-uploads.s3.amazonaws.com\/fundacio-catalunya-cultura\/uploads\/2022\/10\/DSC4221-scaled.jpg","datePublished":"2022-10-21T08:07:37+00:00","dateModified":"2022-10-27T08:24:56+00:00","breadcrumb":{"@id":"https:\/\/fundaciocatalunyacultura.cat\/es\/muntem-un-festival-gana-el-premio-impulsa-cultura-y-abacus-cooperativa-el-premio-empresa-cultura-2022\/#breadcrumb"},"inLanguage":"es","potentialAction":[{"@type":"ReadAction","target":["https:\/\/fundaciocatalunyacultura.cat\/es\/muntem-un-festival-gana-el-premio-impulsa-cultura-y-abacus-cooperativa-el-premio-empresa-cultura-2022\/"]}]},{"@type":"ImageObject","inLanguage":"es","@id":"https:\/\/fundaciocatalunyacultura.cat\/es\/muntem-un-festival-gana-el-premio-impulsa-cultura-y-abacus-cooperativa-el-premio-empresa-cultura-2022\/#primaryimage","url":"https:\/\/hundreds-wordpress-uploads.s3.amazonaws.com\/fundacio-catalunya-cultura\/uploads\/2022\/10\/DSC4221-scaled.jpg","contentUrl":"https:\/\/hundreds-wordpress-uploads.s3.amazonaws.com\/fundacio-catalunya-cultura\/uploads\/2022\/10\/DSC4221-scaled.jpg"},{"@type":"BreadcrumbList","@id":"https:\/\/fundaciocatalunyacultura.cat\/es\/muntem-un-festival-gana-el-premio-impulsa-cultura-y-abacus-cooperativa-el-premio-empresa-cultura-2022\/#breadcrumb","itemListElement":[{"@type":"ListItem","position":1,"name":"Inici","item":"https:\/\/fundaciocatalunyacultura.cat\/es\/"},{"@type":"ListItem","position":2,"name":"\u201cMuntem un Festival\u201d gana el Premio IMPULSA CULTURA y Abacus Cooperativa, el Premio EMPRESA CULTURA 2022"}]},{"@type":"WebSite","@id":"https:\/\/fundaciocatalunyacultura.cat\/#website","url":"https:\/\/fundaciocatalunyacultura.cat\/","name":"Fundaci\u00f3 Catalunya Cultura","description":"","publisher":{"@id":"https:\/\/fundaciocatalunyacultura.cat\/#organization"},"potentialAction":[{"@type":"SearchAction","target":{"@type":"EntryPoint","urlTemplate":"https:\/\/fundaciocatalunyacultura.cat\/?s={search_term_string}"},"query-input":{"@type":"PropertyValueSpecification","valueRequired":true,"valueName":"search_term_string"}}],"inLanguage":"es"},{"@type":"Organization","@id":"https:\/\/fundaciocatalunyacultura.cat\/#organization","name":"Fundaci\u00f3 Catalunya Cultura","url":"https:\/\/fundaciocatalunyacultura.cat\/","logo":{"@type":"ImageObject","inLanguage":"es","@id":"https:\/\/fundaciocatalunyacultura.cat\/#\/schema\/logo\/image\/","url":"https:\/\/hundreds-wordpress-uploads.s3.amazonaws.com\/fundacio-catalunya-cultura\/uploads\/2021\/03\/fcc_logo_blanc-scaled.jpeg","contentUrl":"https:\/\/hundreds-wordpress-uploads.s3.amazonaws.com\/fundacio-catalunya-cultura\/uploads\/2021\/03\/fcc_logo_blanc-scaled.jpeg","width":2560,"height":1785,"caption":"Fundaci\u00f3 Catalunya Cultura"},"image":{"@id":"https:\/\/fundaciocatalunyacultura.cat\/#\/schema\/logo\/image\/"},"sameAs":["https:\/\/www.facebook.com\/fundaciocatalunyacultura\/","https:\/\/x.com\/fcatcultura","https:\/\/www.linkedin.com\/company\/fundaci\u00f3-catalunya-cultura\/","https:\/\/ca.wikipedia.org\/wiki\/Fundaci\u00f3_Catalunya_Cultura"]},{"@type":"Person","@id":"https:\/\/fundaciocatalunyacultura.cat\/#\/schema\/person\/f30f60b8448aa2c1761a644f652a4744","name":"fundacio","image":{"@type":"ImageObject","inLanguage":"es","@id":"https:\/\/fundaciocatalunyacultura.cat\/#\/schema\/person\/image\/","url":"https:\/\/secure.gravatar.com\/avatar\/fe57a3f139ea81c65a338e37a8064b4e80844f839737532820c9107eb9e1966f?s=96&d=mm&r=g","contentUrl":"https:\/\/secure.gravatar.com\/avatar\/fe57a3f139ea81c65a338e37a8064b4e80844f839737532820c9107eb9e1966f?s=96&d=mm&r=g","caption":"fundacio"},"url":"https:\/\/fundaciocatalunyacultura.cat\/es\/author\/fundacio\/"}]}},"_links":{"self":[{"href":"https:\/\/fundaciocatalunyacultura.cat\/es\/wp-json\/wp\/v2\/posts\/11672","targetHints":{"allow":["GET"]}}],"collection":[{"href":"https:\/\/fundaciocatalunyacultura.cat\/es\/wp-json\/wp\/v2\/posts"}],"about":[{"href":"https:\/\/fundaciocatalunyacultura.cat\/es\/wp-json\/wp\/v2\/types\/post"}],"author":[{"embeddable":true,"href":"https:\/\/fundaciocatalunyacultura.cat\/es\/wp-json\/wp\/v2\/users\/1"}],"replies":[{"embeddable":true,"href":"https:\/\/fundaciocatalunyacultura.cat\/es\/wp-json\/wp\/v2\/comments?post=11672"}],"version-history":[{"count":10,"href":"https:\/\/fundaciocatalunyacultura.cat\/es\/wp-json\/wp\/v2\/posts\/11672\/revisions"}],"predecessor-version":[{"id":11683,"href":"https:\/\/fundaciocatalunyacultura.cat\/es\/wp-json\/wp\/v2\/posts\/11672\/revisions\/11683"}],"wp:attachment":[{"href":"https:\/\/fundaciocatalunyacultura.cat\/es\/wp-json\/wp\/v2\/media?parent=11672"}],"wp:term":[{"taxonomy":"category","embeddable":true,"href":"https:\/\/fundaciocatalunyacultura.cat\/es\/wp-json\/wp\/v2\/categories?post=11672"}],"curies":[{"name":"wp","href":"https:\/\/api.w.org\/{rel}","templated":true}]}}