{"id":10474,"date":"2022-09-01T10:17:52","date_gmt":"2022-09-01T10:17:52","guid":{"rendered":"https:\/\/www.fundaciocatalunyacultura.cat\/?p=10474"},"modified":"2026-02-23T12:02:38","modified_gmt":"2026-02-23T12:02:38","slug":"kave-hombre-obtiene-el-sello-de-empresa-comprometida-con-la-cultura","status":"publish","type":"post","link":"https:\/\/fundaciocatalunyacultura.cat\/es\/kave-hombre-obtiene-el-sello-de-empresa-comprometida-con-la-cultura\/","title":{"rendered":"Kave\u00a0Home obtiene el Sello de Empresa Comprometida con la Cultura"},"content":{"rendered":"<p>La marca de muebles y decoraci\u00f3n <a href=\"https:\/\/kavehome.com\/es\/ca\/\"><strong>Kave Home<\/strong><\/a> ha obtenido el <a href=\"https:\/\/www.fundaciocatalunyacultura.cat\/es\/sello\/\"><strong>Sello de Empresa Comprometida con la Cultura (SECC)<\/strong><\/a> que concedemos desde la Fundaci\u00f3n para reconocer las empresas que apoyan a la cultura. Esta distinci\u00f3n lo otorgamos en colaboraci\u00f3n con la <strong>C\u00e1tedra de Responsabilidad Social y Sostenibilidad de la Universitat de Girona.<\/strong><\/p>\n<p>Kave Home es una marca mediterr\u00e1nea de Girona de muebles y decoraci\u00f3n comprometida con la sociedad que lo rodea y con la cultura, y por eso considera esencial realizar acciones, proyectos y colaboraciones vinculadas con el talento, la cohesi\u00f3n social y la innovaci\u00f3n que tengan un impacto social.<\/p>\n<p>La Comisi\u00f3n de Evaluaci\u00f3n del Sello ha destacado especialmente el alto nivel de responsabilidad social corporativa de la empresa mediante el apoyo a acontecimientos culturales de prestigio o con la promoci\u00f3n de acciones dirigidas a colectivos diversos, entre ellos con riesgo de exclusi\u00f3n social. As\u00ed mismo, tambi\u00e9n ha valorado la transversalidad de los proyectos que impulsa y el impacto territorial que generan.<\/p>\n<p><strong>Francesc Juli\u00e0<\/strong>, Managing Director de Kave Home, remarca sobre la consecuci\u00f3n de esta distinci\u00f3n: \u201cEs una satisfacci\u00f3n, tanto para m\u00ed como para todo el equipo que conforma Kave Home, que la Fundaci\u00f3n Catalunya Cultura nos haya otorgado este Sello. Esta excelente iniciativa permite reconocer el valor de todas aquellas acciones en las cuales trabajamos como marca gerundense de muebles en beneficio de la cultura y la sociedad que nos rodea\u201d.<\/p>\n<p>Por su parte, <strong>Maite Esteve<\/strong>, directora de la Fundaci\u00f3n Catalunya Cultura, subraya: \u201cQue empresas pioneras e innovadoras de casa como Kave Home obtengan el Sello es para nosotros un s\u00edntoma m\u00e1s de que la econom\u00eda de impacto es ya un hecho incuestionable en la buena gobernanza de cualquier empresa que quiera posicionarse en el mercado. Felicitamos Kave Home por el trabajo que hacen, pero sobre todo, por como lo hacen\u201d.<\/p>\n<p>Hasta ahora, ya son <strong>14 las empresas<\/strong> que disponen del Sello Empresa Comprometida con la Cultura.<\/p>\n","protected":false},"excerpt":{"rendered":"<p>La marca de muebles y decoraci\u00f3n Kave Home ha obtenido el Sello de Empresa Comprometida con la Cultura (SECC) que concedemos desde la Fundaci\u00f3n para reconocer las empresas que apoyan a la cultura. Esta distinci\u00f3n lo otorgamos en colaboraci\u00f3n con la C\u00e1tedra de Responsabilidad Social y Sostenibilidad de la Universitat de Girona. Kave Home es [&hellip;]<\/p>\n","protected":false},"author":1,"featured_media":0,"comment_status":"closed","ping_status":"closed","sticky":false,"template":"","format":"standard","meta":{"_acf_changed":false,"footnotes":""},"categories":[44],"class_list":["post-10474","post","type-post","status-publish","format-standard","hentry","category-noticias"],"acf":[],"yoast_head":"<!-- This site is optimized with the Yoast SEO plugin v25.1 - https:\/\/yoast.com\/wordpress\/plugins\/seo\/ -->\n<title>Kave\u00a0Home obtiene el Sello de Empresa Comprometida con la Cultura | Fundaci\u00f3 Catalunya Cultura<\/title>\n<meta name=\"robots\" content=\"index, follow, max-snippet:-1, max-image-preview:large, max-video-preview:-1\" \/>\n<link rel=\"canonical\" href=\"https:\/\/fundaciocatalunyacultura.cat\/es\/kave-hombre-obtiene-el-sello-de-empresa-comprometida-con-la-cultura\/\" \/>\n<meta property=\"og:locale\" content=\"es_ES\" \/>\n<meta property=\"og:type\" content=\"article\" \/>\n<meta property=\"og:title\" content=\"Kave\u00a0Home obtiene el Sello de Empresa Comprometida con la Cultura | Fundaci\u00f3 Catalunya Cultura\" \/>\n<meta property=\"og:description\" content=\"La marca de muebles y decoraci\u00f3n Kave Home ha obtenido el Sello de Empresa Comprometida con la Cultura (SECC) que concedemos desde la Fundaci\u00f3n para reconocer las empresas que apoyan a la cultura. Esta distinci\u00f3n lo otorgamos en colaboraci\u00f3n con la C\u00e1tedra de Responsabilidad Social y Sostenibilidad de la Universitat de Girona. Kave Home es [&hellip;]\" \/>\n<meta property=\"og:url\" content=\"https:\/\/fundaciocatalunyacultura.cat\/es\/kave-hombre-obtiene-el-sello-de-empresa-comprometida-con-la-cultura\/\" \/>\n<meta property=\"og:site_name\" content=\"Fundaci\u00f3 Catalunya Cultura\" \/>\n<meta property=\"article:publisher\" content=\"https:\/\/www.facebook.com\/fundaciocatalunyacultura\/\" \/>\n<meta property=\"article:published_time\" content=\"2022-09-01T10:17:52+00:00\" \/>\n<meta property=\"article:modified_time\" content=\"2026-02-23T12:02:38+00:00\" \/>\n<meta name=\"author\" content=\"fundacio\" \/>\n<meta name=\"twitter:card\" content=\"summary_large_image\" \/>\n<meta name=\"twitter:creator\" content=\"@fcatcultura\" \/>\n<meta name=\"twitter:site\" content=\"@fcatcultura\" \/>\n<meta name=\"twitter:label1\" content=\"Escrito por\" \/>\n\t<meta name=\"twitter:data1\" content=\"fundacio\" \/>\n\t<meta name=\"twitter:label2\" content=\"Tiempo de lectura\" \/>\n\t<meta name=\"twitter:data2\" content=\"2 minutos\" \/>\n<script type=\"application\/ld+json\" class=\"yoast-schema-graph\">{\"@context\":\"https:\/\/schema.org\",\"@graph\":[{\"@type\":\"Article\",\"@id\":\"https:\/\/fundaciocatalunyacultura.cat\/es\/kave-hombre-obtiene-el-sello-de-empresa-comprometida-con-la-cultura\/#article\",\"isPartOf\":{\"@id\":\"https:\/\/fundaciocatalunyacultura.cat\/es\/kave-hombre-obtiene-el-sello-de-empresa-comprometida-con-la-cultura\/\"},\"author\":{\"name\":\"fundacio\",\"@id\":\"https:\/\/fundaciocatalunyacultura.cat\/#\/schema\/person\/f30f60b8448aa2c1761a644f652a4744\"},\"headline\":\"Kave\u00a0Home obtiene el Sello de Empresa Comprometida con la Cultura\",\"datePublished\":\"2022-09-01T10:17:52+00:00\",\"dateModified\":\"2026-02-23T12:02:38+00:00\",\"mainEntityOfPage\":{\"@id\":\"https:\/\/fundaciocatalunyacultura.cat\/es\/kave-hombre-obtiene-el-sello-de-empresa-comprometida-con-la-cultura\/\"},\"wordCount\":350,\"publisher\":{\"@id\":\"https:\/\/fundaciocatalunyacultura.cat\/#organization\"},\"articleSection\":[\"Noticias\"],\"inLanguage\":\"es\"},{\"@type\":\"WebPage\",\"@id\":\"https:\/\/fundaciocatalunyacultura.cat\/es\/kave-hombre-obtiene-el-sello-de-empresa-comprometida-con-la-cultura\/\",\"url\":\"https:\/\/fundaciocatalunyacultura.cat\/es\/kave-hombre-obtiene-el-sello-de-empresa-comprometida-con-la-cultura\/\",\"name\":\"Kave\u00a0Home obtiene el Sello de Empresa Comprometida con la Cultura | Fundaci\u00f3 Catalunya Cultura\",\"isPartOf\":{\"@id\":\"https:\/\/fundaciocatalunyacultura.cat\/#website\"},\"datePublished\":\"2022-09-01T10:17:52+00:00\",\"dateModified\":\"2026-02-23T12:02:38+00:00\",\"breadcrumb\":{\"@id\":\"https:\/\/fundaciocatalunyacultura.cat\/es\/kave-hombre-obtiene-el-sello-de-empresa-comprometida-con-la-cultura\/#breadcrumb\"},\"inLanguage\":\"es\",\"potentialAction\":[{\"@type\":\"ReadAction\",\"target\":[\"https:\/\/fundaciocatalunyacultura.cat\/es\/kave-hombre-obtiene-el-sello-de-empresa-comprometida-con-la-cultura\/\"]}]},{\"@type\":\"BreadcrumbList\",\"@id\":\"https:\/\/fundaciocatalunyacultura.cat\/es\/kave-hombre-obtiene-el-sello-de-empresa-comprometida-con-la-cultura\/#breadcrumb\",\"itemListElement\":[{\"@type\":\"ListItem\",\"position\":1,\"name\":\"Inici\",\"item\":\"https:\/\/fundaciocatalunyacultura.cat\/es\/\"},{\"@type\":\"ListItem\",\"position\":2,\"name\":\"Kave\u00a0Home obtiene el Sello de Empresa Comprometida con la Cultura\"}]},{\"@type\":\"WebSite\",\"@id\":\"https:\/\/fundaciocatalunyacultura.cat\/#website\",\"url\":\"https:\/\/fundaciocatalunyacultura.cat\/\",\"name\":\"Fundaci\u00f3 Catalunya Cultura\",\"description\":\"\",\"publisher\":{\"@id\":\"https:\/\/fundaciocatalunyacultura.cat\/#organization\"},\"potentialAction\":[{\"@type\":\"SearchAction\",\"target\":{\"@type\":\"EntryPoint\",\"urlTemplate\":\"https:\/\/fundaciocatalunyacultura.cat\/?s={search_term_string}\"},\"query-input\":{\"@type\":\"PropertyValueSpecification\",\"valueRequired\":true,\"valueName\":\"search_term_string\"}}],\"inLanguage\":\"es\"},{\"@type\":\"Organization\",\"@id\":\"https:\/\/fundaciocatalunyacultura.cat\/#organization\",\"name\":\"Fundaci\u00f3 Catalunya Cultura\",\"url\":\"https:\/\/fundaciocatalunyacultura.cat\/\",\"logo\":{\"@type\":\"ImageObject\",\"inLanguage\":\"es\",\"@id\":\"https:\/\/fundaciocatalunyacultura.cat\/#\/schema\/logo\/image\/\",\"url\":\"https:\/\/hundreds-wordpress-uploads.s3.amazonaws.com\/fundacio-catalunya-cultura\/uploads\/2021\/03\/fcc_logo_blanc-scaled.jpeg\",\"contentUrl\":\"https:\/\/hundreds-wordpress-uploads.s3.amazonaws.com\/fundacio-catalunya-cultura\/uploads\/2021\/03\/fcc_logo_blanc-scaled.jpeg\",\"width\":2560,\"height\":1785,\"caption\":\"Fundaci\u00f3 Catalunya Cultura\"},\"image\":{\"@id\":\"https:\/\/fundaciocatalunyacultura.cat\/#\/schema\/logo\/image\/\"},\"sameAs\":[\"https:\/\/www.facebook.com\/fundaciocatalunyacultura\/\",\"https:\/\/x.com\/fcatcultura\",\"https:\/\/www.linkedin.com\/company\/fundaci\u00f3-catalunya-cultura\/\",\"https:\/\/ca.wikipedia.org\/wiki\/Fundaci\u00f3_Catalunya_Cultura\"]},{\"@type\":\"Person\",\"@id\":\"https:\/\/fundaciocatalunyacultura.cat\/#\/schema\/person\/f30f60b8448aa2c1761a644f652a4744\",\"name\":\"fundacio\",\"image\":{\"@type\":\"ImageObject\",\"inLanguage\":\"es\",\"@id\":\"https:\/\/fundaciocatalunyacultura.cat\/#\/schema\/person\/image\/\",\"url\":\"https:\/\/secure.gravatar.com\/avatar\/fe57a3f139ea81c65a338e37a8064b4e80844f839737532820c9107eb9e1966f?s=96&d=mm&r=g\",\"contentUrl\":\"https:\/\/secure.gravatar.com\/avatar\/fe57a3f139ea81c65a338e37a8064b4e80844f839737532820c9107eb9e1966f?s=96&d=mm&r=g\",\"caption\":\"fundacio\"},\"url\":\"https:\/\/fundaciocatalunyacultura.cat\/es\/author\/fundacio\/\"}]}<\/script>\n<!-- \/ Yoast SEO plugin. -->","yoast_head_json":{"title":"Kave\u00a0Home obtiene el Sello de Empresa Comprometida con la Cultura | Fundaci\u00f3 Catalunya Cultura","robots":{"index":"index","follow":"follow","max-snippet":"max-snippet:-1","max-image-preview":"max-image-preview:large","max-video-preview":"max-video-preview:-1"},"canonical":"https:\/\/fundaciocatalunyacultura.cat\/es\/kave-hombre-obtiene-el-sello-de-empresa-comprometida-con-la-cultura\/","og_locale":"es_ES","og_type":"article","og_title":"Kave\u00a0Home obtiene el Sello de Empresa Comprometida con la Cultura | Fundaci\u00f3 Catalunya Cultura","og_description":"La marca de muebles y decoraci\u00f3n Kave Home ha obtenido el Sello de Empresa Comprometida con la Cultura (SECC) que concedemos desde la Fundaci\u00f3n para reconocer las empresas que apoyan a la cultura. Esta distinci\u00f3n lo otorgamos en colaboraci\u00f3n con la C\u00e1tedra de Responsabilidad Social y Sostenibilidad de la Universitat de Girona. Kave Home es [&hellip;]","og_url":"https:\/\/fundaciocatalunyacultura.cat\/es\/kave-hombre-obtiene-el-sello-de-empresa-comprometida-con-la-cultura\/","og_site_name":"Fundaci\u00f3 Catalunya Cultura","article_publisher":"https:\/\/www.facebook.com\/fundaciocatalunyacultura\/","article_published_time":"2022-09-01T10:17:52+00:00","article_modified_time":"2026-02-23T12:02:38+00:00","author":"fundacio","twitter_card":"summary_large_image","twitter_creator":"@fcatcultura","twitter_site":"@fcatcultura","twitter_misc":{"Escrito por":"fundacio","Tiempo de lectura":"2 minutos"},"schema":{"@context":"https:\/\/schema.org","@graph":[{"@type":"Article","@id":"https:\/\/fundaciocatalunyacultura.cat\/es\/kave-hombre-obtiene-el-sello-de-empresa-comprometida-con-la-cultura\/#article","isPartOf":{"@id":"https:\/\/fundaciocatalunyacultura.cat\/es\/kave-hombre-obtiene-el-sello-de-empresa-comprometida-con-la-cultura\/"},"author":{"name":"fundacio","@id":"https:\/\/fundaciocatalunyacultura.cat\/#\/schema\/person\/f30f60b8448aa2c1761a644f652a4744"},"headline":"Kave\u00a0Home obtiene el Sello de Empresa Comprometida con la Cultura","datePublished":"2022-09-01T10:17:52+00:00","dateModified":"2026-02-23T12:02:38+00:00","mainEntityOfPage":{"@id":"https:\/\/fundaciocatalunyacultura.cat\/es\/kave-hombre-obtiene-el-sello-de-empresa-comprometida-con-la-cultura\/"},"wordCount":350,"publisher":{"@id":"https:\/\/fundaciocatalunyacultura.cat\/#organization"},"articleSection":["Noticias"],"inLanguage":"es"},{"@type":"WebPage","@id":"https:\/\/fundaciocatalunyacultura.cat\/es\/kave-hombre-obtiene-el-sello-de-empresa-comprometida-con-la-cultura\/","url":"https:\/\/fundaciocatalunyacultura.cat\/es\/kave-hombre-obtiene-el-sello-de-empresa-comprometida-con-la-cultura\/","name":"Kave\u00a0Home obtiene el Sello de Empresa Comprometida con la Cultura | Fundaci\u00f3 Catalunya Cultura","isPartOf":{"@id":"https:\/\/fundaciocatalunyacultura.cat\/#website"},"datePublished":"2022-09-01T10:17:52+00:00","dateModified":"2026-02-23T12:02:38+00:00","breadcrumb":{"@id":"https:\/\/fundaciocatalunyacultura.cat\/es\/kave-hombre-obtiene-el-sello-de-empresa-comprometida-con-la-cultura\/#breadcrumb"},"inLanguage":"es","potentialAction":[{"@type":"ReadAction","target":["https:\/\/fundaciocatalunyacultura.cat\/es\/kave-hombre-obtiene-el-sello-de-empresa-comprometida-con-la-cultura\/"]}]},{"@type":"BreadcrumbList","@id":"https:\/\/fundaciocatalunyacultura.cat\/es\/kave-hombre-obtiene-el-sello-de-empresa-comprometida-con-la-cultura\/#breadcrumb","itemListElement":[{"@type":"ListItem","position":1,"name":"Inici","item":"https:\/\/fundaciocatalunyacultura.cat\/es\/"},{"@type":"ListItem","position":2,"name":"Kave\u00a0Home obtiene el Sello de Empresa Comprometida con la Cultura"}]},{"@type":"WebSite","@id":"https:\/\/fundaciocatalunyacultura.cat\/#website","url":"https:\/\/fundaciocatalunyacultura.cat\/","name":"Fundaci\u00f3 Catalunya Cultura","description":"","publisher":{"@id":"https:\/\/fundaciocatalunyacultura.cat\/#organization"},"potentialAction":[{"@type":"SearchAction","target":{"@type":"EntryPoint","urlTemplate":"https:\/\/fundaciocatalunyacultura.cat\/?s={search_term_string}"},"query-input":{"@type":"PropertyValueSpecification","valueRequired":true,"valueName":"search_term_string"}}],"inLanguage":"es"},{"@type":"Organization","@id":"https:\/\/fundaciocatalunyacultura.cat\/#organization","name":"Fundaci\u00f3 Catalunya Cultura","url":"https:\/\/fundaciocatalunyacultura.cat\/","logo":{"@type":"ImageObject","inLanguage":"es","@id":"https:\/\/fundaciocatalunyacultura.cat\/#\/schema\/logo\/image\/","url":"https:\/\/hundreds-wordpress-uploads.s3.amazonaws.com\/fundacio-catalunya-cultura\/uploads\/2021\/03\/fcc_logo_blanc-scaled.jpeg","contentUrl":"https:\/\/hundreds-wordpress-uploads.s3.amazonaws.com\/fundacio-catalunya-cultura\/uploads\/2021\/03\/fcc_logo_blanc-scaled.jpeg","width":2560,"height":1785,"caption":"Fundaci\u00f3 Catalunya Cultura"},"image":{"@id":"https:\/\/fundaciocatalunyacultura.cat\/#\/schema\/logo\/image\/"},"sameAs":["https:\/\/www.facebook.com\/fundaciocatalunyacultura\/","https:\/\/x.com\/fcatcultura","https:\/\/www.linkedin.com\/company\/fundaci\u00f3-catalunya-cultura\/","https:\/\/ca.wikipedia.org\/wiki\/Fundaci\u00f3_Catalunya_Cultura"]},{"@type":"Person","@id":"https:\/\/fundaciocatalunyacultura.cat\/#\/schema\/person\/f30f60b8448aa2c1761a644f652a4744","name":"fundacio","image":{"@type":"ImageObject","inLanguage":"es","@id":"https:\/\/fundaciocatalunyacultura.cat\/#\/schema\/person\/image\/","url":"https:\/\/secure.gravatar.com\/avatar\/fe57a3f139ea81c65a338e37a8064b4e80844f839737532820c9107eb9e1966f?s=96&d=mm&r=g","contentUrl":"https:\/\/secure.gravatar.com\/avatar\/fe57a3f139ea81c65a338e37a8064b4e80844f839737532820c9107eb9e1966f?s=96&d=mm&r=g","caption":"fundacio"},"url":"https:\/\/fundaciocatalunyacultura.cat\/es\/author\/fundacio\/"}]}},"_links":{"self":[{"href":"https:\/\/fundaciocatalunyacultura.cat\/es\/wp-json\/wp\/v2\/posts\/10474","targetHints":{"allow":["GET"]}}],"collection":[{"href":"https:\/\/fundaciocatalunyacultura.cat\/es\/wp-json\/wp\/v2\/posts"}],"about":[{"href":"https:\/\/fundaciocatalunyacultura.cat\/es\/wp-json\/wp\/v2\/types\/post"}],"author":[{"embeddable":true,"href":"https:\/\/fundaciocatalunyacultura.cat\/es\/wp-json\/wp\/v2\/users\/1"}],"replies":[{"embeddable":true,"href":"https:\/\/fundaciocatalunyacultura.cat\/es\/wp-json\/wp\/v2\/comments?post=10474"}],"version-history":[{"count":3,"href":"https:\/\/fundaciocatalunyacultura.cat\/es\/wp-json\/wp\/v2\/posts\/10474\/revisions"}],"predecessor-version":[{"id":28813,"href":"https:\/\/fundaciocatalunyacultura.cat\/es\/wp-json\/wp\/v2\/posts\/10474\/revisions\/28813"}],"wp:attachment":[{"href":"https:\/\/fundaciocatalunyacultura.cat\/es\/wp-json\/wp\/v2\/media?parent=10474"}],"wp:term":[{"taxonomy":"category","embeddable":true,"href":"https:\/\/fundaciocatalunyacultura.cat\/es\/wp-json\/wp\/v2\/categories?post=10474"}],"curies":[{"name":"wp","href":"https:\/\/api.w.org\/{rel}","templated":true}]}}