{"id":10189,"date":"2022-06-21T10:29:15","date_gmt":"2022-06-21T10:29:15","guid":{"rendered":"https:\/\/www.fundaciocatalunyacultura.cat\/?p=10189"},"modified":"2022-06-23T07:55:04","modified_gmt":"2022-06-23T07:55:04","slug":"reunion-del-patronato-del-consejo-de-mecenazgo-y-del-grupo-de-la-ley-de-mecenazgo-con-la-asistencia-de-la-consellera-de-cultura","status":"publish","type":"post","link":"https:\/\/fundaciocatalunyacultura.cat\/es\/reunion-del-patronato-del-consejo-de-mecenazgo-y-del-grupo-de-la-ley-de-mecenazgo-con-la-asistencia-de-la-consellera-de-cultura\/","title":{"rendered":"Reuni\u00f3n del Patronato, del Consejo de Mecenazgo y del Grupo de la Ley de Mecenazgo con la asistencia de la consellera de Cultura"},"content":{"rendered":"<p>El martes 21 de junio se ha reunido el <strong>Patronato<\/strong> de la Fundaci\u00f3n Catalunya Cultura, el \u00f3rgano de gobierno y administraci\u00f3n que integran las <strong><a href=\"https:\/\/www.fundaciocatalunyacultura.cat\/es\/qui-som\/\">empresas<\/a><\/strong> fundadoras e impulsoras de la entidad. Posteriormente, se ha celebrado un encuentro con los representantes del <strong><a href=\"https:\/\/www.fundaciocatalunyacultura.cat\/es\/qui-som\/\">Consejo de Mecenazgo<\/a><\/strong> y del <strong><a href=\"https:\/\/www.fundaciocatalunyacultura.cat\/es\/ley-del-mecenazgo\/\">Grupo de Trabajo de la Ley de Mecenazgo<\/a><\/strong>. A esta sesi\u00f3n conjunta, que se ha celebrado en\u00a0IESE\u00a0Business\u00a0School\u00a0Barcelona, ha asistido la c<strong>onsellera de Cultura, Nat\u00e0lia Garriga<\/strong>, y el <strong>secretario de Empresa y Competitividad<\/strong> del Departamento de Empresa y Trabajo, <strong>Albert Castellanos.<\/strong><\/p>\n<p>Adem\u00e1s de tratar los puntos ordinarios del orden del d\u00eda y de debatir las l\u00edneas de actuaci\u00f3n para este 2022, se ha presentado a los asistentes el <strong>Plan Estrat\u00e9gico de la Fundaci\u00f3n<\/strong> y el <strong>Estudio de Impacto<\/strong>, que ha realizado la empresa\u00a0Relevance\u00a0Marketing.<\/p>\n<p>En cuanto al <strong>Plan Estrat\u00e9gico<\/strong>, la redacci\u00f3n de esta hoja de ruta coincide con un momento de crecimiento de la entidad en que afronta el reto de ampliar el n\u00famero de empresas e instituciones que apoyan la cultura.<\/p>\n<p>En cuanto al <strong>Estudio de Impacto<\/strong>, ha analizado qu\u00e9 valoraci\u00f3n hacen de la Fundaci\u00f3n los colectivos que participan en sus proyectos y actividades. La finalidad de este documento ha sido principalmente evaluar las actuaciones que se han llevado a cabo y poder introducir mejoras en los casos necesarios.<\/p>\n<hr \/>\n<p><strong><br \/>\n5 conclusiones que destaca el Estudio<\/strong><\/p>\n<p>1- La tarea que desarrolla la Fundaci\u00f3n Catalunya Cultura es muy necesaria para impulsar la colaboraci\u00f3n entre el mundo de la cultura, la empresa y la sociedad civil; los diferentes grupos encuestados la valoran en m\u00e1s de 9,4\/10 puntos de media.<\/p>\n<p>2- Una iniciativa como el Programa IMPULSA CULTURA (PICO) es esencial para los proyectos culturales, con una valoraci\u00f3n mediana de 9,32\/10 puntos.<\/p>\n<p>3- El 76,4% de los participantes del PICO consideran que el Programa los ha ayudado en su propuesta cultural de manera notable o excelente.<\/p>\n<p>4- Las empresas valoran muy positivamente (9,31\/10) que la Fundaci\u00f3n asuma el rol de liderazgo para cambiar la actual Ley de Mecenazgo.<\/p>\n<p>5- El n\u00famero de noticias sobre la actividad de la Fundaci\u00f3n, que hasta el mes de junio se ha difundido en medios o en canales de comunicaci\u00f3n otras instituciones, se ha incrementado 3,4 veces respecto al mismo periodo del a\u00f1o pasado.<\/p>\n","protected":false},"excerpt":{"rendered":"<p>El martes 21 de junio se ha reunido el Patronato de la Fundaci\u00f3n Catalunya Cultura, el \u00f3rgano de gobierno y administraci\u00f3n que integran las empresas fundadoras e impulsoras de la entidad. Posteriormente, se ha celebrado un encuentro con los representantes del Consejo de Mecenazgo y del Grupo de Trabajo de la Ley de Mecenazgo. A [&hellip;]<\/p>\n","protected":false},"author":1,"featured_media":0,"comment_status":"closed","ping_status":"closed","sticky":false,"template":"","format":"standard","meta":{"_acf_changed":false,"footnotes":""},"categories":[44],"class_list":["post-10189","post","type-post","status-publish","format-standard","hentry","category-noticias"],"acf":[],"yoast_head":"<!-- This site is optimized with the Yoast SEO plugin v25.1 - https:\/\/yoast.com\/wordpress\/plugins\/seo\/ -->\n<title>Reuni\u00f3n del Patronato, del Consejo de Mecenazgo y del Grupo de la Ley de Mecenazgo con la asistencia de la consellera de Cultura | Fundaci\u00f3 Catalunya Cultura<\/title>\n<meta name=\"robots\" content=\"index, follow, max-snippet:-1, max-image-preview:large, max-video-preview:-1\" \/>\n<link rel=\"canonical\" href=\"https:\/\/fundaciocatalunyacultura.cat\/es\/reunion-del-patronato-del-consejo-de-mecenazgo-y-del-grupo-de-la-ley-de-mecenazgo-con-la-asistencia-de-la-consellera-de-cultura\/\" \/>\n<meta property=\"og:locale\" content=\"es_ES\" \/>\n<meta property=\"og:type\" content=\"article\" \/>\n<meta property=\"og:title\" content=\"Reuni\u00f3n del Patronato, del Consejo de Mecenazgo y del Grupo de la Ley de Mecenazgo con la asistencia de la consellera de Cultura | Fundaci\u00f3 Catalunya Cultura\" \/>\n<meta property=\"og:description\" content=\"El martes 21 de junio se ha reunido el Patronato de la Fundaci\u00f3n Catalunya Cultura, el \u00f3rgano de gobierno y administraci\u00f3n que integran las empresas fundadoras e impulsoras de la entidad. Posteriormente, se ha celebrado un encuentro con los representantes del Consejo de Mecenazgo y del Grupo de Trabajo de la Ley de Mecenazgo. A [&hellip;]\" \/>\n<meta property=\"og:url\" content=\"https:\/\/fundaciocatalunyacultura.cat\/es\/reunion-del-patronato-del-consejo-de-mecenazgo-y-del-grupo-de-la-ley-de-mecenazgo-con-la-asistencia-de-la-consellera-de-cultura\/\" \/>\n<meta property=\"og:site_name\" content=\"Fundaci\u00f3 Catalunya Cultura\" \/>\n<meta property=\"article:publisher\" content=\"https:\/\/www.facebook.com\/fundaciocatalunyacultura\/\" \/>\n<meta property=\"article:published_time\" content=\"2022-06-21T10:29:15+00:00\" \/>\n<meta property=\"article:modified_time\" content=\"2022-06-23T07:55:04+00:00\" \/>\n<meta name=\"author\" content=\"fundacio\" \/>\n<meta name=\"twitter:card\" content=\"summary_large_image\" \/>\n<meta name=\"twitter:creator\" content=\"@fcatcultura\" \/>\n<meta name=\"twitter:site\" content=\"@fcatcultura\" \/>\n<meta name=\"twitter:label1\" content=\"Escrito por\" \/>\n\t<meta name=\"twitter:data1\" content=\"fundacio\" \/>\n\t<meta name=\"twitter:label2\" content=\"Tiempo de lectura\" \/>\n\t<meta name=\"twitter:data2\" content=\"3 minutos\" \/>\n<script type=\"application\/ld+json\" class=\"yoast-schema-graph\">{\"@context\":\"https:\/\/schema.org\",\"@graph\":[{\"@type\":\"Article\",\"@id\":\"https:\/\/fundaciocatalunyacultura.cat\/es\/reunion-del-patronato-del-consejo-de-mecenazgo-y-del-grupo-de-la-ley-de-mecenazgo-con-la-asistencia-de-la-consellera-de-cultura\/#article\",\"isPartOf\":{\"@id\":\"https:\/\/fundaciocatalunyacultura.cat\/es\/reunion-del-patronato-del-consejo-de-mecenazgo-y-del-grupo-de-la-ley-de-mecenazgo-con-la-asistencia-de-la-consellera-de-cultura\/\"},\"author\":{\"name\":\"fundacio\",\"@id\":\"https:\/\/www.fundaciocatalunyacultura.cat\/#\/schema\/person\/f30f60b8448aa2c1761a644f652a4744\"},\"headline\":\"Reuni\u00f3n del Patronato, del Consejo de Mecenazgo y del Grupo de la Ley de Mecenazgo con la asistencia de la consellera de Cultura\",\"datePublished\":\"2022-06-21T10:29:15+00:00\",\"dateModified\":\"2022-06-23T07:55:04+00:00\",\"mainEntityOfPage\":{\"@id\":\"https:\/\/fundaciocatalunyacultura.cat\/es\/reunion-del-patronato-del-consejo-de-mecenazgo-y-del-grupo-de-la-ley-de-mecenazgo-con-la-asistencia-de-la-consellera-de-cultura\/\"},\"wordCount\":416,\"publisher\":{\"@id\":\"https:\/\/www.fundaciocatalunyacultura.cat\/#organization\"},\"articleSection\":[\"Noticias\"],\"inLanguage\":\"es\"},{\"@type\":\"WebPage\",\"@id\":\"https:\/\/fundaciocatalunyacultura.cat\/es\/reunion-del-patronato-del-consejo-de-mecenazgo-y-del-grupo-de-la-ley-de-mecenazgo-con-la-asistencia-de-la-consellera-de-cultura\/\",\"url\":\"https:\/\/fundaciocatalunyacultura.cat\/es\/reunion-del-patronato-del-consejo-de-mecenazgo-y-del-grupo-de-la-ley-de-mecenazgo-con-la-asistencia-de-la-consellera-de-cultura\/\",\"name\":\"Reuni\u00f3n del Patronato, del Consejo de Mecenazgo y del Grupo de la Ley de Mecenazgo con la asistencia de la consellera de Cultura | Fundaci\u00f3 Catalunya Cultura\",\"isPartOf\":{\"@id\":\"https:\/\/www.fundaciocatalunyacultura.cat\/#website\"},\"datePublished\":\"2022-06-21T10:29:15+00:00\",\"dateModified\":\"2022-06-23T07:55:04+00:00\",\"breadcrumb\":{\"@id\":\"https:\/\/fundaciocatalunyacultura.cat\/es\/reunion-del-patronato-del-consejo-de-mecenazgo-y-del-grupo-de-la-ley-de-mecenazgo-con-la-asistencia-de-la-consellera-de-cultura\/#breadcrumb\"},\"inLanguage\":\"es\",\"potentialAction\":[{\"@type\":\"ReadAction\",\"target\":[\"https:\/\/fundaciocatalunyacultura.cat\/es\/reunion-del-patronato-del-consejo-de-mecenazgo-y-del-grupo-de-la-ley-de-mecenazgo-con-la-asistencia-de-la-consellera-de-cultura\/\"]}]},{\"@type\":\"BreadcrumbList\",\"@id\":\"https:\/\/fundaciocatalunyacultura.cat\/es\/reunion-del-patronato-del-consejo-de-mecenazgo-y-del-grupo-de-la-ley-de-mecenazgo-con-la-asistencia-de-la-consellera-de-cultura\/#breadcrumb\",\"itemListElement\":[{\"@type\":\"ListItem\",\"position\":1,\"name\":\"Inici\",\"item\":\"https:\/\/www.fundaciocatalunyacultura.cat\/es\/\"},{\"@type\":\"ListItem\",\"position\":2,\"name\":\"Reuni\u00f3n del Patronato, del Consejo de Mecenazgo y del Grupo de la Ley de Mecenazgo con la asistencia de la consellera de Cultura\"}]},{\"@type\":\"WebSite\",\"@id\":\"https:\/\/www.fundaciocatalunyacultura.cat\/#website\",\"url\":\"https:\/\/www.fundaciocatalunyacultura.cat\/\",\"name\":\"Fundaci\u00f3 Catalunya Cultura\",\"description\":\"\",\"publisher\":{\"@id\":\"https:\/\/www.fundaciocatalunyacultura.cat\/#organization\"},\"potentialAction\":[{\"@type\":\"SearchAction\",\"target\":{\"@type\":\"EntryPoint\",\"urlTemplate\":\"https:\/\/www.fundaciocatalunyacultura.cat\/?s={search_term_string}\"},\"query-input\":{\"@type\":\"PropertyValueSpecification\",\"valueRequired\":true,\"valueName\":\"search_term_string\"}}],\"inLanguage\":\"es\"},{\"@type\":\"Organization\",\"@id\":\"https:\/\/www.fundaciocatalunyacultura.cat\/#organization\",\"name\":\"Fundaci\u00f3 Catalunya Cultura\",\"url\":\"https:\/\/www.fundaciocatalunyacultura.cat\/\",\"logo\":{\"@type\":\"ImageObject\",\"inLanguage\":\"es\",\"@id\":\"https:\/\/www.fundaciocatalunyacultura.cat\/#\/schema\/logo\/image\/\",\"url\":\"https:\/\/hundreds-wordpress-uploads.s3.amazonaws.com\/fundacio-catalunya-cultura\/uploads\/2021\/03\/fcc_logo_blanc-scaled.jpeg\",\"contentUrl\":\"https:\/\/hundreds-wordpress-uploads.s3.amazonaws.com\/fundacio-catalunya-cultura\/uploads\/2021\/03\/fcc_logo_blanc-scaled.jpeg\",\"width\":2560,\"height\":1785,\"caption\":\"Fundaci\u00f3 Catalunya Cultura\"},\"image\":{\"@id\":\"https:\/\/www.fundaciocatalunyacultura.cat\/#\/schema\/logo\/image\/\"},\"sameAs\":[\"https:\/\/www.facebook.com\/fundaciocatalunyacultura\/\",\"https:\/\/x.com\/fcatcultura\",\"https:\/\/www.linkedin.com\/company\/fundaci\u00f3-catalunya-cultura\/\",\"https:\/\/ca.wikipedia.org\/wiki\/Fundaci\u00f3_Catalunya_Cultura\"]},{\"@type\":\"Person\",\"@id\":\"https:\/\/www.fundaciocatalunyacultura.cat\/#\/schema\/person\/f30f60b8448aa2c1761a644f652a4744\",\"name\":\"fundacio\",\"image\":{\"@type\":\"ImageObject\",\"inLanguage\":\"es\",\"@id\":\"https:\/\/www.fundaciocatalunyacultura.cat\/#\/schema\/person\/image\/\",\"url\":\"https:\/\/secure.gravatar.com\/avatar\/fe57a3f139ea81c65a338e37a8064b4e80844f839737532820c9107eb9e1966f?s=96&d=mm&r=g\",\"contentUrl\":\"https:\/\/secure.gravatar.com\/avatar\/fe57a3f139ea81c65a338e37a8064b4e80844f839737532820c9107eb9e1966f?s=96&d=mm&r=g\",\"caption\":\"fundacio\"},\"url\":\"https:\/\/fundaciocatalunyacultura.cat\/es\/author\/fundacio\/\"}]}<\/script>\n<!-- \/ Yoast SEO plugin. -->","yoast_head_json":{"title":"Reuni\u00f3n del Patronato, del Consejo de Mecenazgo y del Grupo de la Ley de Mecenazgo con la asistencia de la consellera de Cultura | Fundaci\u00f3 Catalunya Cultura","robots":{"index":"index","follow":"follow","max-snippet":"max-snippet:-1","max-image-preview":"max-image-preview:large","max-video-preview":"max-video-preview:-1"},"canonical":"https:\/\/fundaciocatalunyacultura.cat\/es\/reunion-del-patronato-del-consejo-de-mecenazgo-y-del-grupo-de-la-ley-de-mecenazgo-con-la-asistencia-de-la-consellera-de-cultura\/","og_locale":"es_ES","og_type":"article","og_title":"Reuni\u00f3n del Patronato, del Consejo de Mecenazgo y del Grupo de la Ley de Mecenazgo con la asistencia de la consellera de Cultura | Fundaci\u00f3 Catalunya Cultura","og_description":"El martes 21 de junio se ha reunido el Patronato de la Fundaci\u00f3n Catalunya Cultura, el \u00f3rgano de gobierno y administraci\u00f3n que integran las empresas fundadoras e impulsoras de la entidad. Posteriormente, se ha celebrado un encuentro con los representantes del Consejo de Mecenazgo y del Grupo de Trabajo de la Ley de Mecenazgo. A [&hellip;]","og_url":"https:\/\/fundaciocatalunyacultura.cat\/es\/reunion-del-patronato-del-consejo-de-mecenazgo-y-del-grupo-de-la-ley-de-mecenazgo-con-la-asistencia-de-la-consellera-de-cultura\/","og_site_name":"Fundaci\u00f3 Catalunya Cultura","article_publisher":"https:\/\/www.facebook.com\/fundaciocatalunyacultura\/","article_published_time":"2022-06-21T10:29:15+00:00","article_modified_time":"2022-06-23T07:55:04+00:00","author":"fundacio","twitter_card":"summary_large_image","twitter_creator":"@fcatcultura","twitter_site":"@fcatcultura","twitter_misc":{"Escrito por":"fundacio","Tiempo de lectura":"3 minutos"},"schema":{"@context":"https:\/\/schema.org","@graph":[{"@type":"Article","@id":"https:\/\/fundaciocatalunyacultura.cat\/es\/reunion-del-patronato-del-consejo-de-mecenazgo-y-del-grupo-de-la-ley-de-mecenazgo-con-la-asistencia-de-la-consellera-de-cultura\/#article","isPartOf":{"@id":"https:\/\/fundaciocatalunyacultura.cat\/es\/reunion-del-patronato-del-consejo-de-mecenazgo-y-del-grupo-de-la-ley-de-mecenazgo-con-la-asistencia-de-la-consellera-de-cultura\/"},"author":{"name":"fundacio","@id":"https:\/\/www.fundaciocatalunyacultura.cat\/#\/schema\/person\/f30f60b8448aa2c1761a644f652a4744"},"headline":"Reuni\u00f3n del Patronato, del Consejo de Mecenazgo y del Grupo de la Ley de Mecenazgo con la asistencia de la consellera de Cultura","datePublished":"2022-06-21T10:29:15+00:00","dateModified":"2022-06-23T07:55:04+00:00","mainEntityOfPage":{"@id":"https:\/\/fundaciocatalunyacultura.cat\/es\/reunion-del-patronato-del-consejo-de-mecenazgo-y-del-grupo-de-la-ley-de-mecenazgo-con-la-asistencia-de-la-consellera-de-cultura\/"},"wordCount":416,"publisher":{"@id":"https:\/\/www.fundaciocatalunyacultura.cat\/#organization"},"articleSection":["Noticias"],"inLanguage":"es"},{"@type":"WebPage","@id":"https:\/\/fundaciocatalunyacultura.cat\/es\/reunion-del-patronato-del-consejo-de-mecenazgo-y-del-grupo-de-la-ley-de-mecenazgo-con-la-asistencia-de-la-consellera-de-cultura\/","url":"https:\/\/fundaciocatalunyacultura.cat\/es\/reunion-del-patronato-del-consejo-de-mecenazgo-y-del-grupo-de-la-ley-de-mecenazgo-con-la-asistencia-de-la-consellera-de-cultura\/","name":"Reuni\u00f3n del Patronato, del Consejo de Mecenazgo y del Grupo de la Ley de Mecenazgo con la asistencia de la consellera de Cultura | Fundaci\u00f3 Catalunya Cultura","isPartOf":{"@id":"https:\/\/www.fundaciocatalunyacultura.cat\/#website"},"datePublished":"2022-06-21T10:29:15+00:00","dateModified":"2022-06-23T07:55:04+00:00","breadcrumb":{"@id":"https:\/\/fundaciocatalunyacultura.cat\/es\/reunion-del-patronato-del-consejo-de-mecenazgo-y-del-grupo-de-la-ley-de-mecenazgo-con-la-asistencia-de-la-consellera-de-cultura\/#breadcrumb"},"inLanguage":"es","potentialAction":[{"@type":"ReadAction","target":["https:\/\/fundaciocatalunyacultura.cat\/es\/reunion-del-patronato-del-consejo-de-mecenazgo-y-del-grupo-de-la-ley-de-mecenazgo-con-la-asistencia-de-la-consellera-de-cultura\/"]}]},{"@type":"BreadcrumbList","@id":"https:\/\/fundaciocatalunyacultura.cat\/es\/reunion-del-patronato-del-consejo-de-mecenazgo-y-del-grupo-de-la-ley-de-mecenazgo-con-la-asistencia-de-la-consellera-de-cultura\/#breadcrumb","itemListElement":[{"@type":"ListItem","position":1,"name":"Inici","item":"https:\/\/www.fundaciocatalunyacultura.cat\/es\/"},{"@type":"ListItem","position":2,"name":"Reuni\u00f3n del Patronato, del Consejo de Mecenazgo y del Grupo de la Ley de Mecenazgo con la asistencia de la consellera de Cultura"}]},{"@type":"WebSite","@id":"https:\/\/www.fundaciocatalunyacultura.cat\/#website","url":"https:\/\/www.fundaciocatalunyacultura.cat\/","name":"Fundaci\u00f3 Catalunya Cultura","description":"","publisher":{"@id":"https:\/\/www.fundaciocatalunyacultura.cat\/#organization"},"potentialAction":[{"@type":"SearchAction","target":{"@type":"EntryPoint","urlTemplate":"https:\/\/www.fundaciocatalunyacultura.cat\/?s={search_term_string}"},"query-input":{"@type":"PropertyValueSpecification","valueRequired":true,"valueName":"search_term_string"}}],"inLanguage":"es"},{"@type":"Organization","@id":"https:\/\/www.fundaciocatalunyacultura.cat\/#organization","name":"Fundaci\u00f3 Catalunya Cultura","url":"https:\/\/www.fundaciocatalunyacultura.cat\/","logo":{"@type":"ImageObject","inLanguage":"es","@id":"https:\/\/www.fundaciocatalunyacultura.cat\/#\/schema\/logo\/image\/","url":"https:\/\/hundreds-wordpress-uploads.s3.amazonaws.com\/fundacio-catalunya-cultura\/uploads\/2021\/03\/fcc_logo_blanc-scaled.jpeg","contentUrl":"https:\/\/hundreds-wordpress-uploads.s3.amazonaws.com\/fundacio-catalunya-cultura\/uploads\/2021\/03\/fcc_logo_blanc-scaled.jpeg","width":2560,"height":1785,"caption":"Fundaci\u00f3 Catalunya Cultura"},"image":{"@id":"https:\/\/www.fundaciocatalunyacultura.cat\/#\/schema\/logo\/image\/"},"sameAs":["https:\/\/www.facebook.com\/fundaciocatalunyacultura\/","https:\/\/x.com\/fcatcultura","https:\/\/www.linkedin.com\/company\/fundaci\u00f3-catalunya-cultura\/","https:\/\/ca.wikipedia.org\/wiki\/Fundaci\u00f3_Catalunya_Cultura"]},{"@type":"Person","@id":"https:\/\/www.fundaciocatalunyacultura.cat\/#\/schema\/person\/f30f60b8448aa2c1761a644f652a4744","name":"fundacio","image":{"@type":"ImageObject","inLanguage":"es","@id":"https:\/\/www.fundaciocatalunyacultura.cat\/#\/schema\/person\/image\/","url":"https:\/\/secure.gravatar.com\/avatar\/fe57a3f139ea81c65a338e37a8064b4e80844f839737532820c9107eb9e1966f?s=96&d=mm&r=g","contentUrl":"https:\/\/secure.gravatar.com\/avatar\/fe57a3f139ea81c65a338e37a8064b4e80844f839737532820c9107eb9e1966f?s=96&d=mm&r=g","caption":"fundacio"},"url":"https:\/\/fundaciocatalunyacultura.cat\/es\/author\/fundacio\/"}]}},"_links":{"self":[{"href":"https:\/\/fundaciocatalunyacultura.cat\/es\/wp-json\/wp\/v2\/posts\/10189","targetHints":{"allow":["GET"]}}],"collection":[{"href":"https:\/\/fundaciocatalunyacultura.cat\/es\/wp-json\/wp\/v2\/posts"}],"about":[{"href":"https:\/\/fundaciocatalunyacultura.cat\/es\/wp-json\/wp\/v2\/types\/post"}],"author":[{"embeddable":true,"href":"https:\/\/fundaciocatalunyacultura.cat\/es\/wp-json\/wp\/v2\/users\/1"}],"replies":[{"embeddable":true,"href":"https:\/\/fundaciocatalunyacultura.cat\/es\/wp-json\/wp\/v2\/comments?post=10189"}],"version-history":[{"count":4,"href":"https:\/\/fundaciocatalunyacultura.cat\/es\/wp-json\/wp\/v2\/posts\/10189\/revisions"}],"predecessor-version":[{"id":10208,"href":"https:\/\/fundaciocatalunyacultura.cat\/es\/wp-json\/wp\/v2\/posts\/10189\/revisions\/10208"}],"wp:attachment":[{"href":"https:\/\/fundaciocatalunyacultura.cat\/es\/wp-json\/wp\/v2\/media?parent=10189"}],"wp:term":[{"taxonomy":"category","embeddable":true,"href":"https:\/\/fundaciocatalunyacultura.cat\/es\/wp-json\/wp\/v2\/categories?post=10189"}],"curies":[{"name":"wp","href":"https:\/\/api.w.org\/{rel}","templated":true}]}}